{"id":1179,"date":"2019-02-20T10:28:17","date_gmt":"2019-02-20T09:28:17","guid":{"rendered":"https:\/\/www.dansometre.ch\/?p=1179"},"modified":"2019-06-25T15:56:12","modified_gmt":"2019-06-25T13:56:12","slug":"portes-ouvertes-brunch-3","status":"publish","type":"post","link":"https:\/\/www.dansometre.ch\/en\/archives\/archives-activites\/portes-ouvertes-brunch-3\/","title":{"rendered":"Portes ouvertes &#038; brunch"},"content":{"rendered":"<p align=\"justify\">Le projet, entre installation vivante et Tanztheater, retrace certains des clich\u00e9s de l\u2019oeuvre photographique de Francesca Woodman afin de partager la puissance de sa qu\u00eate identitaire avec le public. Cette artiste n\u2019a pas seulement \u00e9labor\u00e9 une esth\u00e9tique tr\u00e8s personnelle et inspirante (dont les influences sont encore actives de nos jours), mais elle a su poser des questions essentielles sur la position de la femme dans la soci\u00e9t\u00e9 et sur son droit \u00e0 disposer de son corps dans le contexte des ann\u00e9es \u201970. Anim\u00e9e par son travail, je me plonge alors dans une recherche ayant pour but de comprendre\u00a0 quelle est la position de la femme aujourd\u2019hui. Je cherche, au moyen de ma propre image, \u00e0 soulever des questions sur le droit de chacun \u00e0 disposer de son\u00a0 corps comme il le souhaite. Ce projet est une investigation sur la relation que le st\u00e9r\u00e9otype f\u00e9minin entretient avec son environnement.<\/p>\n<p align=\"justify\">Inscriptions: <a href=\"mailto:info@dansometre.ch\">info@dansometre.ch<\/a><\/p>\n","protected":false},"excerpt":{"rendered":"<p>Le projet, entre installation vivante et Tanztheater, retrace certains des clich\u00e9s de l\u2019oeuvre photographique de Francesca Woodman afin de partager la puissance de sa qu\u00eate identitaire avec le public. Cette artiste n\u2019a pas seulement \u00e9labor\u00e9 une esth\u00e9tique tr\u00e8s personnelle et inspirante (dont les influences sont encore actives de nos jours), mais elle a su poser [&hellip;]<\/p>\n","protected":false},"author":2,"featured_media":1137,"comment_status":"closed","ping_status":"closed","sticky":false,"template":"","format":"standard","meta":{"_acf_changed":false,"inline_featured_image":false,"footnotes":""},"categories":[22],"tags":[],"class_list":["post-1179","post","type-post","status-publish","format-standard","has-post-thumbnail","hentry","category-archives-activites"],"acf":[],"mb":[],"yoast_head":"<!-- This site is optimized with the Yoast SEO plugin v27.3 - https:\/\/yoast.com\/product\/yoast-seo-wordpress\/ -->\n<title>Portes ouvertes &amp; brunch - DANSOM\u00c8TRE - espace de cr\u00e9ation chor\u00e9graphique - VEVEY<\/title>\n<meta name=\"robots\" content=\"index, follow, max-snippet:-1, max-image-preview:large, max-video-preview:-1\" \/>\n<link rel=\"canonical\" href=\"https:\/\/www.dansometre.ch\/en\/archives\/archives-activites\/portes-ouvertes-brunch-3\/\" \/>\n<meta property=\"og:locale\" content=\"en_US\" \/>\n<meta property=\"og:type\" content=\"article\" \/>\n<meta property=\"og:title\" content=\"Portes ouvertes &amp; brunch - DANSOM\u00c8TRE - espace de cr\u00e9ation chor\u00e9graphique - VEVEY\" \/>\n<meta property=\"og:description\" content=\"Le projet, entre installation vivante et Tanztheater, retrace certains des clich\u00e9s de l\u2019oeuvre photographique de Francesca Woodman afin de partager la puissance de sa qu\u00eate identitaire avec le public. Cette artiste n\u2019a pas seulement \u00e9labor\u00e9 une esth\u00e9tique tr\u00e8s personnelle et inspirante (dont les influences sont encore actives de nos jours), mais elle a su poser [&hellip;]\" \/>\n<meta property=\"og:url\" content=\"https:\/\/www.dansometre.ch\/en\/archives\/archives-activites\/portes-ouvertes-brunch-3\/\" \/>\n<meta property=\"og:site_name\" content=\"DANSOM\u00c8TRE - espace de cr\u00e9ation chor\u00e9graphique - VEVEY\" \/>\n<meta property=\"article:published_time\" content=\"2019-02-20T09:28:17+00:00\" \/>\n<meta property=\"article:modified_time\" content=\"2019-06-25T13:56:12+00:00\" \/>\n<meta property=\"og:image\" content=\"https:\/\/www.dansometre.ch\/wp-content\/uploads\/TDU.jpg\" \/>\n\t<meta property=\"og:image:width\" content=\"344\" \/>\n\t<meta property=\"og:image:height\" content=\"459\" \/>\n\t<meta property=\"og:image:type\" content=\"image\/jpeg\" \/>\n<meta name=\"author\" content=\"jasmine\" \/>\n<meta name=\"twitter:card\" content=\"summary_large_image\" \/>\n<meta name=\"twitter:label1\" content=\"Written by\" \/>\n\t<meta name=\"twitter:data1\" content=\"jasmine\" \/>\n\t<meta name=\"twitter:label2\" content=\"Est. reading time\" \/>\n\t<meta name=\"twitter:data2\" content=\"1 minute\" \/>\n<script type=\"application\/ld+json\" class=\"yoast-schema-graph\">{\"@context\":\"https:\\\/\\\/schema.org\",\"@graph\":[{\"@type\":\"Article\",\"@id\":\"https:\\\/\\\/www.dansometre.ch\\\/en\\\/archives\\\/archives-activites\\\/portes-ouvertes-brunch-3\\\/#article\",\"isPartOf\":{\"@id\":\"https:\\\/\\\/www.dansometre.ch\\\/en\\\/archives\\\/archives-activites\\\/portes-ouvertes-brunch-3\\\/\"},\"author\":{\"name\":\"jasmine\",\"@id\":\"https:\\\/\\\/www.dansometre.ch\\\/en\\\/#\\\/schema\\\/person\\\/e4a492ad0b0cb31374af62cb03e5a050\"},\"headline\":\"Portes ouvertes &#038; brunch\",\"datePublished\":\"2019-02-20T09:28:17+00:00\",\"dateModified\":\"2019-06-25T13:56:12+00:00\",\"mainEntityOfPage\":{\"@id\":\"https:\\\/\\\/www.dansometre.ch\\\/en\\\/archives\\\/archives-activites\\\/portes-ouvertes-brunch-3\\\/\"},\"wordCount\":164,\"publisher\":{\"@id\":\"https:\\\/\\\/www.dansometre.ch\\\/en\\\/#organization\"},\"image\":{\"@id\":\"https:\\\/\\\/www.dansometre.ch\\\/en\\\/archives\\\/archives-activites\\\/portes-ouvertes-brunch-3\\\/#primaryimage\"},\"thumbnailUrl\":\"https:\\\/\\\/www.dansometre.ch\\\/wp-content\\\/uploads\\\/TDU.jpg\",\"articleSection\":[\"Archives Activit\u00e9s\"],\"inLanguage\":\"en-US\"},{\"@type\":\"WebPage\",\"@id\":\"https:\\\/\\\/www.dansometre.ch\\\/en\\\/archives\\\/archives-activites\\\/portes-ouvertes-brunch-3\\\/\",\"url\":\"https:\\\/\\\/www.dansometre.ch\\\/en\\\/archives\\\/archives-activites\\\/portes-ouvertes-brunch-3\\\/\",\"name\":\"Portes ouvertes & brunch - DANSOM\u00c8TRE - espace de cr\u00e9ation chor\u00e9graphique - VEVEY\",\"isPartOf\":{\"@id\":\"https:\\\/\\\/www.dansometre.ch\\\/en\\\/#website\"},\"primaryImageOfPage\":{\"@id\":\"https:\\\/\\\/www.dansometre.ch\\\/en\\\/archives\\\/archives-activites\\\/portes-ouvertes-brunch-3\\\/#primaryimage\"},\"image\":{\"@id\":\"https:\\\/\\\/www.dansometre.ch\\\/en\\\/archives\\\/archives-activites\\\/portes-ouvertes-brunch-3\\\/#primaryimage\"},\"thumbnailUrl\":\"https:\\\/\\\/www.dansometre.ch\\\/wp-content\\\/uploads\\\/TDU.jpg\",\"datePublished\":\"2019-02-20T09:28:17+00:00\",\"dateModified\":\"2019-06-25T13:56:12+00:00\",\"breadcrumb\":{\"@id\":\"https:\\\/\\\/www.dansometre.ch\\\/en\\\/archives\\\/archives-activites\\\/portes-ouvertes-brunch-3\\\/#breadcrumb\"},\"inLanguage\":\"en-US\",\"potentialAction\":[{\"@type\":\"ReadAction\",\"target\":[\"https:\\\/\\\/www.dansometre.ch\\\/en\\\/archives\\\/archives-activites\\\/portes-ouvertes-brunch-3\\\/\"]}]},{\"@type\":\"ImageObject\",\"inLanguage\":\"en-US\",\"@id\":\"https:\\\/\\\/www.dansometre.ch\\\/en\\\/archives\\\/archives-activites\\\/portes-ouvertes-brunch-3\\\/#primaryimage\",\"url\":\"https:\\\/\\\/www.dansometre.ch\\\/wp-content\\\/uploads\\\/TDU.jpg\",\"contentUrl\":\"https:\\\/\\\/www.dansometre.ch\\\/wp-content\\\/uploads\\\/TDU.jpg\",\"width\":344,\"height\":459},{\"@type\":\"BreadcrumbList\",\"@id\":\"https:\\\/\\\/www.dansometre.ch\\\/en\\\/archives\\\/archives-activites\\\/portes-ouvertes-brunch-3\\\/#breadcrumb\",\"itemListElement\":[{\"@type\":\"ListItem\",\"position\":1,\"name\":\"Accueil\",\"item\":\"https:\\\/\\\/www.dansometre.ch\\\/en\\\/\"},{\"@type\":\"ListItem\",\"position\":2,\"name\":\"Portes ouvertes &#038; brunch\"}]},{\"@type\":\"WebSite\",\"@id\":\"https:\\\/\\\/www.dansometre.ch\\\/en\\\/#website\",\"url\":\"https:\\\/\\\/www.dansometre.ch\\\/en\\\/\",\"name\":\"DANSOM\u00c8TRE - espace de cr\u00e9ation chor\u00e9graphique - VEVEY\",\"description\":\"\",\"publisher\":{\"@id\":\"https:\\\/\\\/www.dansometre.ch\\\/en\\\/#organization\"},\"potentialAction\":[{\"@type\":\"SearchAction\",\"target\":{\"@type\":\"EntryPoint\",\"urlTemplate\":\"https:\\\/\\\/www.dansometre.ch\\\/en\\\/?s={search_term_string}\"},\"query-input\":{\"@type\":\"PropertyValueSpecification\",\"valueRequired\":true,\"valueName\":\"search_term_string\"}}],\"inLanguage\":\"en-US\"},{\"@type\":\"Organization\",\"@id\":\"https:\\\/\\\/www.dansometre.ch\\\/en\\\/#organization\",\"name\":\"DANSOM\u00c8TRE - espace de cr\u00e9ation chor\u00e9graphique - VEVEY\",\"url\":\"https:\\\/\\\/www.dansometre.ch\\\/en\\\/\",\"logo\":{\"@type\":\"ImageObject\",\"inLanguage\":\"en-US\",\"@id\":\"https:\\\/\\\/www.dansometre.ch\\\/en\\\/#\\\/schema\\\/logo\\\/image\\\/\",\"url\":\"https:\\\/\\\/www.dansometre.ch\\\/wp-content\\\/uploads\\\/favicon.png\",\"contentUrl\":\"https:\\\/\\\/www.dansometre.ch\\\/wp-content\\\/uploads\\\/favicon.png\",\"width\":1200,\"height\":1200,\"caption\":\"DANSOM\u00c8TRE - espace de cr\u00e9ation chor\u00e9graphique - VEVEY\"},\"image\":{\"@id\":\"https:\\\/\\\/www.dansometre.ch\\\/en\\\/#\\\/schema\\\/logo\\\/image\\\/\"}},{\"@type\":\"Person\",\"@id\":\"https:\\\/\\\/www.dansometre.ch\\\/en\\\/#\\\/schema\\\/person\\\/e4a492ad0b0cb31374af62cb03e5a050\",\"name\":\"jasmine\",\"image\":{\"@type\":\"ImageObject\",\"inLanguage\":\"en-US\",\"@id\":\"https:\\\/\\\/secure.gravatar.com\\\/avatar\\\/17af7ce1d97fddf2be9fcb6d28b59eda9f84b49e46ceb695d1455b7c5437fcc4?s=96&d=mm&r=g\",\"url\":\"https:\\\/\\\/secure.gravatar.com\\\/avatar\\\/17af7ce1d97fddf2be9fcb6d28b59eda9f84b49e46ceb695d1455b7c5437fcc4?s=96&d=mm&r=g\",\"contentUrl\":\"https:\\\/\\\/secure.gravatar.com\\\/avatar\\\/17af7ce1d97fddf2be9fcb6d28b59eda9f84b49e46ceb695d1455b7c5437fcc4?s=96&d=mm&r=g\",\"caption\":\"jasmine\"},\"url\":\"https:\\\/\\\/www.dansometre.ch\\\/en\\\/author\\\/jasmine\\\/\"}]}<\/script>\n<!-- \/ Yoast SEO plugin. -->","yoast_head_json":{"title":"Portes ouvertes & brunch - DANSOM\u00c8TRE - espace de cr\u00e9ation chor\u00e9graphique - VEVEY","robots":{"index":"index","follow":"follow","max-snippet":"max-snippet:-1","max-image-preview":"max-image-preview:large","max-video-preview":"max-video-preview:-1"},"canonical":"https:\/\/www.dansometre.ch\/en\/archives\/archives-activites\/portes-ouvertes-brunch-3\/","og_locale":"en_US","og_type":"article","og_title":"Portes ouvertes & brunch - DANSOM\u00c8TRE - espace de cr\u00e9ation chor\u00e9graphique - VEVEY","og_description":"Le projet, entre installation vivante et Tanztheater, retrace certains des clich\u00e9s de l\u2019oeuvre photographique de Francesca Woodman afin de partager la puissance de sa qu\u00eate identitaire avec le public. Cette artiste n\u2019a pas seulement \u00e9labor\u00e9 une esth\u00e9tique tr\u00e8s personnelle et inspirante (dont les influences sont encore actives de nos jours), mais elle a su poser [&hellip;]","og_url":"https:\/\/www.dansometre.ch\/en\/archives\/archives-activites\/portes-ouvertes-brunch-3\/","og_site_name":"DANSOM\u00c8TRE - espace de cr\u00e9ation chor\u00e9graphique - VEVEY","article_published_time":"2019-02-20T09:28:17+00:00","article_modified_time":"2019-06-25T13:56:12+00:00","og_image":[{"width":344,"height":459,"url":"https:\/\/www.dansometre.ch\/wp-content\/uploads\/TDU.jpg","type":"image\/jpeg"}],"author":"jasmine","twitter_card":"summary_large_image","twitter_misc":{"Written by":"jasmine","Est. reading time":"1 minute"},"schema":{"@context":"https:\/\/schema.org","@graph":[{"@type":"Article","@id":"https:\/\/www.dansometre.ch\/en\/archives\/archives-activites\/portes-ouvertes-brunch-3\/#article","isPartOf":{"@id":"https:\/\/www.dansometre.ch\/en\/archives\/archives-activites\/portes-ouvertes-brunch-3\/"},"author":{"name":"jasmine","@id":"https:\/\/www.dansometre.ch\/en\/#\/schema\/person\/e4a492ad0b0cb31374af62cb03e5a050"},"headline":"Portes ouvertes &#038; brunch","datePublished":"2019-02-20T09:28:17+00:00","dateModified":"2019-06-25T13:56:12+00:00","mainEntityOfPage":{"@id":"https:\/\/www.dansometre.ch\/en\/archives\/archives-activites\/portes-ouvertes-brunch-3\/"},"wordCount":164,"publisher":{"@id":"https:\/\/www.dansometre.ch\/en\/#organization"},"image":{"@id":"https:\/\/www.dansometre.ch\/en\/archives\/archives-activites\/portes-ouvertes-brunch-3\/#primaryimage"},"thumbnailUrl":"https:\/\/www.dansometre.ch\/wp-content\/uploads\/TDU.jpg","articleSection":["Archives Activit\u00e9s"],"inLanguage":"en-US"},{"@type":"WebPage","@id":"https:\/\/www.dansometre.ch\/en\/archives\/archives-activites\/portes-ouvertes-brunch-3\/","url":"https:\/\/www.dansometre.ch\/en\/archives\/archives-activites\/portes-ouvertes-brunch-3\/","name":"Portes ouvertes & brunch - DANSOM\u00c8TRE - espace de cr\u00e9ation chor\u00e9graphique - VEVEY","isPartOf":{"@id":"https:\/\/www.dansometre.ch\/en\/#website"},"primaryImageOfPage":{"@id":"https:\/\/www.dansometre.ch\/en\/archives\/archives-activites\/portes-ouvertes-brunch-3\/#primaryimage"},"image":{"@id":"https:\/\/www.dansometre.ch\/en\/archives\/archives-activites\/portes-ouvertes-brunch-3\/#primaryimage"},"thumbnailUrl":"https:\/\/www.dansometre.ch\/wp-content\/uploads\/TDU.jpg","datePublished":"2019-02-20T09:28:17+00:00","dateModified":"2019-06-25T13:56:12+00:00","breadcrumb":{"@id":"https:\/\/www.dansometre.ch\/en\/archives\/archives-activites\/portes-ouvertes-brunch-3\/#breadcrumb"},"inLanguage":"en-US","potentialAction":[{"@type":"ReadAction","target":["https:\/\/www.dansometre.ch\/en\/archives\/archives-activites\/portes-ouvertes-brunch-3\/"]}]},{"@type":"ImageObject","inLanguage":"en-US","@id":"https:\/\/www.dansometre.ch\/en\/archives\/archives-activites\/portes-ouvertes-brunch-3\/#primaryimage","url":"https:\/\/www.dansometre.ch\/wp-content\/uploads\/TDU.jpg","contentUrl":"https:\/\/www.dansometre.ch\/wp-content\/uploads\/TDU.jpg","width":344,"height":459},{"@type":"BreadcrumbList","@id":"https:\/\/www.dansometre.ch\/en\/archives\/archives-activites\/portes-ouvertes-brunch-3\/#breadcrumb","itemListElement":[{"@type":"ListItem","position":1,"name":"Accueil","item":"https:\/\/www.dansometre.ch\/en\/"},{"@type":"ListItem","position":2,"name":"Portes ouvertes &#038; brunch"}]},{"@type":"WebSite","@id":"https:\/\/www.dansometre.ch\/en\/#website","url":"https:\/\/www.dansometre.ch\/en\/","name":"DANSOM\u00c8TRE - espace de cr\u00e9ation chor\u00e9graphique - VEVEY","description":"","publisher":{"@id":"https:\/\/www.dansometre.ch\/en\/#organization"},"potentialAction":[{"@type":"SearchAction","target":{"@type":"EntryPoint","urlTemplate":"https:\/\/www.dansometre.ch\/en\/?s={search_term_string}"},"query-input":{"@type":"PropertyValueSpecification","valueRequired":true,"valueName":"search_term_string"}}],"inLanguage":"en-US"},{"@type":"Organization","@id":"https:\/\/www.dansometre.ch\/en\/#organization","name":"DANSOM\u00c8TRE - espace de cr\u00e9ation chor\u00e9graphique - VEVEY","url":"https:\/\/www.dansometre.ch\/en\/","logo":{"@type":"ImageObject","inLanguage":"en-US","@id":"https:\/\/www.dansometre.ch\/en\/#\/schema\/logo\/image\/","url":"https:\/\/www.dansometre.ch\/wp-content\/uploads\/favicon.png","contentUrl":"https:\/\/www.dansometre.ch\/wp-content\/uploads\/favicon.png","width":1200,"height":1200,"caption":"DANSOM\u00c8TRE - espace de cr\u00e9ation chor\u00e9graphique - VEVEY"},"image":{"@id":"https:\/\/www.dansometre.ch\/en\/#\/schema\/logo\/image\/"}},{"@type":"Person","@id":"https:\/\/www.dansometre.ch\/en\/#\/schema\/person\/e4a492ad0b0cb31374af62cb03e5a050","name":"jasmine","image":{"@type":"ImageObject","inLanguage":"en-US","@id":"https:\/\/secure.gravatar.com\/avatar\/17af7ce1d97fddf2be9fcb6d28b59eda9f84b49e46ceb695d1455b7c5437fcc4?s=96&d=mm&r=g","url":"https:\/\/secure.gravatar.com\/avatar\/17af7ce1d97fddf2be9fcb6d28b59eda9f84b49e46ceb695d1455b7c5437fcc4?s=96&d=mm&r=g","contentUrl":"https:\/\/secure.gravatar.com\/avatar\/17af7ce1d97fddf2be9fcb6d28b59eda9f84b49e46ceb695d1455b7c5437fcc4?s=96&d=mm&r=g","caption":"jasmine"},"url":"https:\/\/www.dansometre.ch\/en\/author\/jasmine\/"}]}},"mfb_rest_fields":["title","yoast_head","yoast_head_json"],"_links":{"self":[{"href":"https:\/\/www.dansometre.ch\/en\/wp-json\/wp\/v2\/posts\/1179","targetHints":{"allow":["GET"]}}],"collection":[{"href":"https:\/\/www.dansometre.ch\/en\/wp-json\/wp\/v2\/posts"}],"about":[{"href":"https:\/\/www.dansometre.ch\/en\/wp-json\/wp\/v2\/types\/post"}],"author":[{"embeddable":true,"href":"https:\/\/www.dansometre.ch\/en\/wp-json\/wp\/v2\/users\/2"}],"replies":[{"embeddable":true,"href":"https:\/\/www.dansometre.ch\/en\/wp-json\/wp\/v2\/comments?post=1179"}],"version-history":[{"count":2,"href":"https:\/\/www.dansometre.ch\/en\/wp-json\/wp\/v2\/posts\/1179\/revisions"}],"predecessor-version":[{"id":1181,"href":"https:\/\/www.dansometre.ch\/en\/wp-json\/wp\/v2\/posts\/1179\/revisions\/1181"}],"wp:featuredmedia":[{"embeddable":true,"href":"https:\/\/www.dansometre.ch\/en\/wp-json\/wp\/v2\/media\/1137"}],"wp:attachment":[{"href":"https:\/\/www.dansometre.ch\/en\/wp-json\/wp\/v2\/media?parent=1179"}],"wp:term":[{"taxonomy":"category","embeddable":true,"href":"https:\/\/www.dansometre.ch\/en\/wp-json\/wp\/v2\/categories?post=1179"},{"taxonomy":"post_tag","embeddable":true,"href":"https:\/\/www.dansometre.ch\/en\/wp-json\/wp\/v2\/tags?post=1179"}],"curies":[{"name":"wp","href":"https:\/\/api.w.org\/{rel}","templated":true}]}}