{"id":1258,"date":"2019-06-25T16:32:53","date_gmt":"2019-06-25T14:32:53","guid":{"rendered":"https:\/\/www.dansometre.ch\/?p=1258"},"modified":"2020-03-12T16:38:24","modified_gmt":"2020-03-12T15:38:24","slug":"cie-urf-2","status":"publish","type":"post","link":"https:\/\/www.dansometre.ch\/en\/archives\/archives-residences\/archives-18-19\/cie-urf-2\/","title":{"rendered":"Cie \u00dcrf"},"content":{"rendered":"<div><\/div>\n<div><\/div>\n<div><\/div>\n<div><\/div>\n<div>Elle dit avec fiert\u00e9: je suis un gar\u00e7on!<\/div>\n<div><\/div>\n<div>Elle est forte et elle n\u2019a pas peur.<\/div>\n<div>Elle est une rebelle !<\/div>\n<div>Elle dispose librement de son \u00e9nergie.<\/div>\n<div>Elle aimerait se battre et lutter pour sa parole, pour la parole de ses amis, pour la parole de ceux qu\u2019elle ne conna\u00eet pas et pour ceux qui n\u2019ont pas droit \u00e0 la parole.<\/div>\n<div>Elle aimerait changer sa vie&nbsp;et elle aimerait changer le monde!<\/div>\n<div><\/div>\n<div>Elle est b\u00e8gue et diagnostiqu\u00e9e hyperactive.<\/div>\n<div>Elle est cat\u00e9goris\u00e9e en tant qu\u2019<i>enfant difficile<\/i>.<\/div>\n<div><\/div>\n<div><\/div>\n<div><i>Camille <\/i>est une pi\u00e8ce qui s\u2019inspire de mon souvenir d\u2019une jeune fille rencontr\u00e9e dans une&nbsp;institution pour enfants en difficult\u00e9.<\/div>\n<p>&nbsp;<\/p>\n<div>Cr\u00e9ation, direction et chor\u00e9graphie: <strong>Sarah Bucher<\/strong><\/div>\n<div>Cr\u00e9ation et interpr\u00e9tation sonore: <strong>Jules Martinet<\/strong><\/div>\n<div>Regards ext\u00e9rieurs: <strong>Dominique Falquet, Gregory Stauffer<\/strong><\/div>\n<p>&nbsp;<\/p>\n<div>Avec le soutien du prix du domaine Musique et Arts de la sc\u00e8ne 2017<\/div>\n<div>R\u00e9sidences: Th\u00e9\u00e2tre S\u00e9velin 36, Annexe 36, La Manufacture<\/div>\n<p>&nbsp;<\/p>\n<div>Cr\u00e9dit photo&nbsp;: \u00a9Pauline Deutsch<\/div>\n","protected":false},"excerpt":{"rendered":"<p>Elle dit avec fiert\u00e9: je suis un gar\u00e7on! Elle est forte et elle n\u2019a pas peur. Elle est une rebelle ! Elle dispose librement de son \u00e9nergie. Elle aimerait se battre et lutter pour sa parole, pour la parole de ses amis, pour la parole de ceux qu\u2019elle ne conna\u00eet pas et pour ceux qui [&hellip;]<\/p>\n","protected":false},"author":2,"featured_media":1259,"comment_status":"closed","ping_status":"closed","sticky":false,"template":"","format":"standard","meta":{"_acf_changed":false,"inline_featured_image":false,"footnotes":""},"categories":[30],"tags":[],"class_list":["post-1258","post","type-post","status-publish","format-standard","has-post-thumbnail","hentry","category-archives-18-19"],"acf":[],"mb":[],"yoast_head":"<!-- This site is optimized with the Yoast SEO plugin v27.3 - https:\/\/yoast.com\/product\/yoast-seo-wordpress\/ -->\n<title>Cie \u00dcrf - DANSOM\u00c8TRE - espace de cr\u00e9ation chor\u00e9graphique - VEVEY<\/title>\n<meta name=\"robots\" content=\"index, follow, max-snippet:-1, max-image-preview:large, max-video-preview:-1\" \/>\n<link rel=\"canonical\" href=\"https:\/\/www.dansometre.ch\/en\/archives\/archives-residences\/archives-18-19\/cie-urf-2\/\" \/>\n<meta property=\"og:locale\" content=\"en_US\" \/>\n<meta property=\"og:type\" content=\"article\" \/>\n<meta property=\"og:title\" content=\"Cie \u00dcrf - DANSOM\u00c8TRE - espace de cr\u00e9ation chor\u00e9graphique - VEVEY\" \/>\n<meta property=\"og:description\" content=\"Elle dit avec fiert\u00e9: je suis un gar\u00e7on! Elle est forte et elle n\u2019a pas peur. Elle est une rebelle ! Elle dispose librement de son \u00e9nergie. Elle aimerait se battre et lutter pour sa parole, pour la parole de ses amis, pour la parole de ceux qu\u2019elle ne conna\u00eet pas et pour ceux qui [&hellip;]\" \/>\n<meta property=\"og:url\" content=\"https:\/\/www.dansometre.ch\/en\/archives\/archives-residences\/archives-18-19\/cie-urf-2\/\" \/>\n<meta property=\"og:site_name\" content=\"DANSOM\u00c8TRE - espace de cr\u00e9ation chor\u00e9graphique - VEVEY\" \/>\n<meta property=\"article:published_time\" content=\"2019-06-25T14:32:53+00:00\" \/>\n<meta property=\"article:modified_time\" content=\"2020-03-12T15:38:24+00:00\" \/>\n<meta property=\"og:image\" content=\"https:\/\/www.dansometre.ch\/wp-content\/uploads\/Camille.jpeg\" \/>\n\t<meta property=\"og:image:width\" content=\"640\" \/>\n\t<meta property=\"og:image:height\" content=\"381\" \/>\n\t<meta property=\"og:image:type\" content=\"image\/jpeg\" \/>\n<meta name=\"author\" content=\"jasmine\" \/>\n<meta name=\"twitter:card\" content=\"summary_large_image\" \/>\n<meta name=\"twitter:label1\" content=\"Written by\" \/>\n\t<meta name=\"twitter:data1\" content=\"jasmine\" \/>\n\t<meta name=\"twitter:label2\" content=\"Est. reading time\" \/>\n\t<meta name=\"twitter:data2\" content=\"1 minute\" \/>\n<script type=\"application\/ld+json\" class=\"yoast-schema-graph\">{\"@context\":\"https:\\\/\\\/schema.org\",\"@graph\":[{\"@type\":\"Article\",\"@id\":\"https:\\\/\\\/www.dansometre.ch\\\/en\\\/archives\\\/archives-residences\\\/archives-18-19\\\/cie-urf-2\\\/#article\",\"isPartOf\":{\"@id\":\"https:\\\/\\\/www.dansometre.ch\\\/en\\\/archives\\\/archives-residences\\\/archives-18-19\\\/cie-urf-2\\\/\"},\"author\":{\"name\":\"jasmine\",\"@id\":\"https:\\\/\\\/www.dansometre.ch\\\/en\\\/#\\\/schema\\\/person\\\/e4a492ad0b0cb31374af62cb03e5a050\"},\"headline\":\"Cie \u00dcrf\",\"datePublished\":\"2019-06-25T14:32:53+00:00\",\"dateModified\":\"2020-03-12T15:38:24+00:00\",\"mainEntityOfPage\":{\"@id\":\"https:\\\/\\\/www.dansometre.ch\\\/en\\\/archives\\\/archives-residences\\\/archives-18-19\\\/cie-urf-2\\\/\"},\"wordCount\":176,\"publisher\":{\"@id\":\"https:\\\/\\\/www.dansometre.ch\\\/en\\\/#organization\"},\"image\":{\"@id\":\"https:\\\/\\\/www.dansometre.ch\\\/en\\\/archives\\\/archives-residences\\\/archives-18-19\\\/cie-urf-2\\\/#primaryimage\"},\"thumbnailUrl\":\"https:\\\/\\\/www.dansometre.ch\\\/wp-content\\\/uploads\\\/Camille.jpeg\",\"articleSection\":[\"Archives 18\\\/19\"],\"inLanguage\":\"en-US\"},{\"@type\":\"WebPage\",\"@id\":\"https:\\\/\\\/www.dansometre.ch\\\/en\\\/archives\\\/archives-residences\\\/archives-18-19\\\/cie-urf-2\\\/\",\"url\":\"https:\\\/\\\/www.dansometre.ch\\\/en\\\/archives\\\/archives-residences\\\/archives-18-19\\\/cie-urf-2\\\/\",\"name\":\"Cie \u00dcrf - DANSOM\u00c8TRE - espace de cr\u00e9ation chor\u00e9graphique - VEVEY\",\"isPartOf\":{\"@id\":\"https:\\\/\\\/www.dansometre.ch\\\/en\\\/#website\"},\"primaryImageOfPage\":{\"@id\":\"https:\\\/\\\/www.dansometre.ch\\\/en\\\/archives\\\/archives-residences\\\/archives-18-19\\\/cie-urf-2\\\/#primaryimage\"},\"image\":{\"@id\":\"https:\\\/\\\/www.dansometre.ch\\\/en\\\/archives\\\/archives-residences\\\/archives-18-19\\\/cie-urf-2\\\/#primaryimage\"},\"thumbnailUrl\":\"https:\\\/\\\/www.dansometre.ch\\\/wp-content\\\/uploads\\\/Camille.jpeg\",\"datePublished\":\"2019-06-25T14:32:53+00:00\",\"dateModified\":\"2020-03-12T15:38:24+00:00\",\"breadcrumb\":{\"@id\":\"https:\\\/\\\/www.dansometre.ch\\\/en\\\/archives\\\/archives-residences\\\/archives-18-19\\\/cie-urf-2\\\/#breadcrumb\"},\"inLanguage\":\"en-US\",\"potentialAction\":[{\"@type\":\"ReadAction\",\"target\":[\"https:\\\/\\\/www.dansometre.ch\\\/en\\\/archives\\\/archives-residences\\\/archives-18-19\\\/cie-urf-2\\\/\"]}]},{\"@type\":\"ImageObject\",\"inLanguage\":\"en-US\",\"@id\":\"https:\\\/\\\/www.dansometre.ch\\\/en\\\/archives\\\/archives-residences\\\/archives-18-19\\\/cie-urf-2\\\/#primaryimage\",\"url\":\"https:\\\/\\\/www.dansometre.ch\\\/wp-content\\\/uploads\\\/Camille.jpeg\",\"contentUrl\":\"https:\\\/\\\/www.dansometre.ch\\\/wp-content\\\/uploads\\\/Camille.jpeg\",\"width\":640,\"height\":381},{\"@type\":\"BreadcrumbList\",\"@id\":\"https:\\\/\\\/www.dansometre.ch\\\/en\\\/archives\\\/archives-residences\\\/archives-18-19\\\/cie-urf-2\\\/#breadcrumb\",\"itemListElement\":[{\"@type\":\"ListItem\",\"position\":1,\"name\":\"Accueil\",\"item\":\"https:\\\/\\\/www.dansometre.ch\\\/en\\\/\"},{\"@type\":\"ListItem\",\"position\":2,\"name\":\"Cie \u00dcrf\"}]},{\"@type\":\"WebSite\",\"@id\":\"https:\\\/\\\/www.dansometre.ch\\\/en\\\/#website\",\"url\":\"https:\\\/\\\/www.dansometre.ch\\\/en\\\/\",\"name\":\"DANSOM\u00c8TRE - espace de cr\u00e9ation chor\u00e9graphique - VEVEY\",\"description\":\"\",\"publisher\":{\"@id\":\"https:\\\/\\\/www.dansometre.ch\\\/en\\\/#organization\"},\"potentialAction\":[{\"@type\":\"SearchAction\",\"target\":{\"@type\":\"EntryPoint\",\"urlTemplate\":\"https:\\\/\\\/www.dansometre.ch\\\/en\\\/?s={search_term_string}\"},\"query-input\":{\"@type\":\"PropertyValueSpecification\",\"valueRequired\":true,\"valueName\":\"search_term_string\"}}],\"inLanguage\":\"en-US\"},{\"@type\":\"Organization\",\"@id\":\"https:\\\/\\\/www.dansometre.ch\\\/en\\\/#organization\",\"name\":\"DANSOM\u00c8TRE - espace de cr\u00e9ation chor\u00e9graphique - VEVEY\",\"url\":\"https:\\\/\\\/www.dansometre.ch\\\/en\\\/\",\"logo\":{\"@type\":\"ImageObject\",\"inLanguage\":\"en-US\",\"@id\":\"https:\\\/\\\/www.dansometre.ch\\\/en\\\/#\\\/schema\\\/logo\\\/image\\\/\",\"url\":\"https:\\\/\\\/www.dansometre.ch\\\/wp-content\\\/uploads\\\/favicon.png\",\"contentUrl\":\"https:\\\/\\\/www.dansometre.ch\\\/wp-content\\\/uploads\\\/favicon.png\",\"width\":1200,\"height\":1200,\"caption\":\"DANSOM\u00c8TRE - espace de cr\u00e9ation chor\u00e9graphique - VEVEY\"},\"image\":{\"@id\":\"https:\\\/\\\/www.dansometre.ch\\\/en\\\/#\\\/schema\\\/logo\\\/image\\\/\"}},{\"@type\":\"Person\",\"@id\":\"https:\\\/\\\/www.dansometre.ch\\\/en\\\/#\\\/schema\\\/person\\\/e4a492ad0b0cb31374af62cb03e5a050\",\"name\":\"jasmine\",\"image\":{\"@type\":\"ImageObject\",\"inLanguage\":\"en-US\",\"@id\":\"https:\\\/\\\/secure.gravatar.com\\\/avatar\\\/17af7ce1d97fddf2be9fcb6d28b59eda9f84b49e46ceb695d1455b7c5437fcc4?s=96&d=mm&r=g\",\"url\":\"https:\\\/\\\/secure.gravatar.com\\\/avatar\\\/17af7ce1d97fddf2be9fcb6d28b59eda9f84b49e46ceb695d1455b7c5437fcc4?s=96&d=mm&r=g\",\"contentUrl\":\"https:\\\/\\\/secure.gravatar.com\\\/avatar\\\/17af7ce1d97fddf2be9fcb6d28b59eda9f84b49e46ceb695d1455b7c5437fcc4?s=96&d=mm&r=g\",\"caption\":\"jasmine\"},\"url\":\"https:\\\/\\\/www.dansometre.ch\\\/en\\\/author\\\/jasmine\\\/\"}]}<\/script>\n<!-- \/ Yoast SEO plugin. -->","yoast_head_json":{"title":"Cie \u00dcrf - DANSOM\u00c8TRE - espace de cr\u00e9ation chor\u00e9graphique - VEVEY","robots":{"index":"index","follow":"follow","max-snippet":"max-snippet:-1","max-image-preview":"max-image-preview:large","max-video-preview":"max-video-preview:-1"},"canonical":"https:\/\/www.dansometre.ch\/en\/archives\/archives-residences\/archives-18-19\/cie-urf-2\/","og_locale":"en_US","og_type":"article","og_title":"Cie \u00dcrf - DANSOM\u00c8TRE - espace de cr\u00e9ation chor\u00e9graphique - VEVEY","og_description":"Elle dit avec fiert\u00e9: je suis un gar\u00e7on! Elle est forte et elle n\u2019a pas peur. Elle est une rebelle ! Elle dispose librement de son \u00e9nergie. Elle aimerait se battre et lutter pour sa parole, pour la parole de ses amis, pour la parole de ceux qu\u2019elle ne conna\u00eet pas et pour ceux qui [&hellip;]","og_url":"https:\/\/www.dansometre.ch\/en\/archives\/archives-residences\/archives-18-19\/cie-urf-2\/","og_site_name":"DANSOM\u00c8TRE - espace de cr\u00e9ation chor\u00e9graphique - VEVEY","article_published_time":"2019-06-25T14:32:53+00:00","article_modified_time":"2020-03-12T15:38:24+00:00","og_image":[{"width":640,"height":381,"url":"https:\/\/www.dansometre.ch\/wp-content\/uploads\/Camille.jpeg","type":"image\/jpeg"}],"author":"jasmine","twitter_card":"summary_large_image","twitter_misc":{"Written by":"jasmine","Est. reading time":"1 minute"},"schema":{"@context":"https:\/\/schema.org","@graph":[{"@type":"Article","@id":"https:\/\/www.dansometre.ch\/en\/archives\/archives-residences\/archives-18-19\/cie-urf-2\/#article","isPartOf":{"@id":"https:\/\/www.dansometre.ch\/en\/archives\/archives-residences\/archives-18-19\/cie-urf-2\/"},"author":{"name":"jasmine","@id":"https:\/\/www.dansometre.ch\/en\/#\/schema\/person\/e4a492ad0b0cb31374af62cb03e5a050"},"headline":"Cie \u00dcrf","datePublished":"2019-06-25T14:32:53+00:00","dateModified":"2020-03-12T15:38:24+00:00","mainEntityOfPage":{"@id":"https:\/\/www.dansometre.ch\/en\/archives\/archives-residences\/archives-18-19\/cie-urf-2\/"},"wordCount":176,"publisher":{"@id":"https:\/\/www.dansometre.ch\/en\/#organization"},"image":{"@id":"https:\/\/www.dansometre.ch\/en\/archives\/archives-residences\/archives-18-19\/cie-urf-2\/#primaryimage"},"thumbnailUrl":"https:\/\/www.dansometre.ch\/wp-content\/uploads\/Camille.jpeg","articleSection":["Archives 18\/19"],"inLanguage":"en-US"},{"@type":"WebPage","@id":"https:\/\/www.dansometre.ch\/en\/archives\/archives-residences\/archives-18-19\/cie-urf-2\/","url":"https:\/\/www.dansometre.ch\/en\/archives\/archives-residences\/archives-18-19\/cie-urf-2\/","name":"Cie \u00dcrf - DANSOM\u00c8TRE - espace de cr\u00e9ation chor\u00e9graphique - VEVEY","isPartOf":{"@id":"https:\/\/www.dansometre.ch\/en\/#website"},"primaryImageOfPage":{"@id":"https:\/\/www.dansometre.ch\/en\/archives\/archives-residences\/archives-18-19\/cie-urf-2\/#primaryimage"},"image":{"@id":"https:\/\/www.dansometre.ch\/en\/archives\/archives-residences\/archives-18-19\/cie-urf-2\/#primaryimage"},"thumbnailUrl":"https:\/\/www.dansometre.ch\/wp-content\/uploads\/Camille.jpeg","datePublished":"2019-06-25T14:32:53+00:00","dateModified":"2020-03-12T15:38:24+00:00","breadcrumb":{"@id":"https:\/\/www.dansometre.ch\/en\/archives\/archives-residences\/archives-18-19\/cie-urf-2\/#breadcrumb"},"inLanguage":"en-US","potentialAction":[{"@type":"ReadAction","target":["https:\/\/www.dansometre.ch\/en\/archives\/archives-residences\/archives-18-19\/cie-urf-2\/"]}]},{"@type":"ImageObject","inLanguage":"en-US","@id":"https:\/\/www.dansometre.ch\/en\/archives\/archives-residences\/archives-18-19\/cie-urf-2\/#primaryimage","url":"https:\/\/www.dansometre.ch\/wp-content\/uploads\/Camille.jpeg","contentUrl":"https:\/\/www.dansometre.ch\/wp-content\/uploads\/Camille.jpeg","width":640,"height":381},{"@type":"BreadcrumbList","@id":"https:\/\/www.dansometre.ch\/en\/archives\/archives-residences\/archives-18-19\/cie-urf-2\/#breadcrumb","itemListElement":[{"@type":"ListItem","position":1,"name":"Accueil","item":"https:\/\/www.dansometre.ch\/en\/"},{"@type":"ListItem","position":2,"name":"Cie \u00dcrf"}]},{"@type":"WebSite","@id":"https:\/\/www.dansometre.ch\/en\/#website","url":"https:\/\/www.dansometre.ch\/en\/","name":"DANSOM\u00c8TRE - espace de cr\u00e9ation chor\u00e9graphique - VEVEY","description":"","publisher":{"@id":"https:\/\/www.dansometre.ch\/en\/#organization"},"potentialAction":[{"@type":"SearchAction","target":{"@type":"EntryPoint","urlTemplate":"https:\/\/www.dansometre.ch\/en\/?s={search_term_string}"},"query-input":{"@type":"PropertyValueSpecification","valueRequired":true,"valueName":"search_term_string"}}],"inLanguage":"en-US"},{"@type":"Organization","@id":"https:\/\/www.dansometre.ch\/en\/#organization","name":"DANSOM\u00c8TRE - espace de cr\u00e9ation chor\u00e9graphique - VEVEY","url":"https:\/\/www.dansometre.ch\/en\/","logo":{"@type":"ImageObject","inLanguage":"en-US","@id":"https:\/\/www.dansometre.ch\/en\/#\/schema\/logo\/image\/","url":"https:\/\/www.dansometre.ch\/wp-content\/uploads\/favicon.png","contentUrl":"https:\/\/www.dansometre.ch\/wp-content\/uploads\/favicon.png","width":1200,"height":1200,"caption":"DANSOM\u00c8TRE - espace de cr\u00e9ation chor\u00e9graphique - VEVEY"},"image":{"@id":"https:\/\/www.dansometre.ch\/en\/#\/schema\/logo\/image\/"}},{"@type":"Person","@id":"https:\/\/www.dansometre.ch\/en\/#\/schema\/person\/e4a492ad0b0cb31374af62cb03e5a050","name":"jasmine","image":{"@type":"ImageObject","inLanguage":"en-US","@id":"https:\/\/secure.gravatar.com\/avatar\/17af7ce1d97fddf2be9fcb6d28b59eda9f84b49e46ceb695d1455b7c5437fcc4?s=96&d=mm&r=g","url":"https:\/\/secure.gravatar.com\/avatar\/17af7ce1d97fddf2be9fcb6d28b59eda9f84b49e46ceb695d1455b7c5437fcc4?s=96&d=mm&r=g","contentUrl":"https:\/\/secure.gravatar.com\/avatar\/17af7ce1d97fddf2be9fcb6d28b59eda9f84b49e46ceb695d1455b7c5437fcc4?s=96&d=mm&r=g","caption":"jasmine"},"url":"https:\/\/www.dansometre.ch\/en\/author\/jasmine\/"}]}},"mfb_rest_fields":["title","yoast_head","yoast_head_json"],"_links":{"self":[{"href":"https:\/\/www.dansometre.ch\/en\/wp-json\/wp\/v2\/posts\/1258","targetHints":{"allow":["GET"]}}],"collection":[{"href":"https:\/\/www.dansometre.ch\/en\/wp-json\/wp\/v2\/posts"}],"about":[{"href":"https:\/\/www.dansometre.ch\/en\/wp-json\/wp\/v2\/types\/post"}],"author":[{"embeddable":true,"href":"https:\/\/www.dansometre.ch\/en\/wp-json\/wp\/v2\/users\/2"}],"replies":[{"embeddable":true,"href":"https:\/\/www.dansometre.ch\/en\/wp-json\/wp\/v2\/comments?post=1258"}],"version-history":[{"count":5,"href":"https:\/\/www.dansometre.ch\/en\/wp-json\/wp\/v2\/posts\/1258\/revisions"}],"predecessor-version":[{"id":1609,"href":"https:\/\/www.dansometre.ch\/en\/wp-json\/wp\/v2\/posts\/1258\/revisions\/1609"}],"wp:featuredmedia":[{"embeddable":true,"href":"https:\/\/www.dansometre.ch\/en\/wp-json\/wp\/v2\/media\/1259"}],"wp:attachment":[{"href":"https:\/\/www.dansometre.ch\/en\/wp-json\/wp\/v2\/media?parent=1258"}],"wp:term":[{"taxonomy":"category","embeddable":true,"href":"https:\/\/www.dansometre.ch\/en\/wp-json\/wp\/v2\/categories?post=1258"},{"taxonomy":"post_tag","embeddable":true,"href":"https:\/\/www.dansometre.ch\/en\/wp-json\/wp\/v2\/tags?post=1258"}],"curies":[{"name":"wp","href":"https:\/\/api.w.org\/{rel}","templated":true}]}}