{"id":1816,"date":"2020-10-27T16:43:05","date_gmt":"2020-10-27T15:43:05","guid":{"rendered":"https:\/\/www.dansometre.ch\/?p=1816"},"modified":"2021-01-19T14:15:58","modified_gmt":"2021-01-19T13:15:58","slug":"porte-ouverte-clara-delorme","status":"publish","type":"post","link":"https:\/\/www.dansometre.ch\/en\/archives\/archives-activites\/porte-ouverte-clara-delorme\/","title":{"rendered":"Porte ouverte Clara Delorme &#8211; ANNUL\u00c9"},"content":{"rendered":"\n<p>Pour sa sortie de r\u00e9sidence au Dansom\u00e8tre, la cie Racine est \u00e0 la recherche d\u2019un public test pour l\u2019aider dans cette \u00e9tape de travail.<br><\/p>\n\n\n\n<p>Dur\u00e9e : environ 1H00<br>Informations et inscription : info@dansometre.ch<br> <\/p>\n\n\n\n<p><\/p>\n\n\n\n<p> \u00ab Le saviez-vous ? <br>Le corn flakes, ou flocon de ma\u00efs, est un d\u00e9licieux accident multimilliardaire. Ce met aurait pour vertu un effet anti-aphrodisiaque et permettrait de lutter contre la masturbation. Ceci me m\u00e8ne donc \u00e0 un deuxi\u00e8me accident, le jour de leur rencontre mes parents ayant tous deux manqu\u00e9s le petit d\u00e9jeuner, 9 mois plus tard je les rejoignais sur la plan\u00e8te.<br> Morale de l\u2019histoire : Le petit d\u00e9jeuner est le repas le plus important de la journ\u00e9e.<br>Se tromper c\u2019est si doux. \u00c7a veut dire qu\u2019on peut refaire encore. J\u2019adore les gens qui se cognent, je les trouve touchants. C\u2019est comme mettre le feu \u00e0 un papier tr\u00e8s important et dire \u00ab OUPS \u00bb. Ou alors on peut aussi craquer son pantalon. \u00bb<\/p>\n","protected":false},"excerpt":{"rendered":"<p>Pour sa sortie de r\u00e9sidence au Dansom\u00e8tre, la cie Racine est \u00e0 la recherche d\u2019un public test pour l\u2019aider dans cette \u00e9tape de travail. Dur\u00e9e : environ 1H00Informations et inscription : info@dansometre.ch \u00ab Le saviez-vous ? Le corn flakes, ou flocon de ma\u00efs, est un d\u00e9licieux accident multimilliardaire. Ce met aurait pour vertu un effet [&hellip;]<\/p>\n","protected":false},"author":2,"featured_media":1809,"comment_status":"closed","ping_status":"closed","sticky":false,"template":"","format":"standard","meta":{"_acf_changed":false,"inline_featured_image":false,"footnotes":""},"categories":[22],"tags":[],"class_list":["post-1816","post","type-post","status-publish","format-standard","has-post-thumbnail","hentry","category-archives-activites"],"acf":[],"mb":[],"yoast_head":"<!-- This site is optimized with the Yoast SEO plugin v27.3 - https:\/\/yoast.com\/product\/yoast-seo-wordpress\/ -->\n<title>Porte ouverte Clara Delorme - ANNUL\u00c9 - DANSOM\u00c8TRE - espace de cr\u00e9ation chor\u00e9graphique - VEVEY<\/title>\n<meta name=\"robots\" content=\"index, follow, max-snippet:-1, max-image-preview:large, max-video-preview:-1\" \/>\n<link rel=\"canonical\" href=\"https:\/\/www.dansometre.ch\/en\/archives\/archives-activites\/porte-ouverte-clara-delorme\/\" \/>\n<meta property=\"og:locale\" content=\"en_US\" \/>\n<meta property=\"og:type\" content=\"article\" \/>\n<meta property=\"og:title\" content=\"Porte ouverte Clara Delorme - ANNUL\u00c9 - DANSOM\u00c8TRE - espace de cr\u00e9ation chor\u00e9graphique - VEVEY\" \/>\n<meta property=\"og:description\" content=\"Pour sa sortie de r\u00e9sidence au Dansom\u00e8tre, la cie Racine est \u00e0 la recherche d\u2019un public test pour l\u2019aider dans cette \u00e9tape de travail. Dur\u00e9e : environ 1H00Informations et inscription : info@dansometre.ch \u00ab Le saviez-vous ? Le corn flakes, ou flocon de ma\u00efs, est un d\u00e9licieux accident multimilliardaire. Ce met aurait pour vertu un effet [&hellip;]\" \/>\n<meta property=\"og:url\" content=\"https:\/\/www.dansometre.ch\/en\/archives\/archives-activites\/porte-ouverte-clara-delorme\/\" \/>\n<meta property=\"og:site_name\" content=\"DANSOM\u00c8TRE - espace de cr\u00e9ation chor\u00e9graphique - VEVEY\" \/>\n<meta property=\"article:published_time\" content=\"2020-10-27T15:43:05+00:00\" \/>\n<meta property=\"article:modified_time\" content=\"2021-01-19T13:15:58+00:00\" \/>\n<meta property=\"og:image\" content=\"https:\/\/www.dansometre.ch\/wp-content\/uploads\/Malgr\u00e9s_\u00a9ValerieLiengme-scaled.jpg\" \/>\n\t<meta property=\"og:image:width\" content=\"2560\" \/>\n\t<meta property=\"og:image:height\" content=\"1920\" \/>\n\t<meta property=\"og:image:type\" content=\"image\/jpeg\" \/>\n<meta name=\"author\" content=\"jasmine\" \/>\n<meta name=\"twitter:card\" content=\"summary_large_image\" \/>\n<meta name=\"twitter:label1\" content=\"Written by\" \/>\n\t<meta name=\"twitter:data1\" content=\"jasmine\" \/>\n\t<meta name=\"twitter:label2\" content=\"Est. reading time\" \/>\n\t<meta name=\"twitter:data2\" content=\"1 minute\" \/>\n<script type=\"application\/ld+json\" class=\"yoast-schema-graph\">{\"@context\":\"https:\\\/\\\/schema.org\",\"@graph\":[{\"@type\":\"Article\",\"@id\":\"https:\\\/\\\/www.dansometre.ch\\\/en\\\/archives\\\/archives-activites\\\/porte-ouverte-clara-delorme\\\/#article\",\"isPartOf\":{\"@id\":\"https:\\\/\\\/www.dansometre.ch\\\/en\\\/archives\\\/archives-activites\\\/porte-ouverte-clara-delorme\\\/\"},\"author\":{\"name\":\"jasmine\",\"@id\":\"https:\\\/\\\/www.dansometre.ch\\\/en\\\/#\\\/schema\\\/person\\\/e4a492ad0b0cb31374af62cb03e5a050\"},\"headline\":\"Porte ouverte Clara Delorme &#8211; ANNUL\u00c9\",\"datePublished\":\"2020-10-27T15:43:05+00:00\",\"dateModified\":\"2021-01-19T13:15:58+00:00\",\"mainEntityOfPage\":{\"@id\":\"https:\\\/\\\/www.dansometre.ch\\\/en\\\/archives\\\/archives-activites\\\/porte-ouverte-clara-delorme\\\/\"},\"wordCount\":174,\"publisher\":{\"@id\":\"https:\\\/\\\/www.dansometre.ch\\\/en\\\/#organization\"},\"image\":{\"@id\":\"https:\\\/\\\/www.dansometre.ch\\\/en\\\/archives\\\/archives-activites\\\/porte-ouverte-clara-delorme\\\/#primaryimage\"},\"thumbnailUrl\":\"https:\\\/\\\/www.dansometre.ch\\\/wp-content\\\/uploads\\\/Malgr\u00e9s_\u00a9ValerieLiengme-scaled.jpg\",\"articleSection\":[\"Archives Activit\u00e9s\"],\"inLanguage\":\"en-US\"},{\"@type\":\"WebPage\",\"@id\":\"https:\\\/\\\/www.dansometre.ch\\\/en\\\/archives\\\/archives-activites\\\/porte-ouverte-clara-delorme\\\/\",\"url\":\"https:\\\/\\\/www.dansometre.ch\\\/en\\\/archives\\\/archives-activites\\\/porte-ouverte-clara-delorme\\\/\",\"name\":\"Porte ouverte Clara Delorme - ANNUL\u00c9 - DANSOM\u00c8TRE - espace de cr\u00e9ation chor\u00e9graphique - VEVEY\",\"isPartOf\":{\"@id\":\"https:\\\/\\\/www.dansometre.ch\\\/en\\\/#website\"},\"primaryImageOfPage\":{\"@id\":\"https:\\\/\\\/www.dansometre.ch\\\/en\\\/archives\\\/archives-activites\\\/porte-ouverte-clara-delorme\\\/#primaryimage\"},\"image\":{\"@id\":\"https:\\\/\\\/www.dansometre.ch\\\/en\\\/archives\\\/archives-activites\\\/porte-ouverte-clara-delorme\\\/#primaryimage\"},\"thumbnailUrl\":\"https:\\\/\\\/www.dansometre.ch\\\/wp-content\\\/uploads\\\/Malgr\u00e9s_\u00a9ValerieLiengme-scaled.jpg\",\"datePublished\":\"2020-10-27T15:43:05+00:00\",\"dateModified\":\"2021-01-19T13:15:58+00:00\",\"breadcrumb\":{\"@id\":\"https:\\\/\\\/www.dansometre.ch\\\/en\\\/archives\\\/archives-activites\\\/porte-ouverte-clara-delorme\\\/#breadcrumb\"},\"inLanguage\":\"en-US\",\"potentialAction\":[{\"@type\":\"ReadAction\",\"target\":[\"https:\\\/\\\/www.dansometre.ch\\\/en\\\/archives\\\/archives-activites\\\/porte-ouverte-clara-delorme\\\/\"]}]},{\"@type\":\"ImageObject\",\"inLanguage\":\"en-US\",\"@id\":\"https:\\\/\\\/www.dansometre.ch\\\/en\\\/archives\\\/archives-activites\\\/porte-ouverte-clara-delorme\\\/#primaryimage\",\"url\":\"https:\\\/\\\/www.dansometre.ch\\\/wp-content\\\/uploads\\\/Malgr\u00e9s_\u00a9ValerieLiengme-scaled.jpg\",\"contentUrl\":\"https:\\\/\\\/www.dansometre.ch\\\/wp-content\\\/uploads\\\/Malgr\u00e9s_\u00a9ValerieLiengme-scaled.jpg\",\"width\":2560,\"height\":1920},{\"@type\":\"BreadcrumbList\",\"@id\":\"https:\\\/\\\/www.dansometre.ch\\\/en\\\/archives\\\/archives-activites\\\/porte-ouverte-clara-delorme\\\/#breadcrumb\",\"itemListElement\":[{\"@type\":\"ListItem\",\"position\":1,\"name\":\"Accueil\",\"item\":\"https:\\\/\\\/www.dansometre.ch\\\/en\\\/\"},{\"@type\":\"ListItem\",\"position\":2,\"name\":\"Porte ouverte Clara Delorme &#8211; ANNUL\u00c9\"}]},{\"@type\":\"WebSite\",\"@id\":\"https:\\\/\\\/www.dansometre.ch\\\/en\\\/#website\",\"url\":\"https:\\\/\\\/www.dansometre.ch\\\/en\\\/\",\"name\":\"DANSOM\u00c8TRE - espace de cr\u00e9ation chor\u00e9graphique - VEVEY\",\"description\":\"\",\"publisher\":{\"@id\":\"https:\\\/\\\/www.dansometre.ch\\\/en\\\/#organization\"},\"potentialAction\":[{\"@type\":\"SearchAction\",\"target\":{\"@type\":\"EntryPoint\",\"urlTemplate\":\"https:\\\/\\\/www.dansometre.ch\\\/en\\\/?s={search_term_string}\"},\"query-input\":{\"@type\":\"PropertyValueSpecification\",\"valueRequired\":true,\"valueName\":\"search_term_string\"}}],\"inLanguage\":\"en-US\"},{\"@type\":\"Organization\",\"@id\":\"https:\\\/\\\/www.dansometre.ch\\\/en\\\/#organization\",\"name\":\"DANSOM\u00c8TRE - espace de cr\u00e9ation chor\u00e9graphique - VEVEY\",\"url\":\"https:\\\/\\\/www.dansometre.ch\\\/en\\\/\",\"logo\":{\"@type\":\"ImageObject\",\"inLanguage\":\"en-US\",\"@id\":\"https:\\\/\\\/www.dansometre.ch\\\/en\\\/#\\\/schema\\\/logo\\\/image\\\/\",\"url\":\"https:\\\/\\\/www.dansometre.ch\\\/wp-content\\\/uploads\\\/favicon.png\",\"contentUrl\":\"https:\\\/\\\/www.dansometre.ch\\\/wp-content\\\/uploads\\\/favicon.png\",\"width\":1200,\"height\":1200,\"caption\":\"DANSOM\u00c8TRE - espace de cr\u00e9ation chor\u00e9graphique - VEVEY\"},\"image\":{\"@id\":\"https:\\\/\\\/www.dansometre.ch\\\/en\\\/#\\\/schema\\\/logo\\\/image\\\/\"}},{\"@type\":\"Person\",\"@id\":\"https:\\\/\\\/www.dansometre.ch\\\/en\\\/#\\\/schema\\\/person\\\/e4a492ad0b0cb31374af62cb03e5a050\",\"name\":\"jasmine\",\"image\":{\"@type\":\"ImageObject\",\"inLanguage\":\"en-US\",\"@id\":\"https:\\\/\\\/secure.gravatar.com\\\/avatar\\\/17af7ce1d97fddf2be9fcb6d28b59eda9f84b49e46ceb695d1455b7c5437fcc4?s=96&d=mm&r=g\",\"url\":\"https:\\\/\\\/secure.gravatar.com\\\/avatar\\\/17af7ce1d97fddf2be9fcb6d28b59eda9f84b49e46ceb695d1455b7c5437fcc4?s=96&d=mm&r=g\",\"contentUrl\":\"https:\\\/\\\/secure.gravatar.com\\\/avatar\\\/17af7ce1d97fddf2be9fcb6d28b59eda9f84b49e46ceb695d1455b7c5437fcc4?s=96&d=mm&r=g\",\"caption\":\"jasmine\"},\"url\":\"https:\\\/\\\/www.dansometre.ch\\\/en\\\/author\\\/jasmine\\\/\"}]}<\/script>\n<!-- \/ Yoast SEO plugin. -->","yoast_head_json":{"title":"Porte ouverte Clara Delorme - ANNUL\u00c9 - DANSOM\u00c8TRE - espace de cr\u00e9ation chor\u00e9graphique - VEVEY","robots":{"index":"index","follow":"follow","max-snippet":"max-snippet:-1","max-image-preview":"max-image-preview:large","max-video-preview":"max-video-preview:-1"},"canonical":"https:\/\/www.dansometre.ch\/en\/archives\/archives-activites\/porte-ouverte-clara-delorme\/","og_locale":"en_US","og_type":"article","og_title":"Porte ouverte Clara Delorme - ANNUL\u00c9 - DANSOM\u00c8TRE - espace de cr\u00e9ation chor\u00e9graphique - VEVEY","og_description":"Pour sa sortie de r\u00e9sidence au Dansom\u00e8tre, la cie Racine est \u00e0 la recherche d\u2019un public test pour l\u2019aider dans cette \u00e9tape de travail. Dur\u00e9e : environ 1H00Informations et inscription : info@dansometre.ch \u00ab Le saviez-vous ? Le corn flakes, ou flocon de ma\u00efs, est un d\u00e9licieux accident multimilliardaire. Ce met aurait pour vertu un effet [&hellip;]","og_url":"https:\/\/www.dansometre.ch\/en\/archives\/archives-activites\/porte-ouverte-clara-delorme\/","og_site_name":"DANSOM\u00c8TRE - espace de cr\u00e9ation chor\u00e9graphique - VEVEY","article_published_time":"2020-10-27T15:43:05+00:00","article_modified_time":"2021-01-19T13:15:58+00:00","og_image":[{"width":2560,"height":1920,"url":"https:\/\/www.dansometre.ch\/wp-content\/uploads\/Malgr\u00e9s_\u00a9ValerieLiengme-scaled.jpg","type":"image\/jpeg"}],"author":"jasmine","twitter_card":"summary_large_image","twitter_misc":{"Written by":"jasmine","Est. reading time":"1 minute"},"schema":{"@context":"https:\/\/schema.org","@graph":[{"@type":"Article","@id":"https:\/\/www.dansometre.ch\/en\/archives\/archives-activites\/porte-ouverte-clara-delorme\/#article","isPartOf":{"@id":"https:\/\/www.dansometre.ch\/en\/archives\/archives-activites\/porte-ouverte-clara-delorme\/"},"author":{"name":"jasmine","@id":"https:\/\/www.dansometre.ch\/en\/#\/schema\/person\/e4a492ad0b0cb31374af62cb03e5a050"},"headline":"Porte ouverte Clara Delorme &#8211; ANNUL\u00c9","datePublished":"2020-10-27T15:43:05+00:00","dateModified":"2021-01-19T13:15:58+00:00","mainEntityOfPage":{"@id":"https:\/\/www.dansometre.ch\/en\/archives\/archives-activites\/porte-ouverte-clara-delorme\/"},"wordCount":174,"publisher":{"@id":"https:\/\/www.dansometre.ch\/en\/#organization"},"image":{"@id":"https:\/\/www.dansometre.ch\/en\/archives\/archives-activites\/porte-ouverte-clara-delorme\/#primaryimage"},"thumbnailUrl":"https:\/\/www.dansometre.ch\/wp-content\/uploads\/Malgr\u00e9s_\u00a9ValerieLiengme-scaled.jpg","articleSection":["Archives Activit\u00e9s"],"inLanguage":"en-US"},{"@type":"WebPage","@id":"https:\/\/www.dansometre.ch\/en\/archives\/archives-activites\/porte-ouverte-clara-delorme\/","url":"https:\/\/www.dansometre.ch\/en\/archives\/archives-activites\/porte-ouverte-clara-delorme\/","name":"Porte ouverte Clara Delorme - ANNUL\u00c9 - DANSOM\u00c8TRE - espace de cr\u00e9ation chor\u00e9graphique - VEVEY","isPartOf":{"@id":"https:\/\/www.dansometre.ch\/en\/#website"},"primaryImageOfPage":{"@id":"https:\/\/www.dansometre.ch\/en\/archives\/archives-activites\/porte-ouverte-clara-delorme\/#primaryimage"},"image":{"@id":"https:\/\/www.dansometre.ch\/en\/archives\/archives-activites\/porte-ouverte-clara-delorme\/#primaryimage"},"thumbnailUrl":"https:\/\/www.dansometre.ch\/wp-content\/uploads\/Malgr\u00e9s_\u00a9ValerieLiengme-scaled.jpg","datePublished":"2020-10-27T15:43:05+00:00","dateModified":"2021-01-19T13:15:58+00:00","breadcrumb":{"@id":"https:\/\/www.dansometre.ch\/en\/archives\/archives-activites\/porte-ouverte-clara-delorme\/#breadcrumb"},"inLanguage":"en-US","potentialAction":[{"@type":"ReadAction","target":["https:\/\/www.dansometre.ch\/en\/archives\/archives-activites\/porte-ouverte-clara-delorme\/"]}]},{"@type":"ImageObject","inLanguage":"en-US","@id":"https:\/\/www.dansometre.ch\/en\/archives\/archives-activites\/porte-ouverte-clara-delorme\/#primaryimage","url":"https:\/\/www.dansometre.ch\/wp-content\/uploads\/Malgr\u00e9s_\u00a9ValerieLiengme-scaled.jpg","contentUrl":"https:\/\/www.dansometre.ch\/wp-content\/uploads\/Malgr\u00e9s_\u00a9ValerieLiengme-scaled.jpg","width":2560,"height":1920},{"@type":"BreadcrumbList","@id":"https:\/\/www.dansometre.ch\/en\/archives\/archives-activites\/porte-ouverte-clara-delorme\/#breadcrumb","itemListElement":[{"@type":"ListItem","position":1,"name":"Accueil","item":"https:\/\/www.dansometre.ch\/en\/"},{"@type":"ListItem","position":2,"name":"Porte ouverte Clara Delorme &#8211; ANNUL\u00c9"}]},{"@type":"WebSite","@id":"https:\/\/www.dansometre.ch\/en\/#website","url":"https:\/\/www.dansometre.ch\/en\/","name":"DANSOM\u00c8TRE - espace de cr\u00e9ation chor\u00e9graphique - VEVEY","description":"","publisher":{"@id":"https:\/\/www.dansometre.ch\/en\/#organization"},"potentialAction":[{"@type":"SearchAction","target":{"@type":"EntryPoint","urlTemplate":"https:\/\/www.dansometre.ch\/en\/?s={search_term_string}"},"query-input":{"@type":"PropertyValueSpecification","valueRequired":true,"valueName":"search_term_string"}}],"inLanguage":"en-US"},{"@type":"Organization","@id":"https:\/\/www.dansometre.ch\/en\/#organization","name":"DANSOM\u00c8TRE - espace de cr\u00e9ation chor\u00e9graphique - VEVEY","url":"https:\/\/www.dansometre.ch\/en\/","logo":{"@type":"ImageObject","inLanguage":"en-US","@id":"https:\/\/www.dansometre.ch\/en\/#\/schema\/logo\/image\/","url":"https:\/\/www.dansometre.ch\/wp-content\/uploads\/favicon.png","contentUrl":"https:\/\/www.dansometre.ch\/wp-content\/uploads\/favicon.png","width":1200,"height":1200,"caption":"DANSOM\u00c8TRE - espace de cr\u00e9ation chor\u00e9graphique - VEVEY"},"image":{"@id":"https:\/\/www.dansometre.ch\/en\/#\/schema\/logo\/image\/"}},{"@type":"Person","@id":"https:\/\/www.dansometre.ch\/en\/#\/schema\/person\/e4a492ad0b0cb31374af62cb03e5a050","name":"jasmine","image":{"@type":"ImageObject","inLanguage":"en-US","@id":"https:\/\/secure.gravatar.com\/avatar\/17af7ce1d97fddf2be9fcb6d28b59eda9f84b49e46ceb695d1455b7c5437fcc4?s=96&d=mm&r=g","url":"https:\/\/secure.gravatar.com\/avatar\/17af7ce1d97fddf2be9fcb6d28b59eda9f84b49e46ceb695d1455b7c5437fcc4?s=96&d=mm&r=g","contentUrl":"https:\/\/secure.gravatar.com\/avatar\/17af7ce1d97fddf2be9fcb6d28b59eda9f84b49e46ceb695d1455b7c5437fcc4?s=96&d=mm&r=g","caption":"jasmine"},"url":"https:\/\/www.dansometre.ch\/en\/author\/jasmine\/"}]}},"mfb_rest_fields":["title","yoast_head","yoast_head_json"],"_links":{"self":[{"href":"https:\/\/www.dansometre.ch\/en\/wp-json\/wp\/v2\/posts\/1816","targetHints":{"allow":["GET"]}}],"collection":[{"href":"https:\/\/www.dansometre.ch\/en\/wp-json\/wp\/v2\/posts"}],"about":[{"href":"https:\/\/www.dansometre.ch\/en\/wp-json\/wp\/v2\/types\/post"}],"author":[{"embeddable":true,"href":"https:\/\/www.dansometre.ch\/en\/wp-json\/wp\/v2\/users\/2"}],"replies":[{"embeddable":true,"href":"https:\/\/www.dansometre.ch\/en\/wp-json\/wp\/v2\/comments?post=1816"}],"version-history":[{"count":4,"href":"https:\/\/www.dansometre.ch\/en\/wp-json\/wp\/v2\/posts\/1816\/revisions"}],"predecessor-version":[{"id":1826,"href":"https:\/\/www.dansometre.ch\/en\/wp-json\/wp\/v2\/posts\/1816\/revisions\/1826"}],"wp:featuredmedia":[{"embeddable":true,"href":"https:\/\/www.dansometre.ch\/en\/wp-json\/wp\/v2\/media\/1809"}],"wp:attachment":[{"href":"https:\/\/www.dansometre.ch\/en\/wp-json\/wp\/v2\/media?parent=1816"}],"wp:term":[{"taxonomy":"category","embeddable":true,"href":"https:\/\/www.dansometre.ch\/en\/wp-json\/wp\/v2\/categories?post=1816"},{"taxonomy":"post_tag","embeddable":true,"href":"https:\/\/www.dansometre.ch\/en\/wp-json\/wp\/v2\/tags?post=1816"}],"curies":[{"name":"wp","href":"https:\/\/api.w.org\/{rel}","templated":true}]}}