{"id":2294,"date":"2021-12-13T11:01:22","date_gmt":"2021-12-13T10:01:22","guid":{"rendered":"https:\/\/www.dansometre.ch\/?p=2294"},"modified":"2022-09-06T11:54:25","modified_gmt":"2022-09-06T09:54:25","slug":"collectif-foulles","status":"publish","type":"post","link":"https:\/\/www.dansometre.ch\/en\/residences\/serie2\/collectif-foulles\/","title":{"rendered":"COLLECTIF FOULLES"},"content":{"rendered":"\r\n<p>Avec D\u00e9lia Krayenb\u00fchl, Hortense de Boursetty, Colline Cabanis, Fabio Zoppelli<\/p>\r\n\r\n\r\n\r\n<p>Durant cette r\u00e9sidence, nous souhaitons travailler sur notre prochaine cr\u00e9ation \u00ab A prayer before the crack of dawn \u00bb qui se d\u00e9cline comme divers moments d\u2019un vaste tableau m\u00e9di\u00e9val \u2014 un Moyen-\u00c2ge fantasm\u00e9 et joyeusement absurde, dans lequel la sensualit\u00e9 est un langage et l\u2019h\u00e9g\u00e9monie de la raison inop\u00e9rante. Interrogeant les normes de genre, les quatre personnages y oscillent entre grotesque et sensualit\u00e9, entre pass\u00e9 et pr\u00e9sent, entre toge adidas et coupe au bol. \u00ab A prayer before the crack of dawn \u00bb pense la p\u00e9riode m\u00e9di\u00e9vale comme un terrain d\u2019exploration qui peut se r\u00e9v\u00e9ler vecteur d\u2019imaginaires \u00e9mancipateurs.<\/p>\r\n\r\n\r\n\r\n<p><em>Les Foulles revendiquent d\u2019\u00eatre un quatuor compl\u00e8tement fool, une petite foule full d\u2019\u00e9nergies, full de pratiques, et full d\u2019amiti\u00e9. Un groupe d\u2019artistes r\u00e9uni.e.x.s par l\u2019envie commune de cr\u00e9er des mondes loin de toute rationalit\u00e9. Un groupe d\u2019ami.e.x.s qui prend l\u2019idiotie tr\u00e8s au s\u00e9rieux. Dans leur travail se croisent p\u00eale-m\u00eale, et sans hi\u00e9rarchie, leurs passions les plus diverses: la musique pop, le comique de r\u00e9p\u00e9tition, le Moyen-\u00c2ge, mais aussi les b\u00e2tons de feu, la couture, les paillettes, le break, les coupes de cheveux insolites ou encore les objets miniatures et ceux d\u00e9mesur\u00e9ment grands. C\u2019est en prenant soin du tissage complexe de ces multiples univers que Colline, D\u00e9lia, Fabio et Hortense cr\u00e9ent l\u2019atmosph\u00e8re unique qui caract\u00e9rise leurs productions artistiques. C\u2019est souvent \u00e0 travers de longues improvisations entour\u00e9.e.x.s d\u2019objets et de costumes insolites que se r\u00e9v\u00e8lent leurs univers, leurs choix artistiques et les qualit\u00e9s de mouvements qui accompagnent chaque recherche.<\/em><\/p>\r\n","protected":false},"excerpt":{"rendered":"<p>Avec D\u00e9lia Krayenb\u00fchl, Hortense de Boursetty, Colline Cabanis, Fabio Zoppelli Durant cette r\u00e9sidence, nous souhaitons travailler sur notre prochaine cr\u00e9ation \u00ab A prayer before the crack of dawn \u00bb qui se d\u00e9cline comme divers moments d\u2019un vaste tableau m\u00e9di\u00e9val \u2014 un Moyen-\u00c2ge fantasm\u00e9 et joyeusement absurde, dans lequel la sensualit\u00e9 est un langage et l\u2019h\u00e9g\u00e9monie [&hellip;]<\/p>\n","protected":false},"author":2,"featured_media":2295,"comment_status":"closed","ping_status":"closed","sticky":false,"template":"","format":"standard","meta":{"_acf_changed":false,"inline_featured_image":false,"footnotes":""},"categories":[54,38],"tags":[],"class_list":["post-2294","post","type-post","status-publish","format-standard","has-post-thumbnail","hentry","category-archives-serie2","category-serie2"],"acf":[],"mb":[],"yoast_head":"<!-- This site is optimized with the Yoast SEO plugin v27.3 - https:\/\/yoast.com\/product\/yoast-seo-wordpress\/ -->\n<title>COLLECTIF FOULLES - DANSOM\u00c8TRE - espace de cr\u00e9ation chor\u00e9graphique - VEVEY<\/title>\n<meta name=\"robots\" content=\"index, follow, max-snippet:-1, max-image-preview:large, max-video-preview:-1\" \/>\n<link rel=\"canonical\" href=\"https:\/\/www.dansometre.ch\/en\/residences\/serie2\/collectif-foulles\/\" \/>\n<meta property=\"og:locale\" content=\"en_US\" \/>\n<meta property=\"og:type\" content=\"article\" \/>\n<meta property=\"og:title\" content=\"COLLECTIF FOULLES - DANSOM\u00c8TRE - espace de cr\u00e9ation chor\u00e9graphique - VEVEY\" \/>\n<meta property=\"og:description\" content=\"Avec D\u00e9lia Krayenb\u00fchl, Hortense de Boursetty, Colline Cabanis, Fabio Zoppelli Durant cette r\u00e9sidence, nous souhaitons travailler sur notre prochaine cr\u00e9ation \u00ab A prayer before the crack of dawn \u00bb qui se d\u00e9cline comme divers moments d\u2019un vaste tableau m\u00e9di\u00e9val \u2014 un Moyen-\u00c2ge fantasm\u00e9 et joyeusement absurde, dans lequel la sensualit\u00e9 est un langage et l\u2019h\u00e9g\u00e9monie [&hellip;]\" \/>\n<meta property=\"og:url\" content=\"https:\/\/www.dansometre.ch\/en\/residences\/serie2\/collectif-foulles\/\" \/>\n<meta property=\"og:site_name\" content=\"DANSOM\u00c8TRE - espace de cr\u00e9ation chor\u00e9graphique - VEVEY\" \/>\n<meta property=\"article:published_time\" content=\"2021-12-13T10:01:22+00:00\" \/>\n<meta property=\"article:modified_time\" content=\"2022-09-06T09:54:25+00:00\" \/>\n<meta property=\"og:image\" content=\"https:\/\/www.dansometre.ch\/wp-content\/uploads\/DANSOMETRE_1080x1080px_09.12.2021_5-scaled.jpg\" \/>\n\t<meta property=\"og:image:width\" content=\"2560\" \/>\n\t<meta property=\"og:image:height\" content=\"2560\" \/>\n\t<meta property=\"og:image:type\" content=\"image\/jpeg\" \/>\n<meta name=\"author\" content=\"jasmine\" \/>\n<meta name=\"twitter:card\" content=\"summary_large_image\" \/>\n<meta name=\"twitter:label1\" content=\"Written by\" \/>\n\t<meta name=\"twitter:data1\" content=\"jasmine\" \/>\n\t<meta name=\"twitter:label2\" content=\"Est. reading time\" \/>\n\t<meta name=\"twitter:data2\" content=\"2 minutes\" \/>\n<script type=\"application\/ld+json\" class=\"yoast-schema-graph\">{\"@context\":\"https:\\\/\\\/schema.org\",\"@graph\":[{\"@type\":\"Article\",\"@id\":\"https:\\\/\\\/www.dansometre.ch\\\/en\\\/residences\\\/serie2\\\/collectif-foulles\\\/#article\",\"isPartOf\":{\"@id\":\"https:\\\/\\\/www.dansometre.ch\\\/en\\\/residences\\\/serie2\\\/collectif-foulles\\\/\"},\"author\":{\"name\":\"jasmine\",\"@id\":\"https:\\\/\\\/www.dansometre.ch\\\/en\\\/#\\\/schema\\\/person\\\/e4a492ad0b0cb31374af62cb03e5a050\"},\"headline\":\"COLLECTIF FOULLES\",\"datePublished\":\"2021-12-13T10:01:22+00:00\",\"dateModified\":\"2022-09-06T09:54:25+00:00\",\"mainEntityOfPage\":{\"@id\":\"https:\\\/\\\/www.dansometre.ch\\\/en\\\/residences\\\/serie2\\\/collectif-foulles\\\/\"},\"wordCount\":313,\"publisher\":{\"@id\":\"https:\\\/\\\/www.dansometre.ch\\\/en\\\/#organization\"},\"image\":{\"@id\":\"https:\\\/\\\/www.dansometre.ch\\\/en\\\/residences\\\/serie2\\\/collectif-foulles\\\/#primaryimage\"},\"thumbnailUrl\":\"https:\\\/\\\/www.dansometre.ch\\\/wp-content\\\/uploads\\\/DANSOMETRE_1080x1080px_09.12.2021_5-scaled.jpg\",\"articleSection\":[\"Archives s\u00e9rie#2\",\"S\u00c9RIE#2\"],\"inLanguage\":\"en-US\"},{\"@type\":\"WebPage\",\"@id\":\"https:\\\/\\\/www.dansometre.ch\\\/en\\\/residences\\\/serie2\\\/collectif-foulles\\\/\",\"url\":\"https:\\\/\\\/www.dansometre.ch\\\/en\\\/residences\\\/serie2\\\/collectif-foulles\\\/\",\"name\":\"COLLECTIF FOULLES - DANSOM\u00c8TRE - espace de cr\u00e9ation chor\u00e9graphique - VEVEY\",\"isPartOf\":{\"@id\":\"https:\\\/\\\/www.dansometre.ch\\\/en\\\/#website\"},\"primaryImageOfPage\":{\"@id\":\"https:\\\/\\\/www.dansometre.ch\\\/en\\\/residences\\\/serie2\\\/collectif-foulles\\\/#primaryimage\"},\"image\":{\"@id\":\"https:\\\/\\\/www.dansometre.ch\\\/en\\\/residences\\\/serie2\\\/collectif-foulles\\\/#primaryimage\"},\"thumbnailUrl\":\"https:\\\/\\\/www.dansometre.ch\\\/wp-content\\\/uploads\\\/DANSOMETRE_1080x1080px_09.12.2021_5-scaled.jpg\",\"datePublished\":\"2021-12-13T10:01:22+00:00\",\"dateModified\":\"2022-09-06T09:54:25+00:00\",\"breadcrumb\":{\"@id\":\"https:\\\/\\\/www.dansometre.ch\\\/en\\\/residences\\\/serie2\\\/collectif-foulles\\\/#breadcrumb\"},\"inLanguage\":\"en-US\",\"potentialAction\":[{\"@type\":\"ReadAction\",\"target\":[\"https:\\\/\\\/www.dansometre.ch\\\/en\\\/residences\\\/serie2\\\/collectif-foulles\\\/\"]}]},{\"@type\":\"ImageObject\",\"inLanguage\":\"en-US\",\"@id\":\"https:\\\/\\\/www.dansometre.ch\\\/en\\\/residences\\\/serie2\\\/collectif-foulles\\\/#primaryimage\",\"url\":\"https:\\\/\\\/www.dansometre.ch\\\/wp-content\\\/uploads\\\/DANSOMETRE_1080x1080px_09.12.2021_5-scaled.jpg\",\"contentUrl\":\"https:\\\/\\\/www.dansometre.ch\\\/wp-content\\\/uploads\\\/DANSOMETRE_1080x1080px_09.12.2021_5-scaled.jpg\",\"width\":2560,\"height\":2560},{\"@type\":\"BreadcrumbList\",\"@id\":\"https:\\\/\\\/www.dansometre.ch\\\/en\\\/residences\\\/serie2\\\/collectif-foulles\\\/#breadcrumb\",\"itemListElement\":[{\"@type\":\"ListItem\",\"position\":1,\"name\":\"Accueil\",\"item\":\"https:\\\/\\\/www.dansometre.ch\\\/en\\\/\"},{\"@type\":\"ListItem\",\"position\":2,\"name\":\"COLLECTIF FOULLES\"}]},{\"@type\":\"WebSite\",\"@id\":\"https:\\\/\\\/www.dansometre.ch\\\/en\\\/#website\",\"url\":\"https:\\\/\\\/www.dansometre.ch\\\/en\\\/\",\"name\":\"DANSOM\u00c8TRE - espace de cr\u00e9ation chor\u00e9graphique - VEVEY\",\"description\":\"\",\"publisher\":{\"@id\":\"https:\\\/\\\/www.dansometre.ch\\\/en\\\/#organization\"},\"potentialAction\":[{\"@type\":\"SearchAction\",\"target\":{\"@type\":\"EntryPoint\",\"urlTemplate\":\"https:\\\/\\\/www.dansometre.ch\\\/en\\\/?s={search_term_string}\"},\"query-input\":{\"@type\":\"PropertyValueSpecification\",\"valueRequired\":true,\"valueName\":\"search_term_string\"}}],\"inLanguage\":\"en-US\"},{\"@type\":\"Organization\",\"@id\":\"https:\\\/\\\/www.dansometre.ch\\\/en\\\/#organization\",\"name\":\"DANSOM\u00c8TRE - espace de cr\u00e9ation chor\u00e9graphique - VEVEY\",\"url\":\"https:\\\/\\\/www.dansometre.ch\\\/en\\\/\",\"logo\":{\"@type\":\"ImageObject\",\"inLanguage\":\"en-US\",\"@id\":\"https:\\\/\\\/www.dansometre.ch\\\/en\\\/#\\\/schema\\\/logo\\\/image\\\/\",\"url\":\"https:\\\/\\\/www.dansometre.ch\\\/wp-content\\\/uploads\\\/favicon.png\",\"contentUrl\":\"https:\\\/\\\/www.dansometre.ch\\\/wp-content\\\/uploads\\\/favicon.png\",\"width\":1200,\"height\":1200,\"caption\":\"DANSOM\u00c8TRE - espace de cr\u00e9ation chor\u00e9graphique - VEVEY\"},\"image\":{\"@id\":\"https:\\\/\\\/www.dansometre.ch\\\/en\\\/#\\\/schema\\\/logo\\\/image\\\/\"}},{\"@type\":\"Person\",\"@id\":\"https:\\\/\\\/www.dansometre.ch\\\/en\\\/#\\\/schema\\\/person\\\/e4a492ad0b0cb31374af62cb03e5a050\",\"name\":\"jasmine\",\"image\":{\"@type\":\"ImageObject\",\"inLanguage\":\"en-US\",\"@id\":\"https:\\\/\\\/secure.gravatar.com\\\/avatar\\\/17af7ce1d97fddf2be9fcb6d28b59eda9f84b49e46ceb695d1455b7c5437fcc4?s=96&d=mm&r=g\",\"url\":\"https:\\\/\\\/secure.gravatar.com\\\/avatar\\\/17af7ce1d97fddf2be9fcb6d28b59eda9f84b49e46ceb695d1455b7c5437fcc4?s=96&d=mm&r=g\",\"contentUrl\":\"https:\\\/\\\/secure.gravatar.com\\\/avatar\\\/17af7ce1d97fddf2be9fcb6d28b59eda9f84b49e46ceb695d1455b7c5437fcc4?s=96&d=mm&r=g\",\"caption\":\"jasmine\"},\"url\":\"https:\\\/\\\/www.dansometre.ch\\\/en\\\/author\\\/jasmine\\\/\"}]}<\/script>\n<!-- \/ Yoast SEO plugin. -->","yoast_head_json":{"title":"COLLECTIF FOULLES - DANSOM\u00c8TRE - espace de cr\u00e9ation chor\u00e9graphique - VEVEY","robots":{"index":"index","follow":"follow","max-snippet":"max-snippet:-1","max-image-preview":"max-image-preview:large","max-video-preview":"max-video-preview:-1"},"canonical":"https:\/\/www.dansometre.ch\/en\/residences\/serie2\/collectif-foulles\/","og_locale":"en_US","og_type":"article","og_title":"COLLECTIF FOULLES - DANSOM\u00c8TRE - espace de cr\u00e9ation chor\u00e9graphique - VEVEY","og_description":"Avec D\u00e9lia Krayenb\u00fchl, Hortense de Boursetty, Colline Cabanis, Fabio Zoppelli Durant cette r\u00e9sidence, nous souhaitons travailler sur notre prochaine cr\u00e9ation \u00ab A prayer before the crack of dawn \u00bb qui se d\u00e9cline comme divers moments d\u2019un vaste tableau m\u00e9di\u00e9val \u2014 un Moyen-\u00c2ge fantasm\u00e9 et joyeusement absurde, dans lequel la sensualit\u00e9 est un langage et l\u2019h\u00e9g\u00e9monie [&hellip;]","og_url":"https:\/\/www.dansometre.ch\/en\/residences\/serie2\/collectif-foulles\/","og_site_name":"DANSOM\u00c8TRE - espace de cr\u00e9ation chor\u00e9graphique - VEVEY","article_published_time":"2021-12-13T10:01:22+00:00","article_modified_time":"2022-09-06T09:54:25+00:00","og_image":[{"width":2560,"height":2560,"url":"https:\/\/www.dansometre.ch\/wp-content\/uploads\/DANSOMETRE_1080x1080px_09.12.2021_5-scaled.jpg","type":"image\/jpeg"}],"author":"jasmine","twitter_card":"summary_large_image","twitter_misc":{"Written by":"jasmine","Est. reading time":"2 minutes"},"schema":{"@context":"https:\/\/schema.org","@graph":[{"@type":"Article","@id":"https:\/\/www.dansometre.ch\/en\/residences\/serie2\/collectif-foulles\/#article","isPartOf":{"@id":"https:\/\/www.dansometre.ch\/en\/residences\/serie2\/collectif-foulles\/"},"author":{"name":"jasmine","@id":"https:\/\/www.dansometre.ch\/en\/#\/schema\/person\/e4a492ad0b0cb31374af62cb03e5a050"},"headline":"COLLECTIF FOULLES","datePublished":"2021-12-13T10:01:22+00:00","dateModified":"2022-09-06T09:54:25+00:00","mainEntityOfPage":{"@id":"https:\/\/www.dansometre.ch\/en\/residences\/serie2\/collectif-foulles\/"},"wordCount":313,"publisher":{"@id":"https:\/\/www.dansometre.ch\/en\/#organization"},"image":{"@id":"https:\/\/www.dansometre.ch\/en\/residences\/serie2\/collectif-foulles\/#primaryimage"},"thumbnailUrl":"https:\/\/www.dansometre.ch\/wp-content\/uploads\/DANSOMETRE_1080x1080px_09.12.2021_5-scaled.jpg","articleSection":["Archives s\u00e9rie#2","S\u00c9RIE#2"],"inLanguage":"en-US"},{"@type":"WebPage","@id":"https:\/\/www.dansometre.ch\/en\/residences\/serie2\/collectif-foulles\/","url":"https:\/\/www.dansometre.ch\/en\/residences\/serie2\/collectif-foulles\/","name":"COLLECTIF FOULLES - DANSOM\u00c8TRE - espace de cr\u00e9ation chor\u00e9graphique - VEVEY","isPartOf":{"@id":"https:\/\/www.dansometre.ch\/en\/#website"},"primaryImageOfPage":{"@id":"https:\/\/www.dansometre.ch\/en\/residences\/serie2\/collectif-foulles\/#primaryimage"},"image":{"@id":"https:\/\/www.dansometre.ch\/en\/residences\/serie2\/collectif-foulles\/#primaryimage"},"thumbnailUrl":"https:\/\/www.dansometre.ch\/wp-content\/uploads\/DANSOMETRE_1080x1080px_09.12.2021_5-scaled.jpg","datePublished":"2021-12-13T10:01:22+00:00","dateModified":"2022-09-06T09:54:25+00:00","breadcrumb":{"@id":"https:\/\/www.dansometre.ch\/en\/residences\/serie2\/collectif-foulles\/#breadcrumb"},"inLanguage":"en-US","potentialAction":[{"@type":"ReadAction","target":["https:\/\/www.dansometre.ch\/en\/residences\/serie2\/collectif-foulles\/"]}]},{"@type":"ImageObject","inLanguage":"en-US","@id":"https:\/\/www.dansometre.ch\/en\/residences\/serie2\/collectif-foulles\/#primaryimage","url":"https:\/\/www.dansometre.ch\/wp-content\/uploads\/DANSOMETRE_1080x1080px_09.12.2021_5-scaled.jpg","contentUrl":"https:\/\/www.dansometre.ch\/wp-content\/uploads\/DANSOMETRE_1080x1080px_09.12.2021_5-scaled.jpg","width":2560,"height":2560},{"@type":"BreadcrumbList","@id":"https:\/\/www.dansometre.ch\/en\/residences\/serie2\/collectif-foulles\/#breadcrumb","itemListElement":[{"@type":"ListItem","position":1,"name":"Accueil","item":"https:\/\/www.dansometre.ch\/en\/"},{"@type":"ListItem","position":2,"name":"COLLECTIF FOULLES"}]},{"@type":"WebSite","@id":"https:\/\/www.dansometre.ch\/en\/#website","url":"https:\/\/www.dansometre.ch\/en\/","name":"DANSOM\u00c8TRE - espace de cr\u00e9ation chor\u00e9graphique - VEVEY","description":"","publisher":{"@id":"https:\/\/www.dansometre.ch\/en\/#organization"},"potentialAction":[{"@type":"SearchAction","target":{"@type":"EntryPoint","urlTemplate":"https:\/\/www.dansometre.ch\/en\/?s={search_term_string}"},"query-input":{"@type":"PropertyValueSpecification","valueRequired":true,"valueName":"search_term_string"}}],"inLanguage":"en-US"},{"@type":"Organization","@id":"https:\/\/www.dansometre.ch\/en\/#organization","name":"DANSOM\u00c8TRE - espace de cr\u00e9ation chor\u00e9graphique - VEVEY","url":"https:\/\/www.dansometre.ch\/en\/","logo":{"@type":"ImageObject","inLanguage":"en-US","@id":"https:\/\/www.dansometre.ch\/en\/#\/schema\/logo\/image\/","url":"https:\/\/www.dansometre.ch\/wp-content\/uploads\/favicon.png","contentUrl":"https:\/\/www.dansometre.ch\/wp-content\/uploads\/favicon.png","width":1200,"height":1200,"caption":"DANSOM\u00c8TRE - espace de cr\u00e9ation chor\u00e9graphique - VEVEY"},"image":{"@id":"https:\/\/www.dansometre.ch\/en\/#\/schema\/logo\/image\/"}},{"@type":"Person","@id":"https:\/\/www.dansometre.ch\/en\/#\/schema\/person\/e4a492ad0b0cb31374af62cb03e5a050","name":"jasmine","image":{"@type":"ImageObject","inLanguage":"en-US","@id":"https:\/\/secure.gravatar.com\/avatar\/17af7ce1d97fddf2be9fcb6d28b59eda9f84b49e46ceb695d1455b7c5437fcc4?s=96&d=mm&r=g","url":"https:\/\/secure.gravatar.com\/avatar\/17af7ce1d97fddf2be9fcb6d28b59eda9f84b49e46ceb695d1455b7c5437fcc4?s=96&d=mm&r=g","contentUrl":"https:\/\/secure.gravatar.com\/avatar\/17af7ce1d97fddf2be9fcb6d28b59eda9f84b49e46ceb695d1455b7c5437fcc4?s=96&d=mm&r=g","caption":"jasmine"},"url":"https:\/\/www.dansometre.ch\/en\/author\/jasmine\/"}]}},"mfb_rest_fields":["title","yoast_head","yoast_head_json"],"_links":{"self":[{"href":"https:\/\/www.dansometre.ch\/en\/wp-json\/wp\/v2\/posts\/2294","targetHints":{"allow":["GET"]}}],"collection":[{"href":"https:\/\/www.dansometre.ch\/en\/wp-json\/wp\/v2\/posts"}],"about":[{"href":"https:\/\/www.dansometre.ch\/en\/wp-json\/wp\/v2\/types\/post"}],"author":[{"embeddable":true,"href":"https:\/\/www.dansometre.ch\/en\/wp-json\/wp\/v2\/users\/2"}],"replies":[{"embeddable":true,"href":"https:\/\/www.dansometre.ch\/en\/wp-json\/wp\/v2\/comments?post=2294"}],"version-history":[{"count":7,"href":"https:\/\/www.dansometre.ch\/en\/wp-json\/wp\/v2\/posts\/2294\/revisions"}],"predecessor-version":[{"id":2444,"href":"https:\/\/www.dansometre.ch\/en\/wp-json\/wp\/v2\/posts\/2294\/revisions\/2444"}],"wp:featuredmedia":[{"embeddable":true,"href":"https:\/\/www.dansometre.ch\/en\/wp-json\/wp\/v2\/media\/2295"}],"wp:attachment":[{"href":"https:\/\/www.dansometre.ch\/en\/wp-json\/wp\/v2\/media?parent=2294"}],"wp:term":[{"taxonomy":"category","embeddable":true,"href":"https:\/\/www.dansometre.ch\/en\/wp-json\/wp\/v2\/categories?post=2294"},{"taxonomy":"post_tag","embeddable":true,"href":"https:\/\/www.dansometre.ch\/en\/wp-json\/wp\/v2\/tags?post=2294"}],"curies":[{"name":"wp","href":"https:\/\/api.w.org\/{rel}","templated":true}]}}