{"id":2979,"date":"2023-01-09T15:35:05","date_gmt":"2023-01-09T14:35:05","guid":{"rendered":"https:\/\/www.dansometre.ch\/?p=2979"},"modified":"2023-03-21T13:06:25","modified_gmt":"2023-03-21T12:06:25","slug":"les-choregraphiques8","status":"publish","type":"post","link":"https:\/\/www.dansometre.ch\/en\/archives\/archives-23\/les-choregraphiques8\/","title":{"rendered":"Les Chor\u00e9graphiques#8"},"content":{"rendered":"<p><!--more-->Le Dansom\u00e8tre, en collaboration avec l\u2019Oriental, pr\u00e9sentent la huiti\u00e8me \u00e9dition des Chor\u00e9graphiques. Une programmation compos\u00e9e de trois cr\u00e9ations de danse contemporaine par des compagnies \u00e9mergentes et confirm\u00e9es. <!--more-->Du 11 au 15 janvier 2023<br \/>\nMe-je-ve 20h | sa 19h | di 17h30<br \/>\nOriental-Vevey<br \/>\nwww.orientalvevey.ch \/ 021 925 35 90<\/p>\n<p>SAYS THE PHOENIX<br \/>\nCie SM Morgane Stephan<\/p>\n<p>D\u2019un e\u0302tre humain en animal \u2013 et inversement \u2013 ou d\u2019une symbiose mi-femme mi-be\u0302te, says the phoenix prend le roller comme attribut moderne, esth\u00e9tique et mythologique. A la fois symbolique et infernal, force physique et expression de changement, il met \u00e0 l\u2019\u00e9preuve le corps par sa m\u00e9tamorphose dans une critique de la vitesse comme \u00e9loge du ralentir.<\/p>\n<p>Concept et performance: Morgane Stephan | solo in situ<\/p>\n<p>TRAJECTOIRES<br \/>\nCie Les R\u00eaves d\u2019Hathor<\/p>\n<p>C\u2019est une image fig\u00e9e et tragique qui \u00e0 d\u00e9clench\u00e9 ce projet. Pourtant avec Trajectoires je voudrais donner un souffle d\u2019espoir \u00e0 ma principale question: quel monde veut-on transmettre?\u00bb Malena Sardi. Surgi du sentiment d\u2019urgence de nos jours, ce projet est un manifeste po\u00e9tique d\u2019engagement commun. Un mirage sonore et visuel d\u2019architecture surprenante, entre nature et contre-nature, avec des textures qui nous am\u00e8neront dans des univers connus, peu connus ou ignor\u00e9s.<\/p>\n<p>Conception, mise en sc\u00e8ne et cr\u00e9ation sonore: Malena Sardi | Chor\u00e9graphie: Marthe Krummenacher | Collaboration \u00e0 la chor\u00e9graphie: Pauline Huguet Danse en alternance: Marthe Krummenacher &amp; Pauline Huguet | Cr\u00e9ation visuelle: Sophie Le Meillour Cr\u00e9ation lumi\u00e8re: Sandra Romanelli | Regard ext\u00e9rieur et aide \u00e0 la dramaturgie: Marie Fourquet | Assistance en image et collaboration \u00e0 la cr\u00e9ation visuelle : Alice Nimier | Communication: Marie-Sophie P\u00e9clard<\/p>\n<p>COMME UN SAUT IMMOBILE EP.6 | Audiodanses<br \/>\nCie Crile-Lorena Dozio<\/p>\n<p>Lorena Dozio d\u00e9veloppe une recherche autour du principe de la description en relation aux limites du corps et aux \u00e9tats de conscience modifi\u00e9s. Cette nouvelle cr\u00e9ation fait partie du projet chor\u00e9graphique et sonore Audiodanses qui interroge l\u2019\u00e9cart entre ce que l\u2019on voit et ce que l\u2019on entend, interrogeant la physicalit\u00e9 du son et l\u2019invisibilit\u00e9 de la danse. La nouvelle cr\u00e9ation Comme un saut immobile se concentre sur la relation entre l\u2019environnement, le paysage et les limites du corps, ses \u00e9tats, sensations, perceptions internes et externes.<\/p>\n<p>Conception, danse et textes: Lorena Dozio | Son et musique: Kerwin Rolland | Musique: Carlo Ciceri | Textes, dramaturgie et voix: St\u00e9phane Bouquet | Collaboration: Kerem Gelebek | S\u00e9verine Bauvais | Julie Salgues | Lumi\u00e8res: S\u00e9verine Ri\u00e8me<\/p>\n","protected":false},"excerpt":{"rendered":"","protected":false},"author":2,"featured_media":2951,"comment_status":"closed","ping_status":"closed","sticky":false,"template":"","format":"standard","meta":{"_acf_changed":false,"inline_featured_image":false,"footnotes":""},"categories":[60,65],"tags":[],"class_list":["post-2979","post","type-post","status-publish","format-standard","has-post-thumbnail","hentry","category-archives-23","category-choregraphiques8"],"acf":[],"mb":[],"yoast_head":"<!-- This site is optimized with the Yoast SEO plugin v27.3 - https:\/\/yoast.com\/product\/yoast-seo-wordpress\/ -->\n<title>Les Chor\u00e9graphiques#8 - DANSOM\u00c8TRE - espace de cr\u00e9ation chor\u00e9graphique - VEVEY<\/title>\n<meta name=\"robots\" content=\"index, follow, max-snippet:-1, max-image-preview:large, max-video-preview:-1\" \/>\n<link rel=\"canonical\" href=\"https:\/\/www.dansometre.ch\/en\/archives\/archives-23\/les-choregraphiques8\/\" \/>\n<meta property=\"og:locale\" content=\"en_US\" \/>\n<meta property=\"og:type\" content=\"article\" \/>\n<meta property=\"og:title\" content=\"Les Chor\u00e9graphiques#8 - DANSOM\u00c8TRE - espace de cr\u00e9ation chor\u00e9graphique - VEVEY\" \/>\n<meta property=\"og:url\" content=\"https:\/\/www.dansometre.ch\/en\/archives\/archives-23\/les-choregraphiques8\/\" \/>\n<meta property=\"og:site_name\" content=\"DANSOM\u00c8TRE - espace de cr\u00e9ation chor\u00e9graphique - VEVEY\" \/>\n<meta property=\"article:published_time\" content=\"2023-01-09T14:35:05+00:00\" \/>\n<meta property=\"article:modified_time\" content=\"2023-03-21T12:06:25+00:00\" \/>\n<meta property=\"og:image\" content=\"https:\/\/www.dansometre.ch\/wp-content\/uploads\/o_flyer_A5_-Choregraphiques8_page-0001.jpg\" \/>\n\t<meta property=\"og:image:width\" content=\"875\" \/>\n\t<meta property=\"og:image:height\" content=\"1241\" \/>\n\t<meta property=\"og:image:type\" content=\"image\/jpeg\" \/>\n<meta name=\"author\" content=\"jasmine\" \/>\n<meta name=\"twitter:card\" content=\"summary_large_image\" \/>\n<meta name=\"twitter:label1\" content=\"Written by\" \/>\n\t<meta name=\"twitter:data1\" content=\"jasmine\" \/>\n\t<meta name=\"twitter:label2\" content=\"Est. reading time\" \/>\n\t<meta name=\"twitter:data2\" content=\"2 minutes\" \/>\n<script type=\"application\/ld+json\" class=\"yoast-schema-graph\">{\"@context\":\"https:\\\/\\\/schema.org\",\"@graph\":[{\"@type\":\"Article\",\"@id\":\"https:\\\/\\\/www.dansometre.ch\\\/en\\\/archives\\\/archives-23\\\/les-choregraphiques8\\\/#article\",\"isPartOf\":{\"@id\":\"https:\\\/\\\/www.dansometre.ch\\\/en\\\/archives\\\/archives-23\\\/les-choregraphiques8\\\/\"},\"author\":{\"name\":\"jasmine\",\"@id\":\"https:\\\/\\\/www.dansometre.ch\\\/en\\\/#\\\/schema\\\/person\\\/e4a492ad0b0cb31374af62cb03e5a050\"},\"headline\":\"Les Chor\u00e9graphiques#8\",\"datePublished\":\"2023-01-09T14:35:05+00:00\",\"dateModified\":\"2023-03-21T12:06:25+00:00\",\"mainEntityOfPage\":{\"@id\":\"https:\\\/\\\/www.dansometre.ch\\\/en\\\/archives\\\/archives-23\\\/les-choregraphiques8\\\/\"},\"wordCount\":416,\"publisher\":{\"@id\":\"https:\\\/\\\/www.dansometre.ch\\\/en\\\/#organization\"},\"image\":{\"@id\":\"https:\\\/\\\/www.dansometre.ch\\\/en\\\/archives\\\/archives-23\\\/les-choregraphiques8\\\/#primaryimage\"},\"thumbnailUrl\":\"https:\\\/\\\/www.dansometre.ch\\\/wp-content\\\/uploads\\\/o_flyer_A5_-Choregraphiques8_page-0001.jpg\",\"articleSection\":[\"Archives 23\",\"Chor\u00e9graphiques#8\"],\"inLanguage\":\"en-US\"},{\"@type\":\"WebPage\",\"@id\":\"https:\\\/\\\/www.dansometre.ch\\\/en\\\/archives\\\/archives-23\\\/les-choregraphiques8\\\/\",\"url\":\"https:\\\/\\\/www.dansometre.ch\\\/en\\\/archives\\\/archives-23\\\/les-choregraphiques8\\\/\",\"name\":\"Les Chor\u00e9graphiques#8 - DANSOM\u00c8TRE - espace de cr\u00e9ation chor\u00e9graphique - VEVEY\",\"isPartOf\":{\"@id\":\"https:\\\/\\\/www.dansometre.ch\\\/en\\\/#website\"},\"primaryImageOfPage\":{\"@id\":\"https:\\\/\\\/www.dansometre.ch\\\/en\\\/archives\\\/archives-23\\\/les-choregraphiques8\\\/#primaryimage\"},\"image\":{\"@id\":\"https:\\\/\\\/www.dansometre.ch\\\/en\\\/archives\\\/archives-23\\\/les-choregraphiques8\\\/#primaryimage\"},\"thumbnailUrl\":\"https:\\\/\\\/www.dansometre.ch\\\/wp-content\\\/uploads\\\/o_flyer_A5_-Choregraphiques8_page-0001.jpg\",\"datePublished\":\"2023-01-09T14:35:05+00:00\",\"dateModified\":\"2023-03-21T12:06:25+00:00\",\"breadcrumb\":{\"@id\":\"https:\\\/\\\/www.dansometre.ch\\\/en\\\/archives\\\/archives-23\\\/les-choregraphiques8\\\/#breadcrumb\"},\"inLanguage\":\"en-US\",\"potentialAction\":[{\"@type\":\"ReadAction\",\"target\":[\"https:\\\/\\\/www.dansometre.ch\\\/en\\\/archives\\\/archives-23\\\/les-choregraphiques8\\\/\"]}]},{\"@type\":\"ImageObject\",\"inLanguage\":\"en-US\",\"@id\":\"https:\\\/\\\/www.dansometre.ch\\\/en\\\/archives\\\/archives-23\\\/les-choregraphiques8\\\/#primaryimage\",\"url\":\"https:\\\/\\\/www.dansometre.ch\\\/wp-content\\\/uploads\\\/o_flyer_A5_-Choregraphiques8_page-0001.jpg\",\"contentUrl\":\"https:\\\/\\\/www.dansometre.ch\\\/wp-content\\\/uploads\\\/o_flyer_A5_-Choregraphiques8_page-0001.jpg\",\"width\":875,\"height\":1241},{\"@type\":\"BreadcrumbList\",\"@id\":\"https:\\\/\\\/www.dansometre.ch\\\/en\\\/archives\\\/archives-23\\\/les-choregraphiques8\\\/#breadcrumb\",\"itemListElement\":[{\"@type\":\"ListItem\",\"position\":1,\"name\":\"Accueil\",\"item\":\"https:\\\/\\\/www.dansometre.ch\\\/en\\\/\"},{\"@type\":\"ListItem\",\"position\":2,\"name\":\"Les Chor\u00e9graphiques#8\"}]},{\"@type\":\"WebSite\",\"@id\":\"https:\\\/\\\/www.dansometre.ch\\\/en\\\/#website\",\"url\":\"https:\\\/\\\/www.dansometre.ch\\\/en\\\/\",\"name\":\"DANSOM\u00c8TRE - espace de cr\u00e9ation chor\u00e9graphique - VEVEY\",\"description\":\"\",\"publisher\":{\"@id\":\"https:\\\/\\\/www.dansometre.ch\\\/en\\\/#organization\"},\"potentialAction\":[{\"@type\":\"SearchAction\",\"target\":{\"@type\":\"EntryPoint\",\"urlTemplate\":\"https:\\\/\\\/www.dansometre.ch\\\/en\\\/?s={search_term_string}\"},\"query-input\":{\"@type\":\"PropertyValueSpecification\",\"valueRequired\":true,\"valueName\":\"search_term_string\"}}],\"inLanguage\":\"en-US\"},{\"@type\":\"Organization\",\"@id\":\"https:\\\/\\\/www.dansometre.ch\\\/en\\\/#organization\",\"name\":\"DANSOM\u00c8TRE - espace de cr\u00e9ation chor\u00e9graphique - VEVEY\",\"url\":\"https:\\\/\\\/www.dansometre.ch\\\/en\\\/\",\"logo\":{\"@type\":\"ImageObject\",\"inLanguage\":\"en-US\",\"@id\":\"https:\\\/\\\/www.dansometre.ch\\\/en\\\/#\\\/schema\\\/logo\\\/image\\\/\",\"url\":\"https:\\\/\\\/www.dansometre.ch\\\/wp-content\\\/uploads\\\/favicon.png\",\"contentUrl\":\"https:\\\/\\\/www.dansometre.ch\\\/wp-content\\\/uploads\\\/favicon.png\",\"width\":1200,\"height\":1200,\"caption\":\"DANSOM\u00c8TRE - espace de cr\u00e9ation chor\u00e9graphique - VEVEY\"},\"image\":{\"@id\":\"https:\\\/\\\/www.dansometre.ch\\\/en\\\/#\\\/schema\\\/logo\\\/image\\\/\"}},{\"@type\":\"Person\",\"@id\":\"https:\\\/\\\/www.dansometre.ch\\\/en\\\/#\\\/schema\\\/person\\\/e4a492ad0b0cb31374af62cb03e5a050\",\"name\":\"jasmine\",\"image\":{\"@type\":\"ImageObject\",\"inLanguage\":\"en-US\",\"@id\":\"https:\\\/\\\/secure.gravatar.com\\\/avatar\\\/17af7ce1d97fddf2be9fcb6d28b59eda9f84b49e46ceb695d1455b7c5437fcc4?s=96&d=mm&r=g\",\"url\":\"https:\\\/\\\/secure.gravatar.com\\\/avatar\\\/17af7ce1d97fddf2be9fcb6d28b59eda9f84b49e46ceb695d1455b7c5437fcc4?s=96&d=mm&r=g\",\"contentUrl\":\"https:\\\/\\\/secure.gravatar.com\\\/avatar\\\/17af7ce1d97fddf2be9fcb6d28b59eda9f84b49e46ceb695d1455b7c5437fcc4?s=96&d=mm&r=g\",\"caption\":\"jasmine\"},\"url\":\"https:\\\/\\\/www.dansometre.ch\\\/en\\\/author\\\/jasmine\\\/\"}]}<\/script>\n<!-- \/ Yoast SEO plugin. -->","yoast_head_json":{"title":"Les Chor\u00e9graphiques#8 - DANSOM\u00c8TRE - espace de cr\u00e9ation chor\u00e9graphique - VEVEY","robots":{"index":"index","follow":"follow","max-snippet":"max-snippet:-1","max-image-preview":"max-image-preview:large","max-video-preview":"max-video-preview:-1"},"canonical":"https:\/\/www.dansometre.ch\/en\/archives\/archives-23\/les-choregraphiques8\/","og_locale":"en_US","og_type":"article","og_title":"Les Chor\u00e9graphiques#8 - DANSOM\u00c8TRE - espace de cr\u00e9ation chor\u00e9graphique - VEVEY","og_url":"https:\/\/www.dansometre.ch\/en\/archives\/archives-23\/les-choregraphiques8\/","og_site_name":"DANSOM\u00c8TRE - espace de cr\u00e9ation chor\u00e9graphique - VEVEY","article_published_time":"2023-01-09T14:35:05+00:00","article_modified_time":"2023-03-21T12:06:25+00:00","og_image":[{"width":875,"height":1241,"url":"https:\/\/www.dansometre.ch\/wp-content\/uploads\/o_flyer_A5_-Choregraphiques8_page-0001.jpg","type":"image\/jpeg"}],"author":"jasmine","twitter_card":"summary_large_image","twitter_misc":{"Written by":"jasmine","Est. reading time":"2 minutes"},"schema":{"@context":"https:\/\/schema.org","@graph":[{"@type":"Article","@id":"https:\/\/www.dansometre.ch\/en\/archives\/archives-23\/les-choregraphiques8\/#article","isPartOf":{"@id":"https:\/\/www.dansometre.ch\/en\/archives\/archives-23\/les-choregraphiques8\/"},"author":{"name":"jasmine","@id":"https:\/\/www.dansometre.ch\/en\/#\/schema\/person\/e4a492ad0b0cb31374af62cb03e5a050"},"headline":"Les Chor\u00e9graphiques#8","datePublished":"2023-01-09T14:35:05+00:00","dateModified":"2023-03-21T12:06:25+00:00","mainEntityOfPage":{"@id":"https:\/\/www.dansometre.ch\/en\/archives\/archives-23\/les-choregraphiques8\/"},"wordCount":416,"publisher":{"@id":"https:\/\/www.dansometre.ch\/en\/#organization"},"image":{"@id":"https:\/\/www.dansometre.ch\/en\/archives\/archives-23\/les-choregraphiques8\/#primaryimage"},"thumbnailUrl":"https:\/\/www.dansometre.ch\/wp-content\/uploads\/o_flyer_A5_-Choregraphiques8_page-0001.jpg","articleSection":["Archives 23","Chor\u00e9graphiques#8"],"inLanguage":"en-US"},{"@type":"WebPage","@id":"https:\/\/www.dansometre.ch\/en\/archives\/archives-23\/les-choregraphiques8\/","url":"https:\/\/www.dansometre.ch\/en\/archives\/archives-23\/les-choregraphiques8\/","name":"Les Chor\u00e9graphiques#8 - DANSOM\u00c8TRE - espace de cr\u00e9ation chor\u00e9graphique - VEVEY","isPartOf":{"@id":"https:\/\/www.dansometre.ch\/en\/#website"},"primaryImageOfPage":{"@id":"https:\/\/www.dansometre.ch\/en\/archives\/archives-23\/les-choregraphiques8\/#primaryimage"},"image":{"@id":"https:\/\/www.dansometre.ch\/en\/archives\/archives-23\/les-choregraphiques8\/#primaryimage"},"thumbnailUrl":"https:\/\/www.dansometre.ch\/wp-content\/uploads\/o_flyer_A5_-Choregraphiques8_page-0001.jpg","datePublished":"2023-01-09T14:35:05+00:00","dateModified":"2023-03-21T12:06:25+00:00","breadcrumb":{"@id":"https:\/\/www.dansometre.ch\/en\/archives\/archives-23\/les-choregraphiques8\/#breadcrumb"},"inLanguage":"en-US","potentialAction":[{"@type":"ReadAction","target":["https:\/\/www.dansometre.ch\/en\/archives\/archives-23\/les-choregraphiques8\/"]}]},{"@type":"ImageObject","inLanguage":"en-US","@id":"https:\/\/www.dansometre.ch\/en\/archives\/archives-23\/les-choregraphiques8\/#primaryimage","url":"https:\/\/www.dansometre.ch\/wp-content\/uploads\/o_flyer_A5_-Choregraphiques8_page-0001.jpg","contentUrl":"https:\/\/www.dansometre.ch\/wp-content\/uploads\/o_flyer_A5_-Choregraphiques8_page-0001.jpg","width":875,"height":1241},{"@type":"BreadcrumbList","@id":"https:\/\/www.dansometre.ch\/en\/archives\/archives-23\/les-choregraphiques8\/#breadcrumb","itemListElement":[{"@type":"ListItem","position":1,"name":"Accueil","item":"https:\/\/www.dansometre.ch\/en\/"},{"@type":"ListItem","position":2,"name":"Les Chor\u00e9graphiques#8"}]},{"@type":"WebSite","@id":"https:\/\/www.dansometre.ch\/en\/#website","url":"https:\/\/www.dansometre.ch\/en\/","name":"DANSOM\u00c8TRE - espace de cr\u00e9ation chor\u00e9graphique - VEVEY","description":"","publisher":{"@id":"https:\/\/www.dansometre.ch\/en\/#organization"},"potentialAction":[{"@type":"SearchAction","target":{"@type":"EntryPoint","urlTemplate":"https:\/\/www.dansometre.ch\/en\/?s={search_term_string}"},"query-input":{"@type":"PropertyValueSpecification","valueRequired":true,"valueName":"search_term_string"}}],"inLanguage":"en-US"},{"@type":"Organization","@id":"https:\/\/www.dansometre.ch\/en\/#organization","name":"DANSOM\u00c8TRE - espace de cr\u00e9ation chor\u00e9graphique - VEVEY","url":"https:\/\/www.dansometre.ch\/en\/","logo":{"@type":"ImageObject","inLanguage":"en-US","@id":"https:\/\/www.dansometre.ch\/en\/#\/schema\/logo\/image\/","url":"https:\/\/www.dansometre.ch\/wp-content\/uploads\/favicon.png","contentUrl":"https:\/\/www.dansometre.ch\/wp-content\/uploads\/favicon.png","width":1200,"height":1200,"caption":"DANSOM\u00c8TRE - espace de cr\u00e9ation chor\u00e9graphique - VEVEY"},"image":{"@id":"https:\/\/www.dansometre.ch\/en\/#\/schema\/logo\/image\/"}},{"@type":"Person","@id":"https:\/\/www.dansometre.ch\/en\/#\/schema\/person\/e4a492ad0b0cb31374af62cb03e5a050","name":"jasmine","image":{"@type":"ImageObject","inLanguage":"en-US","@id":"https:\/\/secure.gravatar.com\/avatar\/17af7ce1d97fddf2be9fcb6d28b59eda9f84b49e46ceb695d1455b7c5437fcc4?s=96&d=mm&r=g","url":"https:\/\/secure.gravatar.com\/avatar\/17af7ce1d97fddf2be9fcb6d28b59eda9f84b49e46ceb695d1455b7c5437fcc4?s=96&d=mm&r=g","contentUrl":"https:\/\/secure.gravatar.com\/avatar\/17af7ce1d97fddf2be9fcb6d28b59eda9f84b49e46ceb695d1455b7c5437fcc4?s=96&d=mm&r=g","caption":"jasmine"},"url":"https:\/\/www.dansometre.ch\/en\/author\/jasmine\/"}]}},"mfb_rest_fields":["title","yoast_head","yoast_head_json"],"_links":{"self":[{"href":"https:\/\/www.dansometre.ch\/en\/wp-json\/wp\/v2\/posts\/2979","targetHints":{"allow":["GET"]}}],"collection":[{"href":"https:\/\/www.dansometre.ch\/en\/wp-json\/wp\/v2\/posts"}],"about":[{"href":"https:\/\/www.dansometre.ch\/en\/wp-json\/wp\/v2\/types\/post"}],"author":[{"embeddable":true,"href":"https:\/\/www.dansometre.ch\/en\/wp-json\/wp\/v2\/users\/2"}],"replies":[{"embeddable":true,"href":"https:\/\/www.dansometre.ch\/en\/wp-json\/wp\/v2\/comments?post=2979"}],"version-history":[{"count":3,"href":"https:\/\/www.dansometre.ch\/en\/wp-json\/wp\/v2\/posts\/2979\/revisions"}],"predecessor-version":[{"id":3167,"href":"https:\/\/www.dansometre.ch\/en\/wp-json\/wp\/v2\/posts\/2979\/revisions\/3167"}],"wp:featuredmedia":[{"embeddable":true,"href":"https:\/\/www.dansometre.ch\/en\/wp-json\/wp\/v2\/media\/2951"}],"wp:attachment":[{"href":"https:\/\/www.dansometre.ch\/en\/wp-json\/wp\/v2\/media?parent=2979"}],"wp:term":[{"taxonomy":"category","embeddable":true,"href":"https:\/\/www.dansometre.ch\/en\/wp-json\/wp\/v2\/categories?post=2979"},{"taxonomy":"post_tag","embeddable":true,"href":"https:\/\/www.dansometre.ch\/en\/wp-json\/wp\/v2\/tags?post=2979"}],"curies":[{"name":"wp","href":"https:\/\/api.w.org\/{rel}","templated":true}]}}