{"id":331,"date":"2017-09-19T18:17:06","date_gmt":"2017-09-19T16:17:06","guid":{"rendered":"https:\/\/www.dansometre.ch\/?p=331"},"modified":"2017-10-17T13:11:11","modified_gmt":"2017-10-17T11:11:11","slug":"frequence-moteur","status":"publish","type":"post","link":"https:\/\/www.dansometre.ch\/en\/archives\/archives-residences\/residences-1617\/frequence-moteur\/","title":{"rendered":"Fr\u00e9quence Moteur"},"content":{"rendered":"<p>Vrt-Vrt est une installation n\u00e9e du dialogue entre une plasticienne \u2013 Johanna Monnier et une danseuse \u2013 Valentine Paley. Ensemble, elles ont imagin\u00e9 et con\u00e7u une s\u00e9rie d&#8217;oeuvres mouvantes, visibles dans les foyers et les couloirs de l\u2019Arsenic tout au long de La F\u00eate du Slip. Ces sculptures sont pens\u00e9es pour \u00eatre vues dans leur fixit\u00e9 ou anim\u00e9es par les deux artistes, rejointes pour l&#8217;occasion par \u00c9lodie Aubonney.<\/p>\n<p><strong>Conception<\/strong> Johanna Monnier et Valentine Paley<br \/>\n<strong>Interpr\u00e9tation<\/strong> \u00c9lodie Aubonney<\/p>\n<p>Pr\u00e9sent\u00e9 dans le cadre du <a href=\"http:\/\/www.lafeteduslip.ch\/2017\">Festival du Slip 2017<\/a>, Lausanne &#8211; 03, 04, 05 mars 2017.<\/p>\n<p><a href=\"http:\/\/www.frequencemoteur.com\">www.frequencemoteur.com<\/a><\/p>\n<p><iframe loading=\"lazy\" title=\"Vrt-Vrt\" src=\"https:\/\/player.vimeo.com\/video\/223955600?dnt=1&amp;app_id=122963\" width=\"500\" height=\"281\" frameborder=\"0\" allow=\"autoplay; fullscreen; picture-in-picture; clipboard-write; encrypted-media\"><\/iframe><\/p>\n","protected":false},"excerpt":{"rendered":"<p>Vrt-Vrt est une installation n\u00e9e du dialogue entre une plasticienne \u2013 Johanna Monnier et une danseuse \u2013 Valentine Paley. Ensemble, elles ont imagin\u00e9 et con\u00e7u une s\u00e9rie d&#8217;oeuvres mouvantes, visibles dans les foyers et les couloirs de l\u2019Arsenic tout au long de La F\u00eate du Slip. Ces sculptures sont pens\u00e9es pour \u00eatre vues dans leur [&hellip;]<\/p>\n","protected":false},"author":2,"featured_media":359,"comment_status":"closed","ping_status":"closed","sticky":false,"template":"","format":"standard","meta":{"_acf_changed":false,"inline_featured_image":false,"footnotes":""},"categories":[23,18],"tags":[],"class_list":["post-331","post","type-post","status-publish","format-standard","has-post-thumbnail","hentry","category-archives-residences","category-residences-1617"],"acf":[],"mb":[],"yoast_head":"<!-- This site is optimized with the Yoast SEO plugin v27.3 - https:\/\/yoast.com\/product\/yoast-seo-wordpress\/ -->\n<title>Fr\u00e9quence Moteur - DANSOM\u00c8TRE - espace de cr\u00e9ation chor\u00e9graphique - VEVEY<\/title>\n<meta name=\"robots\" content=\"index, follow, max-snippet:-1, max-image-preview:large, max-video-preview:-1\" \/>\n<link rel=\"canonical\" href=\"https:\/\/www.dansometre.ch\/en\/archives\/archives-residences\/residences-1617\/frequence-moteur\/\" \/>\n<meta property=\"og:locale\" content=\"en_US\" \/>\n<meta property=\"og:type\" content=\"article\" \/>\n<meta property=\"og:title\" content=\"Fr\u00e9quence Moteur - DANSOM\u00c8TRE - espace de cr\u00e9ation chor\u00e9graphique - VEVEY\" \/>\n<meta property=\"og:description\" content=\"Vrt-Vrt est une installation n\u00e9e du dialogue entre une plasticienne \u2013 Johanna Monnier et une danseuse \u2013 Valentine Paley. Ensemble, elles ont imagin\u00e9 et con\u00e7u une s\u00e9rie d&#8217;oeuvres mouvantes, visibles dans les foyers et les couloirs de l\u2019Arsenic tout au long de La F\u00eate du Slip. Ces sculptures sont pens\u00e9es pour \u00eatre vues dans leur [&hellip;]\" \/>\n<meta property=\"og:url\" content=\"https:\/\/www.dansometre.ch\/en\/archives\/archives-residences\/residences-1617\/frequence-moteur\/\" \/>\n<meta property=\"og:site_name\" content=\"DANSOM\u00c8TRE - espace de cr\u00e9ation chor\u00e9graphique - VEVEY\" \/>\n<meta property=\"article:published_time\" content=\"2017-09-19T16:17:06+00:00\" \/>\n<meta property=\"article:modified_time\" content=\"2017-10-17T11:11:11+00:00\" \/>\n<meta property=\"og:image\" content=\"https:\/\/www.dansometre.ch\/wp-content\/uploads\/Frequence.jpg\" \/>\n\t<meta property=\"og:image:width\" content=\"500\" \/>\n\t<meta property=\"og:image:height\" content=\"187\" \/>\n\t<meta property=\"og:image:type\" content=\"image\/jpeg\" \/>\n<meta name=\"author\" content=\"jasmine\" \/>\n<meta name=\"twitter:card\" content=\"summary_large_image\" \/>\n<meta name=\"twitter:label1\" content=\"Written by\" \/>\n\t<meta name=\"twitter:data1\" content=\"jasmine\" \/>\n\t<meta name=\"twitter:label2\" content=\"Est. reading time\" \/>\n\t<meta name=\"twitter:data2\" content=\"1 minute\" \/>\n<script type=\"application\/ld+json\" class=\"yoast-schema-graph\">{\"@context\":\"https:\\\/\\\/schema.org\",\"@graph\":[{\"@type\":\"Article\",\"@id\":\"https:\\\/\\\/www.dansometre.ch\\\/en\\\/archives\\\/archives-residences\\\/residences-1617\\\/frequence-moteur\\\/#article\",\"isPartOf\":{\"@id\":\"https:\\\/\\\/www.dansometre.ch\\\/en\\\/archives\\\/archives-residences\\\/residences-1617\\\/frequence-moteur\\\/\"},\"author\":{\"name\":\"jasmine\",\"@id\":\"https:\\\/\\\/www.dansometre.ch\\\/en\\\/#\\\/schema\\\/person\\\/e4a492ad0b0cb31374af62cb03e5a050\"},\"headline\":\"Fr\u00e9quence Moteur\",\"datePublished\":\"2017-09-19T16:17:06+00:00\",\"dateModified\":\"2017-10-17T11:11:11+00:00\",\"mainEntityOfPage\":{\"@id\":\"https:\\\/\\\/www.dansometre.ch\\\/en\\\/archives\\\/archives-residences\\\/residences-1617\\\/frequence-moteur\\\/\"},\"wordCount\":106,\"publisher\":{\"@id\":\"https:\\\/\\\/www.dansometre.ch\\\/en\\\/#organization\"},\"image\":{\"@id\":\"https:\\\/\\\/www.dansometre.ch\\\/en\\\/archives\\\/archives-residences\\\/residences-1617\\\/frequence-moteur\\\/#primaryimage\"},\"thumbnailUrl\":\"https:\\\/\\\/www.dansometre.ch\\\/wp-content\\\/uploads\\\/Frequence.jpg\",\"articleSection\":[\"Archives R\u00e9sidences\",\"R\u00e9sidences 16\\\/17\"],\"inLanguage\":\"en-US\"},{\"@type\":\"WebPage\",\"@id\":\"https:\\\/\\\/www.dansometre.ch\\\/en\\\/archives\\\/archives-residences\\\/residences-1617\\\/frequence-moteur\\\/\",\"url\":\"https:\\\/\\\/www.dansometre.ch\\\/en\\\/archives\\\/archives-residences\\\/residences-1617\\\/frequence-moteur\\\/\",\"name\":\"Fr\u00e9quence Moteur - DANSOM\u00c8TRE - espace de cr\u00e9ation chor\u00e9graphique - VEVEY\",\"isPartOf\":{\"@id\":\"https:\\\/\\\/www.dansometre.ch\\\/en\\\/#website\"},\"primaryImageOfPage\":{\"@id\":\"https:\\\/\\\/www.dansometre.ch\\\/en\\\/archives\\\/archives-residences\\\/residences-1617\\\/frequence-moteur\\\/#primaryimage\"},\"image\":{\"@id\":\"https:\\\/\\\/www.dansometre.ch\\\/en\\\/archives\\\/archives-residences\\\/residences-1617\\\/frequence-moteur\\\/#primaryimage\"},\"thumbnailUrl\":\"https:\\\/\\\/www.dansometre.ch\\\/wp-content\\\/uploads\\\/Frequence.jpg\",\"datePublished\":\"2017-09-19T16:17:06+00:00\",\"dateModified\":\"2017-10-17T11:11:11+00:00\",\"breadcrumb\":{\"@id\":\"https:\\\/\\\/www.dansometre.ch\\\/en\\\/archives\\\/archives-residences\\\/residences-1617\\\/frequence-moteur\\\/#breadcrumb\"},\"inLanguage\":\"en-US\",\"potentialAction\":[{\"@type\":\"ReadAction\",\"target\":[\"https:\\\/\\\/www.dansometre.ch\\\/en\\\/archives\\\/archives-residences\\\/residences-1617\\\/frequence-moteur\\\/\"]}]},{\"@type\":\"ImageObject\",\"inLanguage\":\"en-US\",\"@id\":\"https:\\\/\\\/www.dansometre.ch\\\/en\\\/archives\\\/archives-residences\\\/residences-1617\\\/frequence-moteur\\\/#primaryimage\",\"url\":\"https:\\\/\\\/www.dansometre.ch\\\/wp-content\\\/uploads\\\/Frequence.jpg\",\"contentUrl\":\"https:\\\/\\\/www.dansometre.ch\\\/wp-content\\\/uploads\\\/Frequence.jpg\",\"width\":500,\"height\":187},{\"@type\":\"BreadcrumbList\",\"@id\":\"https:\\\/\\\/www.dansometre.ch\\\/en\\\/archives\\\/archives-residences\\\/residences-1617\\\/frequence-moteur\\\/#breadcrumb\",\"itemListElement\":[{\"@type\":\"ListItem\",\"position\":1,\"name\":\"Accueil\",\"item\":\"https:\\\/\\\/www.dansometre.ch\\\/en\\\/\"},{\"@type\":\"ListItem\",\"position\":2,\"name\":\"Fr\u00e9quence Moteur\"}]},{\"@type\":\"WebSite\",\"@id\":\"https:\\\/\\\/www.dansometre.ch\\\/en\\\/#website\",\"url\":\"https:\\\/\\\/www.dansometre.ch\\\/en\\\/\",\"name\":\"DANSOM\u00c8TRE - espace de cr\u00e9ation chor\u00e9graphique - VEVEY\",\"description\":\"\",\"publisher\":{\"@id\":\"https:\\\/\\\/www.dansometre.ch\\\/en\\\/#organization\"},\"potentialAction\":[{\"@type\":\"SearchAction\",\"target\":{\"@type\":\"EntryPoint\",\"urlTemplate\":\"https:\\\/\\\/www.dansometre.ch\\\/en\\\/?s={search_term_string}\"},\"query-input\":{\"@type\":\"PropertyValueSpecification\",\"valueRequired\":true,\"valueName\":\"search_term_string\"}}],\"inLanguage\":\"en-US\"},{\"@type\":\"Organization\",\"@id\":\"https:\\\/\\\/www.dansometre.ch\\\/en\\\/#organization\",\"name\":\"DANSOM\u00c8TRE - espace de cr\u00e9ation chor\u00e9graphique - VEVEY\",\"url\":\"https:\\\/\\\/www.dansometre.ch\\\/en\\\/\",\"logo\":{\"@type\":\"ImageObject\",\"inLanguage\":\"en-US\",\"@id\":\"https:\\\/\\\/www.dansometre.ch\\\/en\\\/#\\\/schema\\\/logo\\\/image\\\/\",\"url\":\"https:\\\/\\\/www.dansometre.ch\\\/wp-content\\\/uploads\\\/favicon.png\",\"contentUrl\":\"https:\\\/\\\/www.dansometre.ch\\\/wp-content\\\/uploads\\\/favicon.png\",\"width\":1200,\"height\":1200,\"caption\":\"DANSOM\u00c8TRE - espace de cr\u00e9ation chor\u00e9graphique - VEVEY\"},\"image\":{\"@id\":\"https:\\\/\\\/www.dansometre.ch\\\/en\\\/#\\\/schema\\\/logo\\\/image\\\/\"}},{\"@type\":\"Person\",\"@id\":\"https:\\\/\\\/www.dansometre.ch\\\/en\\\/#\\\/schema\\\/person\\\/e4a492ad0b0cb31374af62cb03e5a050\",\"name\":\"jasmine\",\"image\":{\"@type\":\"ImageObject\",\"inLanguage\":\"en-US\",\"@id\":\"https:\\\/\\\/secure.gravatar.com\\\/avatar\\\/17af7ce1d97fddf2be9fcb6d28b59eda9f84b49e46ceb695d1455b7c5437fcc4?s=96&d=mm&r=g\",\"url\":\"https:\\\/\\\/secure.gravatar.com\\\/avatar\\\/17af7ce1d97fddf2be9fcb6d28b59eda9f84b49e46ceb695d1455b7c5437fcc4?s=96&d=mm&r=g\",\"contentUrl\":\"https:\\\/\\\/secure.gravatar.com\\\/avatar\\\/17af7ce1d97fddf2be9fcb6d28b59eda9f84b49e46ceb695d1455b7c5437fcc4?s=96&d=mm&r=g\",\"caption\":\"jasmine\"},\"url\":\"https:\\\/\\\/www.dansometre.ch\\\/en\\\/author\\\/jasmine\\\/\"}]}<\/script>\n<!-- \/ Yoast SEO plugin. -->","yoast_head_json":{"title":"Fr\u00e9quence Moteur - DANSOM\u00c8TRE - espace de cr\u00e9ation chor\u00e9graphique - VEVEY","robots":{"index":"index","follow":"follow","max-snippet":"max-snippet:-1","max-image-preview":"max-image-preview:large","max-video-preview":"max-video-preview:-1"},"canonical":"https:\/\/www.dansometre.ch\/en\/archives\/archives-residences\/residences-1617\/frequence-moteur\/","og_locale":"en_US","og_type":"article","og_title":"Fr\u00e9quence Moteur - DANSOM\u00c8TRE - espace de cr\u00e9ation chor\u00e9graphique - VEVEY","og_description":"Vrt-Vrt est une installation n\u00e9e du dialogue entre une plasticienne \u2013 Johanna Monnier et une danseuse \u2013 Valentine Paley. Ensemble, elles ont imagin\u00e9 et con\u00e7u une s\u00e9rie d&#8217;oeuvres mouvantes, visibles dans les foyers et les couloirs de l\u2019Arsenic tout au long de La F\u00eate du Slip. Ces sculptures sont pens\u00e9es pour \u00eatre vues dans leur [&hellip;]","og_url":"https:\/\/www.dansometre.ch\/en\/archives\/archives-residences\/residences-1617\/frequence-moteur\/","og_site_name":"DANSOM\u00c8TRE - espace de cr\u00e9ation chor\u00e9graphique - VEVEY","article_published_time":"2017-09-19T16:17:06+00:00","article_modified_time":"2017-10-17T11:11:11+00:00","og_image":[{"width":500,"height":187,"url":"https:\/\/www.dansometre.ch\/wp-content\/uploads\/Frequence.jpg","type":"image\/jpeg"}],"author":"jasmine","twitter_card":"summary_large_image","twitter_misc":{"Written by":"jasmine","Est. reading time":"1 minute"},"schema":{"@context":"https:\/\/schema.org","@graph":[{"@type":"Article","@id":"https:\/\/www.dansometre.ch\/en\/archives\/archives-residences\/residences-1617\/frequence-moteur\/#article","isPartOf":{"@id":"https:\/\/www.dansometre.ch\/en\/archives\/archives-residences\/residences-1617\/frequence-moteur\/"},"author":{"name":"jasmine","@id":"https:\/\/www.dansometre.ch\/en\/#\/schema\/person\/e4a492ad0b0cb31374af62cb03e5a050"},"headline":"Fr\u00e9quence Moteur","datePublished":"2017-09-19T16:17:06+00:00","dateModified":"2017-10-17T11:11:11+00:00","mainEntityOfPage":{"@id":"https:\/\/www.dansometre.ch\/en\/archives\/archives-residences\/residences-1617\/frequence-moteur\/"},"wordCount":106,"publisher":{"@id":"https:\/\/www.dansometre.ch\/en\/#organization"},"image":{"@id":"https:\/\/www.dansometre.ch\/en\/archives\/archives-residences\/residences-1617\/frequence-moteur\/#primaryimage"},"thumbnailUrl":"https:\/\/www.dansometre.ch\/wp-content\/uploads\/Frequence.jpg","articleSection":["Archives R\u00e9sidences","R\u00e9sidences 16\/17"],"inLanguage":"en-US"},{"@type":"WebPage","@id":"https:\/\/www.dansometre.ch\/en\/archives\/archives-residences\/residences-1617\/frequence-moteur\/","url":"https:\/\/www.dansometre.ch\/en\/archives\/archives-residences\/residences-1617\/frequence-moteur\/","name":"Fr\u00e9quence Moteur - DANSOM\u00c8TRE - espace de cr\u00e9ation chor\u00e9graphique - VEVEY","isPartOf":{"@id":"https:\/\/www.dansometre.ch\/en\/#website"},"primaryImageOfPage":{"@id":"https:\/\/www.dansometre.ch\/en\/archives\/archives-residences\/residences-1617\/frequence-moteur\/#primaryimage"},"image":{"@id":"https:\/\/www.dansometre.ch\/en\/archives\/archives-residences\/residences-1617\/frequence-moteur\/#primaryimage"},"thumbnailUrl":"https:\/\/www.dansometre.ch\/wp-content\/uploads\/Frequence.jpg","datePublished":"2017-09-19T16:17:06+00:00","dateModified":"2017-10-17T11:11:11+00:00","breadcrumb":{"@id":"https:\/\/www.dansometre.ch\/en\/archives\/archives-residences\/residences-1617\/frequence-moteur\/#breadcrumb"},"inLanguage":"en-US","potentialAction":[{"@type":"ReadAction","target":["https:\/\/www.dansometre.ch\/en\/archives\/archives-residences\/residences-1617\/frequence-moteur\/"]}]},{"@type":"ImageObject","inLanguage":"en-US","@id":"https:\/\/www.dansometre.ch\/en\/archives\/archives-residences\/residences-1617\/frequence-moteur\/#primaryimage","url":"https:\/\/www.dansometre.ch\/wp-content\/uploads\/Frequence.jpg","contentUrl":"https:\/\/www.dansometre.ch\/wp-content\/uploads\/Frequence.jpg","width":500,"height":187},{"@type":"BreadcrumbList","@id":"https:\/\/www.dansometre.ch\/en\/archives\/archives-residences\/residences-1617\/frequence-moteur\/#breadcrumb","itemListElement":[{"@type":"ListItem","position":1,"name":"Accueil","item":"https:\/\/www.dansometre.ch\/en\/"},{"@type":"ListItem","position":2,"name":"Fr\u00e9quence Moteur"}]},{"@type":"WebSite","@id":"https:\/\/www.dansometre.ch\/en\/#website","url":"https:\/\/www.dansometre.ch\/en\/","name":"DANSOM\u00c8TRE - espace de cr\u00e9ation chor\u00e9graphique - VEVEY","description":"","publisher":{"@id":"https:\/\/www.dansometre.ch\/en\/#organization"},"potentialAction":[{"@type":"SearchAction","target":{"@type":"EntryPoint","urlTemplate":"https:\/\/www.dansometre.ch\/en\/?s={search_term_string}"},"query-input":{"@type":"PropertyValueSpecification","valueRequired":true,"valueName":"search_term_string"}}],"inLanguage":"en-US"},{"@type":"Organization","@id":"https:\/\/www.dansometre.ch\/en\/#organization","name":"DANSOM\u00c8TRE - espace de cr\u00e9ation chor\u00e9graphique - VEVEY","url":"https:\/\/www.dansometre.ch\/en\/","logo":{"@type":"ImageObject","inLanguage":"en-US","@id":"https:\/\/www.dansometre.ch\/en\/#\/schema\/logo\/image\/","url":"https:\/\/www.dansometre.ch\/wp-content\/uploads\/favicon.png","contentUrl":"https:\/\/www.dansometre.ch\/wp-content\/uploads\/favicon.png","width":1200,"height":1200,"caption":"DANSOM\u00c8TRE - espace de cr\u00e9ation chor\u00e9graphique - VEVEY"},"image":{"@id":"https:\/\/www.dansometre.ch\/en\/#\/schema\/logo\/image\/"}},{"@type":"Person","@id":"https:\/\/www.dansometre.ch\/en\/#\/schema\/person\/e4a492ad0b0cb31374af62cb03e5a050","name":"jasmine","image":{"@type":"ImageObject","inLanguage":"en-US","@id":"https:\/\/secure.gravatar.com\/avatar\/17af7ce1d97fddf2be9fcb6d28b59eda9f84b49e46ceb695d1455b7c5437fcc4?s=96&d=mm&r=g","url":"https:\/\/secure.gravatar.com\/avatar\/17af7ce1d97fddf2be9fcb6d28b59eda9f84b49e46ceb695d1455b7c5437fcc4?s=96&d=mm&r=g","contentUrl":"https:\/\/secure.gravatar.com\/avatar\/17af7ce1d97fddf2be9fcb6d28b59eda9f84b49e46ceb695d1455b7c5437fcc4?s=96&d=mm&r=g","caption":"jasmine"},"url":"https:\/\/www.dansometre.ch\/en\/author\/jasmine\/"}]}},"mfb_rest_fields":["title","yoast_head","yoast_head_json"],"_links":{"self":[{"href":"https:\/\/www.dansometre.ch\/en\/wp-json\/wp\/v2\/posts\/331","targetHints":{"allow":["GET"]}}],"collection":[{"href":"https:\/\/www.dansometre.ch\/en\/wp-json\/wp\/v2\/posts"}],"about":[{"href":"https:\/\/www.dansometre.ch\/en\/wp-json\/wp\/v2\/types\/post"}],"author":[{"embeddable":true,"href":"https:\/\/www.dansometre.ch\/en\/wp-json\/wp\/v2\/users\/2"}],"replies":[{"embeddable":true,"href":"https:\/\/www.dansometre.ch\/en\/wp-json\/wp\/v2\/comments?post=331"}],"version-history":[{"count":4,"href":"https:\/\/www.dansometre.ch\/en\/wp-json\/wp\/v2\/posts\/331\/revisions"}],"predecessor-version":[{"id":576,"href":"https:\/\/www.dansometre.ch\/en\/wp-json\/wp\/v2\/posts\/331\/revisions\/576"}],"wp:featuredmedia":[{"embeddable":true,"href":"https:\/\/www.dansometre.ch\/en\/wp-json\/wp\/v2\/media\/359"}],"wp:attachment":[{"href":"https:\/\/www.dansometre.ch\/en\/wp-json\/wp\/v2\/media?parent=331"}],"wp:term":[{"taxonomy":"category","embeddable":true,"href":"https:\/\/www.dansometre.ch\/en\/wp-json\/wp\/v2\/categories?post=331"},{"taxonomy":"post_tag","embeddable":true,"href":"https:\/\/www.dansometre.ch\/en\/wp-json\/wp\/v2\/tags?post=331"}],"curies":[{"name":"wp","href":"https:\/\/api.w.org\/{rel}","templated":true}]}}