{"id":3551,"date":"2023-07-20T10:01:07","date_gmt":"2023-07-20T08:01:07","guid":{"rendered":"https:\/\/www.dansometre.ch\/?p=3551"},"modified":"2023-08-02T08:04:55","modified_gmt":"2023-08-02T06:04:55","slug":"cie-ex-corps","status":"publish","type":"post","link":"https:\/\/www.dansometre.ch\/en\/residences\/serie5\/cie-ex-corps\/","title":{"rendered":"Cie Ex. Corps"},"content":{"rendered":"<p>Cette deuxi\u00e8me cr\u00e9ation du chor\u00e9graphe Pascal Neyron allie technologie et danse, afin de confronter les analogies entre robot et Humain, entre courant \u00e9lectrique et biom\u00e9canique. La fronti\u00e8re sera d\u2019autant plus t\u00e9nue que les corps, eux-m\u00eames, pourront \u00eatre d\u00e9vi\u00e9s de leur trajectoire chor\u00e9graphique par une impulsion Ex vivo. Par l\u2019intrusion de cet \u00e9l\u00e9ment perturbateur dans l\u2019ex\u00e9cution des mouvements chor\u00e9graphiques (devenant de fait alternativement mouvements volontaires puis involontaires), Pascal Neyron souhaite mettre en \u00e9vidence la &#8220;machine humaine&#8221; qui implique \u00e0 la fois corps et cerveau.<\/p>\n<p>Teaser:<\/p>\n<p><iframe loading=\"lazy\" title=\"Ex vivo\" src=\"https:\/\/player.vimeo.com\/video\/407936680?dnt=1&amp;app_id=122963\" width=\"500\" height=\"281\" frameborder=\"0\" allow=\"autoplay; fullscreen; picture-in-picture; clipboard-write; encrypted-media\"><\/iframe><\/p>\n<p>&nbsp;<\/p>\n<p>La compagnie Ex. Corps a pour vocation d\u2019inviter les spectateurs et spectatrices dans le monde de la danse contemporaine combin\u00e9e \u00e0 la technologie gr\u00e2ce \u00e0 l\u2019imagination novatrice du chor\u00e9graphe Pascal Neyron.<\/p>\n<p><strong>Pascal Neyron, <\/strong>chor\u00e9graphe<\/p>\n<p>N\u00e9 en 1993, Pascal Neyron est un directeur artistique et chor\u00e9graphe fran\u00e7ais. Il a \u00e9tudi\u00e9 la danse classique au Conservatoire National dans la r\u00e9gion de Lyon dans le but d&#8217;int\u00e9grer le Conservatoire National Sup\u00e9rieur de danse d&#8217;Avignon. Il a \u00e9galement suivi une formation au Centre de formation danseur de Biarritz avant d\u2019int\u00e9grer le Ballet Junior de Gen\u00e8ve pendant deux ann\u00e9es.<\/p>\n<p><strong>Erin O\u2019Reilly<\/strong>, interpr\u00e8te<\/p>\n<p>Originaire de Californie, Erin est une danseuse et chor\u00e9graphe ayant \u00e9lu domicile \u00e0 Gen\u00e8ve depuis plusieurs ann\u00e9es. Elle a collabor\u00e9 avec de nombreux chor\u00e9graphes de renom en Suisse et \u00e0 l\u2019\u00e9tranger, et est reconnue pour son style unique, qui allie force et d\u00e9licatesse, fluidit\u00e9 et pr\u00e9cision, cr\u00e9ant ainsi des performances captivantes et \u00e9motionnellement intenses.<\/p>\n<p><strong>Ibai Jimenez<\/strong>, interpr\u00e8te<\/p>\n<p>Ibai Jimenez est n\u00e9 en 1997. Il a \u00e9t\u00e9 initi\u00e9 \u00e0 la danse \u00e0 travers le folklore traditionnel basque d\u00e8s l&#8217;\u00e2ge de trois ans. Plus tard, il a commenc\u00e9 \u00e0 se former \u00e0 la danse classique et contemporaine \u00e0 l&#8217;\u00c9cole sup\u00e9rieure des arts dramatiques et de la danse du Pays Basque et \u00e0 Danza 180\u00ba. En 2018, il rejoint le Ballet Junior de Gen\u00e8ve. Il se produit \u00e0 pr\u00e9sent avec plusieurs compagnies sur des projets ind\u00e9pendants ainsi qu&#8217;avec<span style=\"color: #000000;\">\u00a0le <\/span>Ballet National de Marseille.<\/p>\n","protected":false},"excerpt":{"rendered":"<p>Cette deuxi\u00e8me cr\u00e9ation du chor\u00e9graphe Pascal Neyron allie technologie et danse, afin de confronter les analogies entre robot et Humain, entre courant \u00e9lectrique et biom\u00e9canique. La fronti\u00e8re sera d\u2019autant plus t\u00e9nue que les corps, eux-m\u00eames, pourront \u00eatre d\u00e9vi\u00e9s de leur trajectoire chor\u00e9graphique par une impulsion Ex vivo. Par l\u2019intrusion de cet \u00e9l\u00e9ment perturbateur dans l\u2019ex\u00e9cution [&hellip;]<\/p>\n","protected":false},"author":2,"featured_media":3552,"comment_status":"closed","ping_status":"closed","sticky":false,"template":"","format":"standard","meta":{"_acf_changed":false,"inline_featured_image":false,"footnotes":""},"categories":[64],"tags":[],"class_list":["post-3551","post","type-post","status-publish","format-standard","has-post-thumbnail","hentry","category-serie5"],"acf":[],"mb":[],"yoast_head":"<!-- This site is optimized with the Yoast SEO plugin v27.3 - https:\/\/yoast.com\/product\/yoast-seo-wordpress\/ -->\n<title>Cie Ex. Corps - DANSOM\u00c8TRE - espace de cr\u00e9ation chor\u00e9graphique - VEVEY<\/title>\n<meta name=\"robots\" content=\"index, follow, max-snippet:-1, max-image-preview:large, max-video-preview:-1\" \/>\n<link rel=\"canonical\" href=\"https:\/\/www.dansometre.ch\/en\/residences\/serie5\/cie-ex-corps\/\" \/>\n<meta property=\"og:locale\" content=\"en_US\" \/>\n<meta property=\"og:type\" content=\"article\" \/>\n<meta property=\"og:title\" content=\"Cie Ex. Corps - DANSOM\u00c8TRE - espace de cr\u00e9ation chor\u00e9graphique - VEVEY\" \/>\n<meta property=\"og:description\" content=\"Cette deuxi\u00e8me cr\u00e9ation du chor\u00e9graphe Pascal Neyron allie technologie et danse, afin de confronter les analogies entre robot et Humain, entre courant \u00e9lectrique et biom\u00e9canique. La fronti\u00e8re sera d\u2019autant plus t\u00e9nue que les corps, eux-m\u00eames, pourront \u00eatre d\u00e9vi\u00e9s de leur trajectoire chor\u00e9graphique par une impulsion Ex vivo. Par l\u2019intrusion de cet \u00e9l\u00e9ment perturbateur dans l\u2019ex\u00e9cution [&hellip;]\" \/>\n<meta property=\"og:url\" content=\"https:\/\/www.dansometre.ch\/en\/residences\/serie5\/cie-ex-corps\/\" \/>\n<meta property=\"og:site_name\" content=\"DANSOM\u00c8TRE - espace de cr\u00e9ation chor\u00e9graphique - VEVEY\" \/>\n<meta property=\"article:published_time\" content=\"2023-07-20T08:01:07+00:00\" \/>\n<meta property=\"article:modified_time\" content=\"2023-08-02T06:04:55+00:00\" \/>\n<meta property=\"og:image\" content=\"https:\/\/www.dansometre.ch\/wp-content\/uploads\/DANSOMETRE_SERIE_5_1080x1080px_Ex.Corps_A_8.jpg\" \/>\n\t<meta property=\"og:image:width\" content=\"2250\" \/>\n\t<meta property=\"og:image:height\" content=\"2250\" \/>\n\t<meta property=\"og:image:type\" content=\"image\/jpeg\" \/>\n<meta name=\"author\" content=\"jasmine\" \/>\n<meta name=\"twitter:card\" content=\"summary_large_image\" \/>\n<meta name=\"twitter:label1\" content=\"Written by\" \/>\n\t<meta name=\"twitter:data1\" content=\"jasmine\" \/>\n\t<meta name=\"twitter:label2\" content=\"Est. reading time\" \/>\n\t<meta name=\"twitter:data2\" content=\"2 minutes\" \/>\n<script type=\"application\/ld+json\" class=\"yoast-schema-graph\">{\"@context\":\"https:\\\/\\\/schema.org\",\"@graph\":[{\"@type\":\"Article\",\"@id\":\"https:\\\/\\\/www.dansometre.ch\\\/en\\\/residences\\\/serie5\\\/cie-ex-corps\\\/#article\",\"isPartOf\":{\"@id\":\"https:\\\/\\\/www.dansometre.ch\\\/en\\\/residences\\\/serie5\\\/cie-ex-corps\\\/\"},\"author\":{\"name\":\"jasmine\",\"@id\":\"https:\\\/\\\/www.dansometre.ch\\\/en\\\/#\\\/schema\\\/person\\\/e4a492ad0b0cb31374af62cb03e5a050\"},\"headline\":\"Cie Ex. Corps\",\"datePublished\":\"2023-07-20T08:01:07+00:00\",\"dateModified\":\"2023-08-02T06:04:55+00:00\",\"mainEntityOfPage\":{\"@id\":\"https:\\\/\\\/www.dansometre.ch\\\/en\\\/residences\\\/serie5\\\/cie-ex-corps\\\/\"},\"wordCount\":364,\"publisher\":{\"@id\":\"https:\\\/\\\/www.dansometre.ch\\\/en\\\/#organization\"},\"image\":{\"@id\":\"https:\\\/\\\/www.dansometre.ch\\\/en\\\/residences\\\/serie5\\\/cie-ex-corps\\\/#primaryimage\"},\"thumbnailUrl\":\"https:\\\/\\\/www.dansometre.ch\\\/wp-content\\\/uploads\\\/DANSOMETRE_SERIE_5_1080x1080px_Ex.Corps_A_8.jpg\",\"articleSection\":[\"S\u00c9RIE#5\"],\"inLanguage\":\"en-US\"},{\"@type\":\"WebPage\",\"@id\":\"https:\\\/\\\/www.dansometre.ch\\\/en\\\/residences\\\/serie5\\\/cie-ex-corps\\\/\",\"url\":\"https:\\\/\\\/www.dansometre.ch\\\/en\\\/residences\\\/serie5\\\/cie-ex-corps\\\/\",\"name\":\"Cie Ex. Corps - DANSOM\u00c8TRE - espace de cr\u00e9ation chor\u00e9graphique - VEVEY\",\"isPartOf\":{\"@id\":\"https:\\\/\\\/www.dansometre.ch\\\/en\\\/#website\"},\"primaryImageOfPage\":{\"@id\":\"https:\\\/\\\/www.dansometre.ch\\\/en\\\/residences\\\/serie5\\\/cie-ex-corps\\\/#primaryimage\"},\"image\":{\"@id\":\"https:\\\/\\\/www.dansometre.ch\\\/en\\\/residences\\\/serie5\\\/cie-ex-corps\\\/#primaryimage\"},\"thumbnailUrl\":\"https:\\\/\\\/www.dansometre.ch\\\/wp-content\\\/uploads\\\/DANSOMETRE_SERIE_5_1080x1080px_Ex.Corps_A_8.jpg\",\"datePublished\":\"2023-07-20T08:01:07+00:00\",\"dateModified\":\"2023-08-02T06:04:55+00:00\",\"breadcrumb\":{\"@id\":\"https:\\\/\\\/www.dansometre.ch\\\/en\\\/residences\\\/serie5\\\/cie-ex-corps\\\/#breadcrumb\"},\"inLanguage\":\"en-US\",\"potentialAction\":[{\"@type\":\"ReadAction\",\"target\":[\"https:\\\/\\\/www.dansometre.ch\\\/en\\\/residences\\\/serie5\\\/cie-ex-corps\\\/\"]}]},{\"@type\":\"ImageObject\",\"inLanguage\":\"en-US\",\"@id\":\"https:\\\/\\\/www.dansometre.ch\\\/en\\\/residences\\\/serie5\\\/cie-ex-corps\\\/#primaryimage\",\"url\":\"https:\\\/\\\/www.dansometre.ch\\\/wp-content\\\/uploads\\\/DANSOMETRE_SERIE_5_1080x1080px_Ex.Corps_A_8.jpg\",\"contentUrl\":\"https:\\\/\\\/www.dansometre.ch\\\/wp-content\\\/uploads\\\/DANSOMETRE_SERIE_5_1080x1080px_Ex.Corps_A_8.jpg\",\"width\":2250,\"height\":2250},{\"@type\":\"BreadcrumbList\",\"@id\":\"https:\\\/\\\/www.dansometre.ch\\\/en\\\/residences\\\/serie5\\\/cie-ex-corps\\\/#breadcrumb\",\"itemListElement\":[{\"@type\":\"ListItem\",\"position\":1,\"name\":\"Accueil\",\"item\":\"https:\\\/\\\/www.dansometre.ch\\\/en\\\/\"},{\"@type\":\"ListItem\",\"position\":2,\"name\":\"Cie Ex. Corps\"}]},{\"@type\":\"WebSite\",\"@id\":\"https:\\\/\\\/www.dansometre.ch\\\/en\\\/#website\",\"url\":\"https:\\\/\\\/www.dansometre.ch\\\/en\\\/\",\"name\":\"DANSOM\u00c8TRE - espace de cr\u00e9ation chor\u00e9graphique - VEVEY\",\"description\":\"\",\"publisher\":{\"@id\":\"https:\\\/\\\/www.dansometre.ch\\\/en\\\/#organization\"},\"potentialAction\":[{\"@type\":\"SearchAction\",\"target\":{\"@type\":\"EntryPoint\",\"urlTemplate\":\"https:\\\/\\\/www.dansometre.ch\\\/en\\\/?s={search_term_string}\"},\"query-input\":{\"@type\":\"PropertyValueSpecification\",\"valueRequired\":true,\"valueName\":\"search_term_string\"}}],\"inLanguage\":\"en-US\"},{\"@type\":\"Organization\",\"@id\":\"https:\\\/\\\/www.dansometre.ch\\\/en\\\/#organization\",\"name\":\"DANSOM\u00c8TRE - espace de cr\u00e9ation chor\u00e9graphique - VEVEY\",\"url\":\"https:\\\/\\\/www.dansometre.ch\\\/en\\\/\",\"logo\":{\"@type\":\"ImageObject\",\"inLanguage\":\"en-US\",\"@id\":\"https:\\\/\\\/www.dansometre.ch\\\/en\\\/#\\\/schema\\\/logo\\\/image\\\/\",\"url\":\"https:\\\/\\\/www.dansometre.ch\\\/wp-content\\\/uploads\\\/favicon.png\",\"contentUrl\":\"https:\\\/\\\/www.dansometre.ch\\\/wp-content\\\/uploads\\\/favicon.png\",\"width\":1200,\"height\":1200,\"caption\":\"DANSOM\u00c8TRE - espace de cr\u00e9ation chor\u00e9graphique - VEVEY\"},\"image\":{\"@id\":\"https:\\\/\\\/www.dansometre.ch\\\/en\\\/#\\\/schema\\\/logo\\\/image\\\/\"}},{\"@type\":\"Person\",\"@id\":\"https:\\\/\\\/www.dansometre.ch\\\/en\\\/#\\\/schema\\\/person\\\/e4a492ad0b0cb31374af62cb03e5a050\",\"name\":\"jasmine\",\"image\":{\"@type\":\"ImageObject\",\"inLanguage\":\"en-US\",\"@id\":\"https:\\\/\\\/secure.gravatar.com\\\/avatar\\\/17af7ce1d97fddf2be9fcb6d28b59eda9f84b49e46ceb695d1455b7c5437fcc4?s=96&d=mm&r=g\",\"url\":\"https:\\\/\\\/secure.gravatar.com\\\/avatar\\\/17af7ce1d97fddf2be9fcb6d28b59eda9f84b49e46ceb695d1455b7c5437fcc4?s=96&d=mm&r=g\",\"contentUrl\":\"https:\\\/\\\/secure.gravatar.com\\\/avatar\\\/17af7ce1d97fddf2be9fcb6d28b59eda9f84b49e46ceb695d1455b7c5437fcc4?s=96&d=mm&r=g\",\"caption\":\"jasmine\"},\"url\":\"https:\\\/\\\/www.dansometre.ch\\\/en\\\/author\\\/jasmine\\\/\"}]}<\/script>\n<!-- \/ Yoast SEO plugin. -->","yoast_head_json":{"title":"Cie Ex. Corps - DANSOM\u00c8TRE - espace de cr\u00e9ation chor\u00e9graphique - VEVEY","robots":{"index":"index","follow":"follow","max-snippet":"max-snippet:-1","max-image-preview":"max-image-preview:large","max-video-preview":"max-video-preview:-1"},"canonical":"https:\/\/www.dansometre.ch\/en\/residences\/serie5\/cie-ex-corps\/","og_locale":"en_US","og_type":"article","og_title":"Cie Ex. Corps - DANSOM\u00c8TRE - espace de cr\u00e9ation chor\u00e9graphique - VEVEY","og_description":"Cette deuxi\u00e8me cr\u00e9ation du chor\u00e9graphe Pascal Neyron allie technologie et danse, afin de confronter les analogies entre robot et Humain, entre courant \u00e9lectrique et biom\u00e9canique. La fronti\u00e8re sera d\u2019autant plus t\u00e9nue que les corps, eux-m\u00eames, pourront \u00eatre d\u00e9vi\u00e9s de leur trajectoire chor\u00e9graphique par une impulsion Ex vivo. Par l\u2019intrusion de cet \u00e9l\u00e9ment perturbateur dans l\u2019ex\u00e9cution [&hellip;]","og_url":"https:\/\/www.dansometre.ch\/en\/residences\/serie5\/cie-ex-corps\/","og_site_name":"DANSOM\u00c8TRE - espace de cr\u00e9ation chor\u00e9graphique - VEVEY","article_published_time":"2023-07-20T08:01:07+00:00","article_modified_time":"2023-08-02T06:04:55+00:00","og_image":[{"width":2250,"height":2250,"url":"https:\/\/www.dansometre.ch\/wp-content\/uploads\/DANSOMETRE_SERIE_5_1080x1080px_Ex.Corps_A_8.jpg","type":"image\/jpeg"}],"author":"jasmine","twitter_card":"summary_large_image","twitter_misc":{"Written by":"jasmine","Est. reading time":"2 minutes"},"schema":{"@context":"https:\/\/schema.org","@graph":[{"@type":"Article","@id":"https:\/\/www.dansometre.ch\/en\/residences\/serie5\/cie-ex-corps\/#article","isPartOf":{"@id":"https:\/\/www.dansometre.ch\/en\/residences\/serie5\/cie-ex-corps\/"},"author":{"name":"jasmine","@id":"https:\/\/www.dansometre.ch\/en\/#\/schema\/person\/e4a492ad0b0cb31374af62cb03e5a050"},"headline":"Cie Ex. Corps","datePublished":"2023-07-20T08:01:07+00:00","dateModified":"2023-08-02T06:04:55+00:00","mainEntityOfPage":{"@id":"https:\/\/www.dansometre.ch\/en\/residences\/serie5\/cie-ex-corps\/"},"wordCount":364,"publisher":{"@id":"https:\/\/www.dansometre.ch\/en\/#organization"},"image":{"@id":"https:\/\/www.dansometre.ch\/en\/residences\/serie5\/cie-ex-corps\/#primaryimage"},"thumbnailUrl":"https:\/\/www.dansometre.ch\/wp-content\/uploads\/DANSOMETRE_SERIE_5_1080x1080px_Ex.Corps_A_8.jpg","articleSection":["S\u00c9RIE#5"],"inLanguage":"en-US"},{"@type":"WebPage","@id":"https:\/\/www.dansometre.ch\/en\/residences\/serie5\/cie-ex-corps\/","url":"https:\/\/www.dansometre.ch\/en\/residences\/serie5\/cie-ex-corps\/","name":"Cie Ex. Corps - DANSOM\u00c8TRE - espace de cr\u00e9ation chor\u00e9graphique - VEVEY","isPartOf":{"@id":"https:\/\/www.dansometre.ch\/en\/#website"},"primaryImageOfPage":{"@id":"https:\/\/www.dansometre.ch\/en\/residences\/serie5\/cie-ex-corps\/#primaryimage"},"image":{"@id":"https:\/\/www.dansometre.ch\/en\/residences\/serie5\/cie-ex-corps\/#primaryimage"},"thumbnailUrl":"https:\/\/www.dansometre.ch\/wp-content\/uploads\/DANSOMETRE_SERIE_5_1080x1080px_Ex.Corps_A_8.jpg","datePublished":"2023-07-20T08:01:07+00:00","dateModified":"2023-08-02T06:04:55+00:00","breadcrumb":{"@id":"https:\/\/www.dansometre.ch\/en\/residences\/serie5\/cie-ex-corps\/#breadcrumb"},"inLanguage":"en-US","potentialAction":[{"@type":"ReadAction","target":["https:\/\/www.dansometre.ch\/en\/residences\/serie5\/cie-ex-corps\/"]}]},{"@type":"ImageObject","inLanguage":"en-US","@id":"https:\/\/www.dansometre.ch\/en\/residences\/serie5\/cie-ex-corps\/#primaryimage","url":"https:\/\/www.dansometre.ch\/wp-content\/uploads\/DANSOMETRE_SERIE_5_1080x1080px_Ex.Corps_A_8.jpg","contentUrl":"https:\/\/www.dansometre.ch\/wp-content\/uploads\/DANSOMETRE_SERIE_5_1080x1080px_Ex.Corps_A_8.jpg","width":2250,"height":2250},{"@type":"BreadcrumbList","@id":"https:\/\/www.dansometre.ch\/en\/residences\/serie5\/cie-ex-corps\/#breadcrumb","itemListElement":[{"@type":"ListItem","position":1,"name":"Accueil","item":"https:\/\/www.dansometre.ch\/en\/"},{"@type":"ListItem","position":2,"name":"Cie Ex. Corps"}]},{"@type":"WebSite","@id":"https:\/\/www.dansometre.ch\/en\/#website","url":"https:\/\/www.dansometre.ch\/en\/","name":"DANSOM\u00c8TRE - espace de cr\u00e9ation chor\u00e9graphique - VEVEY","description":"","publisher":{"@id":"https:\/\/www.dansometre.ch\/en\/#organization"},"potentialAction":[{"@type":"SearchAction","target":{"@type":"EntryPoint","urlTemplate":"https:\/\/www.dansometre.ch\/en\/?s={search_term_string}"},"query-input":{"@type":"PropertyValueSpecification","valueRequired":true,"valueName":"search_term_string"}}],"inLanguage":"en-US"},{"@type":"Organization","@id":"https:\/\/www.dansometre.ch\/en\/#organization","name":"DANSOM\u00c8TRE - espace de cr\u00e9ation chor\u00e9graphique - VEVEY","url":"https:\/\/www.dansometre.ch\/en\/","logo":{"@type":"ImageObject","inLanguage":"en-US","@id":"https:\/\/www.dansometre.ch\/en\/#\/schema\/logo\/image\/","url":"https:\/\/www.dansometre.ch\/wp-content\/uploads\/favicon.png","contentUrl":"https:\/\/www.dansometre.ch\/wp-content\/uploads\/favicon.png","width":1200,"height":1200,"caption":"DANSOM\u00c8TRE - espace de cr\u00e9ation chor\u00e9graphique - VEVEY"},"image":{"@id":"https:\/\/www.dansometre.ch\/en\/#\/schema\/logo\/image\/"}},{"@type":"Person","@id":"https:\/\/www.dansometre.ch\/en\/#\/schema\/person\/e4a492ad0b0cb31374af62cb03e5a050","name":"jasmine","image":{"@type":"ImageObject","inLanguage":"en-US","@id":"https:\/\/secure.gravatar.com\/avatar\/17af7ce1d97fddf2be9fcb6d28b59eda9f84b49e46ceb695d1455b7c5437fcc4?s=96&d=mm&r=g","url":"https:\/\/secure.gravatar.com\/avatar\/17af7ce1d97fddf2be9fcb6d28b59eda9f84b49e46ceb695d1455b7c5437fcc4?s=96&d=mm&r=g","contentUrl":"https:\/\/secure.gravatar.com\/avatar\/17af7ce1d97fddf2be9fcb6d28b59eda9f84b49e46ceb695d1455b7c5437fcc4?s=96&d=mm&r=g","caption":"jasmine"},"url":"https:\/\/www.dansometre.ch\/en\/author\/jasmine\/"}]}},"mfb_rest_fields":["title","yoast_head","yoast_head_json"],"_links":{"self":[{"href":"https:\/\/www.dansometre.ch\/en\/wp-json\/wp\/v2\/posts\/3551","targetHints":{"allow":["GET"]}}],"collection":[{"href":"https:\/\/www.dansometre.ch\/en\/wp-json\/wp\/v2\/posts"}],"about":[{"href":"https:\/\/www.dansometre.ch\/en\/wp-json\/wp\/v2\/types\/post"}],"author":[{"embeddable":true,"href":"https:\/\/www.dansometre.ch\/en\/wp-json\/wp\/v2\/users\/2"}],"replies":[{"embeddable":true,"href":"https:\/\/www.dansometre.ch\/en\/wp-json\/wp\/v2\/comments?post=3551"}],"version-history":[{"count":3,"href":"https:\/\/www.dansometre.ch\/en\/wp-json\/wp\/v2\/posts\/3551\/revisions"}],"predecessor-version":[{"id":3607,"href":"https:\/\/www.dansometre.ch\/en\/wp-json\/wp\/v2\/posts\/3551\/revisions\/3607"}],"wp:featuredmedia":[{"embeddable":true,"href":"https:\/\/www.dansometre.ch\/en\/wp-json\/wp\/v2\/media\/3552"}],"wp:attachment":[{"href":"https:\/\/www.dansometre.ch\/en\/wp-json\/wp\/v2\/media?parent=3551"}],"wp:term":[{"taxonomy":"category","embeddable":true,"href":"https:\/\/www.dansometre.ch\/en\/wp-json\/wp\/v2\/categories?post=3551"},{"taxonomy":"post_tag","embeddable":true,"href":"https:\/\/www.dansometre.ch\/en\/wp-json\/wp\/v2\/tags?post=3551"}],"curies":[{"name":"wp","href":"https:\/\/api.w.org\/{rel}","templated":true}]}}