{"id":3587,"date":"2023-07-20T10:03:17","date_gmt":"2023-07-20T08:03:17","guid":{"rendered":"https:\/\/www.dansometre.ch\/?p=3587"},"modified":"2023-07-29T08:15:25","modified_gmt":"2023-07-29T06:15:25","slug":"victoria-brun-alice-pan","status":"publish","type":"post","link":"https:\/\/www.dansometre.ch\/en\/residences\/serie5\/victoria-brun-alice-pan\/","title":{"rendered":"Victoria Brun + Alice Pan"},"content":{"rendered":"<p>Confront\u00e9e \u00e0 des in\u00e9galit\u00e9s de genre qui limitent son \u00e9mancipation, la femme est depuis trop longtemps priv\u00e9e de son r\u00e9el potentiel. Elle est vuln\u00e9rable et limit\u00e9e dans son autonomie.<\/p>\n<p>Par cons\u00e9quent, nous avons l\u2019intention de briser les murs invisibles qui l\u2019entourent par la danse en cr\u00e9ant un espace entre les deux, en explorant toutes les nuances de la f\u00e9minit\u00e9 lorsqu\u2019elle est lib\u00e9r\u00e9e des attentes sociales.<\/p>\n<p>En employant le fil comme \u00e9l\u00e9ment conducteur, celui-ci deviendra tour \u00e0 tour la liaison (cordon ombilical), la limite (fil barbel\u00e9), le contr\u00f4le (marionnette), le jeu (corde \u00e0 sauter), le travail domestique (fil \u00e0 linge), la communication (fil du t\u00e9l\u00e9phone), le lien invisible entre les relations humaines, pour aboutir \u00e0 un hymne aux femmes du monde, une c\u00e9l\u00e9bration, un manifeste.<\/p>\n<p>Lien vid\u00e9o du projet en cours\u00a0:<\/p>\n<p><iframe loading=\"lazy\" title=\"f\u00ec\u00b7lo s.m. def\" src=\"https:\/\/player.vimeo.com\/video\/823994677?dnt=1&amp;app_id=122963\" width=\"500\" height=\"281\" frameborder=\"0\" allow=\"autoplay; fullscreen; picture-in-picture; clipboard-write; encrypted-media\"><\/iframe><\/p>\n<p>&nbsp;<\/p>\n<p>Alice Pan et Victoria Brun sont des danseuses free-lance bas\u00e9es \u00e0 Paris.<\/p>\n","protected":false},"excerpt":{"rendered":"<p>Confront\u00e9e \u00e0 des in\u00e9galit\u00e9s de genre qui limitent son \u00e9mancipation, la femme est depuis trop longtemps priv\u00e9e de son r\u00e9el potentiel. Elle est vuln\u00e9rable et limit\u00e9e dans son autonomie. Par cons\u00e9quent, nous avons l\u2019intention de briser les murs invisibles qui l\u2019entourent par la danse en cr\u00e9ant un espace entre les deux, en explorant toutes les [&hellip;]<\/p>\n","protected":false},"author":2,"featured_media":3588,"comment_status":"closed","ping_status":"closed","sticky":false,"template":"","format":"standard","meta":{"_acf_changed":false,"inline_featured_image":false,"footnotes":""},"categories":[64],"tags":[],"class_list":["post-3587","post","type-post","status-publish","format-standard","has-post-thumbnail","hentry","category-serie5"],"acf":[],"mb":[],"yoast_head":"<!-- This site is optimized with the Yoast SEO plugin v27.3 - https:\/\/yoast.com\/product\/yoast-seo-wordpress\/ -->\n<title>Victoria Brun + Alice Pan - DANSOM\u00c8TRE - espace de cr\u00e9ation chor\u00e9graphique - VEVEY<\/title>\n<meta name=\"robots\" content=\"index, follow, max-snippet:-1, max-image-preview:large, max-video-preview:-1\" \/>\n<link rel=\"canonical\" href=\"https:\/\/www.dansometre.ch\/en\/residences\/serie5\/victoria-brun-alice-pan\/\" \/>\n<meta property=\"og:locale\" content=\"en_US\" \/>\n<meta property=\"og:type\" content=\"article\" \/>\n<meta property=\"og:title\" content=\"Victoria Brun + Alice Pan - DANSOM\u00c8TRE - espace de cr\u00e9ation chor\u00e9graphique - VEVEY\" \/>\n<meta property=\"og:description\" content=\"Confront\u00e9e \u00e0 des in\u00e9galit\u00e9s de genre qui limitent son \u00e9mancipation, la femme est depuis trop longtemps priv\u00e9e de son r\u00e9el potentiel. Elle est vuln\u00e9rable et limit\u00e9e dans son autonomie. Par cons\u00e9quent, nous avons l\u2019intention de briser les murs invisibles qui l\u2019entourent par la danse en cr\u00e9ant un espace entre les deux, en explorant toutes les [&hellip;]\" \/>\n<meta property=\"og:url\" content=\"https:\/\/www.dansometre.ch\/en\/residences\/serie5\/victoria-brun-alice-pan\/\" \/>\n<meta property=\"og:site_name\" content=\"DANSOM\u00c8TRE - espace de cr\u00e9ation chor\u00e9graphique - VEVEY\" \/>\n<meta property=\"article:published_time\" content=\"2023-07-20T08:03:17+00:00\" \/>\n<meta property=\"article:modified_time\" content=\"2023-07-29T06:15:25+00:00\" \/>\n<meta property=\"og:image\" content=\"https:\/\/www.dansometre.ch\/wp-content\/uploads\/DANSOMETRE_SERIE_5_1080x1080px_VictoriaBrun_A_13.jpg\" \/>\n\t<meta property=\"og:image:width\" content=\"2250\" \/>\n\t<meta property=\"og:image:height\" content=\"2250\" \/>\n\t<meta property=\"og:image:type\" content=\"image\/jpeg\" \/>\n<meta name=\"author\" content=\"jasmine\" \/>\n<meta name=\"twitter:card\" content=\"summary_large_image\" \/>\n<meta name=\"twitter:label1\" content=\"Written by\" \/>\n\t<meta name=\"twitter:data1\" content=\"jasmine\" \/>\n\t<meta name=\"twitter:label2\" content=\"Est. reading time\" \/>\n\t<meta name=\"twitter:data2\" content=\"1 minute\" \/>\n<script type=\"application\/ld+json\" class=\"yoast-schema-graph\">{\"@context\":\"https:\\\/\\\/schema.org\",\"@graph\":[{\"@type\":\"Article\",\"@id\":\"https:\\\/\\\/www.dansometre.ch\\\/en\\\/residences\\\/serie5\\\/victoria-brun-alice-pan\\\/#article\",\"isPartOf\":{\"@id\":\"https:\\\/\\\/www.dansometre.ch\\\/en\\\/residences\\\/serie5\\\/victoria-brun-alice-pan\\\/\"},\"author\":{\"name\":\"jasmine\",\"@id\":\"https:\\\/\\\/www.dansometre.ch\\\/en\\\/#\\\/schema\\\/person\\\/e4a492ad0b0cb31374af62cb03e5a050\"},\"headline\":\"Victoria Brun + Alice Pan\",\"datePublished\":\"2023-07-20T08:03:17+00:00\",\"dateModified\":\"2023-07-29T06:15:25+00:00\",\"mainEntityOfPage\":{\"@id\":\"https:\\\/\\\/www.dansometre.ch\\\/en\\\/residences\\\/serie5\\\/victoria-brun-alice-pan\\\/\"},\"wordCount\":167,\"publisher\":{\"@id\":\"https:\\\/\\\/www.dansometre.ch\\\/en\\\/#organization\"},\"image\":{\"@id\":\"https:\\\/\\\/www.dansometre.ch\\\/en\\\/residences\\\/serie5\\\/victoria-brun-alice-pan\\\/#primaryimage\"},\"thumbnailUrl\":\"https:\\\/\\\/www.dansometre.ch\\\/wp-content\\\/uploads\\\/DANSOMETRE_SERIE_5_1080x1080px_VictoriaBrun_A_13.jpg\",\"articleSection\":[\"S\u00c9RIE#5\"],\"inLanguage\":\"en-US\"},{\"@type\":\"WebPage\",\"@id\":\"https:\\\/\\\/www.dansometre.ch\\\/en\\\/residences\\\/serie5\\\/victoria-brun-alice-pan\\\/\",\"url\":\"https:\\\/\\\/www.dansometre.ch\\\/en\\\/residences\\\/serie5\\\/victoria-brun-alice-pan\\\/\",\"name\":\"Victoria Brun + Alice Pan - DANSOM\u00c8TRE - espace de cr\u00e9ation chor\u00e9graphique - VEVEY\",\"isPartOf\":{\"@id\":\"https:\\\/\\\/www.dansometre.ch\\\/en\\\/#website\"},\"primaryImageOfPage\":{\"@id\":\"https:\\\/\\\/www.dansometre.ch\\\/en\\\/residences\\\/serie5\\\/victoria-brun-alice-pan\\\/#primaryimage\"},\"image\":{\"@id\":\"https:\\\/\\\/www.dansometre.ch\\\/en\\\/residences\\\/serie5\\\/victoria-brun-alice-pan\\\/#primaryimage\"},\"thumbnailUrl\":\"https:\\\/\\\/www.dansometre.ch\\\/wp-content\\\/uploads\\\/DANSOMETRE_SERIE_5_1080x1080px_VictoriaBrun_A_13.jpg\",\"datePublished\":\"2023-07-20T08:03:17+00:00\",\"dateModified\":\"2023-07-29T06:15:25+00:00\",\"breadcrumb\":{\"@id\":\"https:\\\/\\\/www.dansometre.ch\\\/en\\\/residences\\\/serie5\\\/victoria-brun-alice-pan\\\/#breadcrumb\"},\"inLanguage\":\"en-US\",\"potentialAction\":[{\"@type\":\"ReadAction\",\"target\":[\"https:\\\/\\\/www.dansometre.ch\\\/en\\\/residences\\\/serie5\\\/victoria-brun-alice-pan\\\/\"]}]},{\"@type\":\"ImageObject\",\"inLanguage\":\"en-US\",\"@id\":\"https:\\\/\\\/www.dansometre.ch\\\/en\\\/residences\\\/serie5\\\/victoria-brun-alice-pan\\\/#primaryimage\",\"url\":\"https:\\\/\\\/www.dansometre.ch\\\/wp-content\\\/uploads\\\/DANSOMETRE_SERIE_5_1080x1080px_VictoriaBrun_A_13.jpg\",\"contentUrl\":\"https:\\\/\\\/www.dansometre.ch\\\/wp-content\\\/uploads\\\/DANSOMETRE_SERIE_5_1080x1080px_VictoriaBrun_A_13.jpg\",\"width\":2250,\"height\":2250},{\"@type\":\"BreadcrumbList\",\"@id\":\"https:\\\/\\\/www.dansometre.ch\\\/en\\\/residences\\\/serie5\\\/victoria-brun-alice-pan\\\/#breadcrumb\",\"itemListElement\":[{\"@type\":\"ListItem\",\"position\":1,\"name\":\"Accueil\",\"item\":\"https:\\\/\\\/www.dansometre.ch\\\/en\\\/\"},{\"@type\":\"ListItem\",\"position\":2,\"name\":\"Victoria Brun + Alice Pan\"}]},{\"@type\":\"WebSite\",\"@id\":\"https:\\\/\\\/www.dansometre.ch\\\/en\\\/#website\",\"url\":\"https:\\\/\\\/www.dansometre.ch\\\/en\\\/\",\"name\":\"DANSOM\u00c8TRE - espace de cr\u00e9ation chor\u00e9graphique - VEVEY\",\"description\":\"\",\"publisher\":{\"@id\":\"https:\\\/\\\/www.dansometre.ch\\\/en\\\/#organization\"},\"potentialAction\":[{\"@type\":\"SearchAction\",\"target\":{\"@type\":\"EntryPoint\",\"urlTemplate\":\"https:\\\/\\\/www.dansometre.ch\\\/en\\\/?s={search_term_string}\"},\"query-input\":{\"@type\":\"PropertyValueSpecification\",\"valueRequired\":true,\"valueName\":\"search_term_string\"}}],\"inLanguage\":\"en-US\"},{\"@type\":\"Organization\",\"@id\":\"https:\\\/\\\/www.dansometre.ch\\\/en\\\/#organization\",\"name\":\"DANSOM\u00c8TRE - espace de cr\u00e9ation chor\u00e9graphique - VEVEY\",\"url\":\"https:\\\/\\\/www.dansometre.ch\\\/en\\\/\",\"logo\":{\"@type\":\"ImageObject\",\"inLanguage\":\"en-US\",\"@id\":\"https:\\\/\\\/www.dansometre.ch\\\/en\\\/#\\\/schema\\\/logo\\\/image\\\/\",\"url\":\"https:\\\/\\\/www.dansometre.ch\\\/wp-content\\\/uploads\\\/favicon.png\",\"contentUrl\":\"https:\\\/\\\/www.dansometre.ch\\\/wp-content\\\/uploads\\\/favicon.png\",\"width\":1200,\"height\":1200,\"caption\":\"DANSOM\u00c8TRE - espace de cr\u00e9ation chor\u00e9graphique - VEVEY\"},\"image\":{\"@id\":\"https:\\\/\\\/www.dansometre.ch\\\/en\\\/#\\\/schema\\\/logo\\\/image\\\/\"}},{\"@type\":\"Person\",\"@id\":\"https:\\\/\\\/www.dansometre.ch\\\/en\\\/#\\\/schema\\\/person\\\/e4a492ad0b0cb31374af62cb03e5a050\",\"name\":\"jasmine\",\"image\":{\"@type\":\"ImageObject\",\"inLanguage\":\"en-US\",\"@id\":\"https:\\\/\\\/secure.gravatar.com\\\/avatar\\\/17af7ce1d97fddf2be9fcb6d28b59eda9f84b49e46ceb695d1455b7c5437fcc4?s=96&d=mm&r=g\",\"url\":\"https:\\\/\\\/secure.gravatar.com\\\/avatar\\\/17af7ce1d97fddf2be9fcb6d28b59eda9f84b49e46ceb695d1455b7c5437fcc4?s=96&d=mm&r=g\",\"contentUrl\":\"https:\\\/\\\/secure.gravatar.com\\\/avatar\\\/17af7ce1d97fddf2be9fcb6d28b59eda9f84b49e46ceb695d1455b7c5437fcc4?s=96&d=mm&r=g\",\"caption\":\"jasmine\"},\"url\":\"https:\\\/\\\/www.dansometre.ch\\\/en\\\/author\\\/jasmine\\\/\"}]}<\/script>\n<!-- \/ Yoast SEO plugin. -->","yoast_head_json":{"title":"Victoria Brun + Alice Pan - DANSOM\u00c8TRE - espace de cr\u00e9ation chor\u00e9graphique - VEVEY","robots":{"index":"index","follow":"follow","max-snippet":"max-snippet:-1","max-image-preview":"max-image-preview:large","max-video-preview":"max-video-preview:-1"},"canonical":"https:\/\/www.dansometre.ch\/en\/residences\/serie5\/victoria-brun-alice-pan\/","og_locale":"en_US","og_type":"article","og_title":"Victoria Brun + Alice Pan - DANSOM\u00c8TRE - espace de cr\u00e9ation chor\u00e9graphique - VEVEY","og_description":"Confront\u00e9e \u00e0 des in\u00e9galit\u00e9s de genre qui limitent son \u00e9mancipation, la femme est depuis trop longtemps priv\u00e9e de son r\u00e9el potentiel. Elle est vuln\u00e9rable et limit\u00e9e dans son autonomie. Par cons\u00e9quent, nous avons l\u2019intention de briser les murs invisibles qui l\u2019entourent par la danse en cr\u00e9ant un espace entre les deux, en explorant toutes les [&hellip;]","og_url":"https:\/\/www.dansometre.ch\/en\/residences\/serie5\/victoria-brun-alice-pan\/","og_site_name":"DANSOM\u00c8TRE - espace de cr\u00e9ation chor\u00e9graphique - VEVEY","article_published_time":"2023-07-20T08:03:17+00:00","article_modified_time":"2023-07-29T06:15:25+00:00","og_image":[{"width":2250,"height":2250,"url":"https:\/\/www.dansometre.ch\/wp-content\/uploads\/DANSOMETRE_SERIE_5_1080x1080px_VictoriaBrun_A_13.jpg","type":"image\/jpeg"}],"author":"jasmine","twitter_card":"summary_large_image","twitter_misc":{"Written by":"jasmine","Est. reading time":"1 minute"},"schema":{"@context":"https:\/\/schema.org","@graph":[{"@type":"Article","@id":"https:\/\/www.dansometre.ch\/en\/residences\/serie5\/victoria-brun-alice-pan\/#article","isPartOf":{"@id":"https:\/\/www.dansometre.ch\/en\/residences\/serie5\/victoria-brun-alice-pan\/"},"author":{"name":"jasmine","@id":"https:\/\/www.dansometre.ch\/en\/#\/schema\/person\/e4a492ad0b0cb31374af62cb03e5a050"},"headline":"Victoria Brun + Alice Pan","datePublished":"2023-07-20T08:03:17+00:00","dateModified":"2023-07-29T06:15:25+00:00","mainEntityOfPage":{"@id":"https:\/\/www.dansometre.ch\/en\/residences\/serie5\/victoria-brun-alice-pan\/"},"wordCount":167,"publisher":{"@id":"https:\/\/www.dansometre.ch\/en\/#organization"},"image":{"@id":"https:\/\/www.dansometre.ch\/en\/residences\/serie5\/victoria-brun-alice-pan\/#primaryimage"},"thumbnailUrl":"https:\/\/www.dansometre.ch\/wp-content\/uploads\/DANSOMETRE_SERIE_5_1080x1080px_VictoriaBrun_A_13.jpg","articleSection":["S\u00c9RIE#5"],"inLanguage":"en-US"},{"@type":"WebPage","@id":"https:\/\/www.dansometre.ch\/en\/residences\/serie5\/victoria-brun-alice-pan\/","url":"https:\/\/www.dansometre.ch\/en\/residences\/serie5\/victoria-brun-alice-pan\/","name":"Victoria Brun + Alice Pan - DANSOM\u00c8TRE - espace de cr\u00e9ation chor\u00e9graphique - VEVEY","isPartOf":{"@id":"https:\/\/www.dansometre.ch\/en\/#website"},"primaryImageOfPage":{"@id":"https:\/\/www.dansometre.ch\/en\/residences\/serie5\/victoria-brun-alice-pan\/#primaryimage"},"image":{"@id":"https:\/\/www.dansometre.ch\/en\/residences\/serie5\/victoria-brun-alice-pan\/#primaryimage"},"thumbnailUrl":"https:\/\/www.dansometre.ch\/wp-content\/uploads\/DANSOMETRE_SERIE_5_1080x1080px_VictoriaBrun_A_13.jpg","datePublished":"2023-07-20T08:03:17+00:00","dateModified":"2023-07-29T06:15:25+00:00","breadcrumb":{"@id":"https:\/\/www.dansometre.ch\/en\/residences\/serie5\/victoria-brun-alice-pan\/#breadcrumb"},"inLanguage":"en-US","potentialAction":[{"@type":"ReadAction","target":["https:\/\/www.dansometre.ch\/en\/residences\/serie5\/victoria-brun-alice-pan\/"]}]},{"@type":"ImageObject","inLanguage":"en-US","@id":"https:\/\/www.dansometre.ch\/en\/residences\/serie5\/victoria-brun-alice-pan\/#primaryimage","url":"https:\/\/www.dansometre.ch\/wp-content\/uploads\/DANSOMETRE_SERIE_5_1080x1080px_VictoriaBrun_A_13.jpg","contentUrl":"https:\/\/www.dansometre.ch\/wp-content\/uploads\/DANSOMETRE_SERIE_5_1080x1080px_VictoriaBrun_A_13.jpg","width":2250,"height":2250},{"@type":"BreadcrumbList","@id":"https:\/\/www.dansometre.ch\/en\/residences\/serie5\/victoria-brun-alice-pan\/#breadcrumb","itemListElement":[{"@type":"ListItem","position":1,"name":"Accueil","item":"https:\/\/www.dansometre.ch\/en\/"},{"@type":"ListItem","position":2,"name":"Victoria Brun + Alice Pan"}]},{"@type":"WebSite","@id":"https:\/\/www.dansometre.ch\/en\/#website","url":"https:\/\/www.dansometre.ch\/en\/","name":"DANSOM\u00c8TRE - espace de cr\u00e9ation chor\u00e9graphique - VEVEY","description":"","publisher":{"@id":"https:\/\/www.dansometre.ch\/en\/#organization"},"potentialAction":[{"@type":"SearchAction","target":{"@type":"EntryPoint","urlTemplate":"https:\/\/www.dansometre.ch\/en\/?s={search_term_string}"},"query-input":{"@type":"PropertyValueSpecification","valueRequired":true,"valueName":"search_term_string"}}],"inLanguage":"en-US"},{"@type":"Organization","@id":"https:\/\/www.dansometre.ch\/en\/#organization","name":"DANSOM\u00c8TRE - espace de cr\u00e9ation chor\u00e9graphique - VEVEY","url":"https:\/\/www.dansometre.ch\/en\/","logo":{"@type":"ImageObject","inLanguage":"en-US","@id":"https:\/\/www.dansometre.ch\/en\/#\/schema\/logo\/image\/","url":"https:\/\/www.dansometre.ch\/wp-content\/uploads\/favicon.png","contentUrl":"https:\/\/www.dansometre.ch\/wp-content\/uploads\/favicon.png","width":1200,"height":1200,"caption":"DANSOM\u00c8TRE - espace de cr\u00e9ation chor\u00e9graphique - VEVEY"},"image":{"@id":"https:\/\/www.dansometre.ch\/en\/#\/schema\/logo\/image\/"}},{"@type":"Person","@id":"https:\/\/www.dansometre.ch\/en\/#\/schema\/person\/e4a492ad0b0cb31374af62cb03e5a050","name":"jasmine","image":{"@type":"ImageObject","inLanguage":"en-US","@id":"https:\/\/secure.gravatar.com\/avatar\/17af7ce1d97fddf2be9fcb6d28b59eda9f84b49e46ceb695d1455b7c5437fcc4?s=96&d=mm&r=g","url":"https:\/\/secure.gravatar.com\/avatar\/17af7ce1d97fddf2be9fcb6d28b59eda9f84b49e46ceb695d1455b7c5437fcc4?s=96&d=mm&r=g","contentUrl":"https:\/\/secure.gravatar.com\/avatar\/17af7ce1d97fddf2be9fcb6d28b59eda9f84b49e46ceb695d1455b7c5437fcc4?s=96&d=mm&r=g","caption":"jasmine"},"url":"https:\/\/www.dansometre.ch\/en\/author\/jasmine\/"}]}},"mfb_rest_fields":["title","yoast_head","yoast_head_json"],"_links":{"self":[{"href":"https:\/\/www.dansometre.ch\/en\/wp-json\/wp\/v2\/posts\/3587","targetHints":{"allow":["GET"]}}],"collection":[{"href":"https:\/\/www.dansometre.ch\/en\/wp-json\/wp\/v2\/posts"}],"about":[{"href":"https:\/\/www.dansometre.ch\/en\/wp-json\/wp\/v2\/types\/post"}],"author":[{"embeddable":true,"href":"https:\/\/www.dansometre.ch\/en\/wp-json\/wp\/v2\/users\/2"}],"replies":[{"embeddable":true,"href":"https:\/\/www.dansometre.ch\/en\/wp-json\/wp\/v2\/comments?post=3587"}],"version-history":[{"count":2,"href":"https:\/\/www.dansometre.ch\/en\/wp-json\/wp\/v2\/posts\/3587\/revisions"}],"predecessor-version":[{"id":3604,"href":"https:\/\/www.dansometre.ch\/en\/wp-json\/wp\/v2\/posts\/3587\/revisions\/3604"}],"wp:featuredmedia":[{"embeddable":true,"href":"https:\/\/www.dansometre.ch\/en\/wp-json\/wp\/v2\/media\/3588"}],"wp:attachment":[{"href":"https:\/\/www.dansometre.ch\/en\/wp-json\/wp\/v2\/media?parent=3587"}],"wp:term":[{"taxonomy":"category","embeddable":true,"href":"https:\/\/www.dansometre.ch\/en\/wp-json\/wp\/v2\/categories?post=3587"},{"taxonomy":"post_tag","embeddable":true,"href":"https:\/\/www.dansometre.ch\/en\/wp-json\/wp\/v2\/tags?post=3587"}],"curies":[{"name":"wp","href":"https:\/\/api.w.org\/{rel}","templated":true}]}}