{"id":3591,"date":"2023-07-20T10:00:20","date_gmt":"2023-07-20T08:00:20","guid":{"rendered":"https:\/\/www.dansometre.ch\/?p=3591"},"modified":"2023-07-21T07:23:07","modified_gmt":"2023-07-21T05:23:07","slug":"meggie-blankschyn","status":"publish","type":"post","link":"https:\/\/www.dansometre.ch\/en\/residences\/serie5\/meggie-blankschyn\/","title":{"rendered":"Meggie Blankschyn"},"content":{"rendered":"<p>Solo autour de la douleur.<\/p>\n<p>\u00ab\u00a0Mon corps est le r\u00e9cipient et le vaisseau qui maintient le fluide en place, c&#8217;est le champ de bataille qui concentre toute ma douleur et qui fa\u00e7onne la fa\u00e7on dont je suis arriv\u00e9e dans cette vie.<\/p>\n<p>Mon corps est un espace que je n&#8217;ai jamais pu quitter. C&#8217;est un espace que je porte et qui me porte. Mon int\u00e9rieur tourne en lui-m\u00eame, revenant toujours aux m\u00eames d\u00e9mons, un cercle sans fin pour soutenir et faire \u00e9voluer une personnalit\u00e9 qui se situe entre une inspiration miraculeuse et une destruction violente. \u00bb<\/p>\n<p>&nbsp;<\/p>\n<p><strong>Meggie Blankschyn<\/strong> est une danseuse professionnelle bas\u00e9e entre Berlin et Lausanne, dipl\u00f4m\u00e9e de la Manufacture.<\/p>\n","protected":false},"excerpt":{"rendered":"<p>Solo autour de la douleur. \u00ab\u00a0Mon corps est le r\u00e9cipient et le vaisseau qui maintient le fluide en place, c&#8217;est le champ de bataille qui concentre toute ma douleur et qui fa\u00e7onne la fa\u00e7on dont je suis arriv\u00e9e dans cette vie. Mon corps est un espace que je n&#8217;ai jamais pu quitter. C&#8217;est un espace [&hellip;]<\/p>\n","protected":false},"author":2,"featured_media":3592,"comment_status":"closed","ping_status":"closed","sticky":false,"template":"","format":"standard","meta":{"_acf_changed":false,"inline_featured_image":false,"footnotes":""},"categories":[64],"tags":[],"class_list":["post-3591","post","type-post","status-publish","format-standard","has-post-thumbnail","hentry","category-serie5"],"acf":[],"mb":[],"yoast_head":"<!-- This site is optimized with the Yoast SEO plugin v27.3 - https:\/\/yoast.com\/product\/yoast-seo-wordpress\/ -->\n<title>Meggie Blankschyn - DANSOM\u00c8TRE - espace de cr\u00e9ation chor\u00e9graphique - VEVEY<\/title>\n<meta name=\"robots\" content=\"index, follow, max-snippet:-1, max-image-preview:large, max-video-preview:-1\" \/>\n<link rel=\"canonical\" href=\"https:\/\/www.dansometre.ch\/en\/residences\/serie5\/meggie-blankschyn\/\" \/>\n<meta property=\"og:locale\" content=\"en_US\" \/>\n<meta property=\"og:type\" content=\"article\" \/>\n<meta property=\"og:title\" content=\"Meggie Blankschyn - DANSOM\u00c8TRE - espace de cr\u00e9ation chor\u00e9graphique - VEVEY\" \/>\n<meta property=\"og:description\" content=\"Solo autour de la douleur. \u00ab\u00a0Mon corps est le r\u00e9cipient et le vaisseau qui maintient le fluide en place, c&#8217;est le champ de bataille qui concentre toute ma douleur et qui fa\u00e7onne la fa\u00e7on dont je suis arriv\u00e9e dans cette vie. Mon corps est un espace que je n&#8217;ai jamais pu quitter. C&#8217;est un espace [&hellip;]\" \/>\n<meta property=\"og:url\" content=\"https:\/\/www.dansometre.ch\/en\/residences\/serie5\/meggie-blankschyn\/\" \/>\n<meta property=\"og:site_name\" content=\"DANSOM\u00c8TRE - espace de cr\u00e9ation chor\u00e9graphique - VEVEY\" \/>\n<meta property=\"article:published_time\" content=\"2023-07-20T08:00:20+00:00\" \/>\n<meta property=\"article:modified_time\" content=\"2023-07-21T05:23:07+00:00\" \/>\n<meta property=\"og:image\" content=\"https:\/\/www.dansometre.ch\/wp-content\/uploads\/DANSOMETRE_SERIE_5_1080x1080px_MeggieBlankschyn_A_11.jpg\" \/>\n\t<meta property=\"og:image:width\" content=\"2250\" \/>\n\t<meta property=\"og:image:height\" content=\"2250\" \/>\n\t<meta property=\"og:image:type\" content=\"image\/jpeg\" \/>\n<meta name=\"author\" content=\"jasmine\" \/>\n<meta name=\"twitter:card\" content=\"summary_large_image\" \/>\n<meta name=\"twitter:label1\" content=\"Written by\" \/>\n\t<meta name=\"twitter:data1\" content=\"jasmine\" \/>\n\t<meta name=\"twitter:label2\" content=\"Est. reading time\" \/>\n\t<meta name=\"twitter:data2\" content=\"1 minute\" \/>\n<script type=\"application\/ld+json\" class=\"yoast-schema-graph\">{\"@context\":\"https:\\\/\\\/schema.org\",\"@graph\":[{\"@type\":\"Article\",\"@id\":\"https:\\\/\\\/www.dansometre.ch\\\/en\\\/residences\\\/serie5\\\/meggie-blankschyn\\\/#article\",\"isPartOf\":{\"@id\":\"https:\\\/\\\/www.dansometre.ch\\\/en\\\/residences\\\/serie5\\\/meggie-blankschyn\\\/\"},\"author\":{\"name\":\"jasmine\",\"@id\":\"https:\\\/\\\/www.dansometre.ch\\\/en\\\/#\\\/schema\\\/person\\\/e4a492ad0b0cb31374af62cb03e5a050\"},\"headline\":\"Meggie Blankschyn\",\"datePublished\":\"2023-07-20T08:00:20+00:00\",\"dateModified\":\"2023-07-21T05:23:07+00:00\",\"mainEntityOfPage\":{\"@id\":\"https:\\\/\\\/www.dansometre.ch\\\/en\\\/residences\\\/serie5\\\/meggie-blankschyn\\\/\"},\"wordCount\":126,\"publisher\":{\"@id\":\"https:\\\/\\\/www.dansometre.ch\\\/en\\\/#organization\"},\"image\":{\"@id\":\"https:\\\/\\\/www.dansometre.ch\\\/en\\\/residences\\\/serie5\\\/meggie-blankschyn\\\/#primaryimage\"},\"thumbnailUrl\":\"https:\\\/\\\/www.dansometre.ch\\\/wp-content\\\/uploads\\\/DANSOMETRE_SERIE_5_1080x1080px_MeggieBlankschyn_A_11.jpg\",\"articleSection\":[\"S\u00c9RIE#5\"],\"inLanguage\":\"en-US\"},{\"@type\":\"WebPage\",\"@id\":\"https:\\\/\\\/www.dansometre.ch\\\/en\\\/residences\\\/serie5\\\/meggie-blankschyn\\\/\",\"url\":\"https:\\\/\\\/www.dansometre.ch\\\/en\\\/residences\\\/serie5\\\/meggie-blankschyn\\\/\",\"name\":\"Meggie Blankschyn - DANSOM\u00c8TRE - espace de cr\u00e9ation chor\u00e9graphique - VEVEY\",\"isPartOf\":{\"@id\":\"https:\\\/\\\/www.dansometre.ch\\\/en\\\/#website\"},\"primaryImageOfPage\":{\"@id\":\"https:\\\/\\\/www.dansometre.ch\\\/en\\\/residences\\\/serie5\\\/meggie-blankschyn\\\/#primaryimage\"},\"image\":{\"@id\":\"https:\\\/\\\/www.dansometre.ch\\\/en\\\/residences\\\/serie5\\\/meggie-blankschyn\\\/#primaryimage\"},\"thumbnailUrl\":\"https:\\\/\\\/www.dansometre.ch\\\/wp-content\\\/uploads\\\/DANSOMETRE_SERIE_5_1080x1080px_MeggieBlankschyn_A_11.jpg\",\"datePublished\":\"2023-07-20T08:00:20+00:00\",\"dateModified\":\"2023-07-21T05:23:07+00:00\",\"breadcrumb\":{\"@id\":\"https:\\\/\\\/www.dansometre.ch\\\/en\\\/residences\\\/serie5\\\/meggie-blankschyn\\\/#breadcrumb\"},\"inLanguage\":\"en-US\",\"potentialAction\":[{\"@type\":\"ReadAction\",\"target\":[\"https:\\\/\\\/www.dansometre.ch\\\/en\\\/residences\\\/serie5\\\/meggie-blankschyn\\\/\"]}]},{\"@type\":\"ImageObject\",\"inLanguage\":\"en-US\",\"@id\":\"https:\\\/\\\/www.dansometre.ch\\\/en\\\/residences\\\/serie5\\\/meggie-blankschyn\\\/#primaryimage\",\"url\":\"https:\\\/\\\/www.dansometre.ch\\\/wp-content\\\/uploads\\\/DANSOMETRE_SERIE_5_1080x1080px_MeggieBlankschyn_A_11.jpg\",\"contentUrl\":\"https:\\\/\\\/www.dansometre.ch\\\/wp-content\\\/uploads\\\/DANSOMETRE_SERIE_5_1080x1080px_MeggieBlankschyn_A_11.jpg\",\"width\":2250,\"height\":2250},{\"@type\":\"BreadcrumbList\",\"@id\":\"https:\\\/\\\/www.dansometre.ch\\\/en\\\/residences\\\/serie5\\\/meggie-blankschyn\\\/#breadcrumb\",\"itemListElement\":[{\"@type\":\"ListItem\",\"position\":1,\"name\":\"Accueil\",\"item\":\"https:\\\/\\\/www.dansometre.ch\\\/en\\\/\"},{\"@type\":\"ListItem\",\"position\":2,\"name\":\"Meggie Blankschyn\"}]},{\"@type\":\"WebSite\",\"@id\":\"https:\\\/\\\/www.dansometre.ch\\\/en\\\/#website\",\"url\":\"https:\\\/\\\/www.dansometre.ch\\\/en\\\/\",\"name\":\"DANSOM\u00c8TRE - espace de cr\u00e9ation chor\u00e9graphique - VEVEY\",\"description\":\"\",\"publisher\":{\"@id\":\"https:\\\/\\\/www.dansometre.ch\\\/en\\\/#organization\"},\"potentialAction\":[{\"@type\":\"SearchAction\",\"target\":{\"@type\":\"EntryPoint\",\"urlTemplate\":\"https:\\\/\\\/www.dansometre.ch\\\/en\\\/?s={search_term_string}\"},\"query-input\":{\"@type\":\"PropertyValueSpecification\",\"valueRequired\":true,\"valueName\":\"search_term_string\"}}],\"inLanguage\":\"en-US\"},{\"@type\":\"Organization\",\"@id\":\"https:\\\/\\\/www.dansometre.ch\\\/en\\\/#organization\",\"name\":\"DANSOM\u00c8TRE - espace de cr\u00e9ation chor\u00e9graphique - VEVEY\",\"url\":\"https:\\\/\\\/www.dansometre.ch\\\/en\\\/\",\"logo\":{\"@type\":\"ImageObject\",\"inLanguage\":\"en-US\",\"@id\":\"https:\\\/\\\/www.dansometre.ch\\\/en\\\/#\\\/schema\\\/logo\\\/image\\\/\",\"url\":\"https:\\\/\\\/www.dansometre.ch\\\/wp-content\\\/uploads\\\/favicon.png\",\"contentUrl\":\"https:\\\/\\\/www.dansometre.ch\\\/wp-content\\\/uploads\\\/favicon.png\",\"width\":1200,\"height\":1200,\"caption\":\"DANSOM\u00c8TRE - espace de cr\u00e9ation chor\u00e9graphique - VEVEY\"},\"image\":{\"@id\":\"https:\\\/\\\/www.dansometre.ch\\\/en\\\/#\\\/schema\\\/logo\\\/image\\\/\"}},{\"@type\":\"Person\",\"@id\":\"https:\\\/\\\/www.dansometre.ch\\\/en\\\/#\\\/schema\\\/person\\\/e4a492ad0b0cb31374af62cb03e5a050\",\"name\":\"jasmine\",\"image\":{\"@type\":\"ImageObject\",\"inLanguage\":\"en-US\",\"@id\":\"https:\\\/\\\/secure.gravatar.com\\\/avatar\\\/17af7ce1d97fddf2be9fcb6d28b59eda9f84b49e46ceb695d1455b7c5437fcc4?s=96&d=mm&r=g\",\"url\":\"https:\\\/\\\/secure.gravatar.com\\\/avatar\\\/17af7ce1d97fddf2be9fcb6d28b59eda9f84b49e46ceb695d1455b7c5437fcc4?s=96&d=mm&r=g\",\"contentUrl\":\"https:\\\/\\\/secure.gravatar.com\\\/avatar\\\/17af7ce1d97fddf2be9fcb6d28b59eda9f84b49e46ceb695d1455b7c5437fcc4?s=96&d=mm&r=g\",\"caption\":\"jasmine\"},\"url\":\"https:\\\/\\\/www.dansometre.ch\\\/en\\\/author\\\/jasmine\\\/\"}]}<\/script>\n<!-- \/ Yoast SEO plugin. -->","yoast_head_json":{"title":"Meggie Blankschyn - DANSOM\u00c8TRE - espace de cr\u00e9ation chor\u00e9graphique - VEVEY","robots":{"index":"index","follow":"follow","max-snippet":"max-snippet:-1","max-image-preview":"max-image-preview:large","max-video-preview":"max-video-preview:-1"},"canonical":"https:\/\/www.dansometre.ch\/en\/residences\/serie5\/meggie-blankschyn\/","og_locale":"en_US","og_type":"article","og_title":"Meggie Blankschyn - DANSOM\u00c8TRE - espace de cr\u00e9ation chor\u00e9graphique - VEVEY","og_description":"Solo autour de la douleur. \u00ab\u00a0Mon corps est le r\u00e9cipient et le vaisseau qui maintient le fluide en place, c&#8217;est le champ de bataille qui concentre toute ma douleur et qui fa\u00e7onne la fa\u00e7on dont je suis arriv\u00e9e dans cette vie. Mon corps est un espace que je n&#8217;ai jamais pu quitter. C&#8217;est un espace [&hellip;]","og_url":"https:\/\/www.dansometre.ch\/en\/residences\/serie5\/meggie-blankschyn\/","og_site_name":"DANSOM\u00c8TRE - espace de cr\u00e9ation chor\u00e9graphique - VEVEY","article_published_time":"2023-07-20T08:00:20+00:00","article_modified_time":"2023-07-21T05:23:07+00:00","og_image":[{"width":2250,"height":2250,"url":"https:\/\/www.dansometre.ch\/wp-content\/uploads\/DANSOMETRE_SERIE_5_1080x1080px_MeggieBlankschyn_A_11.jpg","type":"image\/jpeg"}],"author":"jasmine","twitter_card":"summary_large_image","twitter_misc":{"Written by":"jasmine","Est. reading time":"1 minute"},"schema":{"@context":"https:\/\/schema.org","@graph":[{"@type":"Article","@id":"https:\/\/www.dansometre.ch\/en\/residences\/serie5\/meggie-blankschyn\/#article","isPartOf":{"@id":"https:\/\/www.dansometre.ch\/en\/residences\/serie5\/meggie-blankschyn\/"},"author":{"name":"jasmine","@id":"https:\/\/www.dansometre.ch\/en\/#\/schema\/person\/e4a492ad0b0cb31374af62cb03e5a050"},"headline":"Meggie Blankschyn","datePublished":"2023-07-20T08:00:20+00:00","dateModified":"2023-07-21T05:23:07+00:00","mainEntityOfPage":{"@id":"https:\/\/www.dansometre.ch\/en\/residences\/serie5\/meggie-blankschyn\/"},"wordCount":126,"publisher":{"@id":"https:\/\/www.dansometre.ch\/en\/#organization"},"image":{"@id":"https:\/\/www.dansometre.ch\/en\/residences\/serie5\/meggie-blankschyn\/#primaryimage"},"thumbnailUrl":"https:\/\/www.dansometre.ch\/wp-content\/uploads\/DANSOMETRE_SERIE_5_1080x1080px_MeggieBlankschyn_A_11.jpg","articleSection":["S\u00c9RIE#5"],"inLanguage":"en-US"},{"@type":"WebPage","@id":"https:\/\/www.dansometre.ch\/en\/residences\/serie5\/meggie-blankschyn\/","url":"https:\/\/www.dansometre.ch\/en\/residences\/serie5\/meggie-blankschyn\/","name":"Meggie Blankschyn - DANSOM\u00c8TRE - espace de cr\u00e9ation chor\u00e9graphique - VEVEY","isPartOf":{"@id":"https:\/\/www.dansometre.ch\/en\/#website"},"primaryImageOfPage":{"@id":"https:\/\/www.dansometre.ch\/en\/residences\/serie5\/meggie-blankschyn\/#primaryimage"},"image":{"@id":"https:\/\/www.dansometre.ch\/en\/residences\/serie5\/meggie-blankschyn\/#primaryimage"},"thumbnailUrl":"https:\/\/www.dansometre.ch\/wp-content\/uploads\/DANSOMETRE_SERIE_5_1080x1080px_MeggieBlankschyn_A_11.jpg","datePublished":"2023-07-20T08:00:20+00:00","dateModified":"2023-07-21T05:23:07+00:00","breadcrumb":{"@id":"https:\/\/www.dansometre.ch\/en\/residences\/serie5\/meggie-blankschyn\/#breadcrumb"},"inLanguage":"en-US","potentialAction":[{"@type":"ReadAction","target":["https:\/\/www.dansometre.ch\/en\/residences\/serie5\/meggie-blankschyn\/"]}]},{"@type":"ImageObject","inLanguage":"en-US","@id":"https:\/\/www.dansometre.ch\/en\/residences\/serie5\/meggie-blankschyn\/#primaryimage","url":"https:\/\/www.dansometre.ch\/wp-content\/uploads\/DANSOMETRE_SERIE_5_1080x1080px_MeggieBlankschyn_A_11.jpg","contentUrl":"https:\/\/www.dansometre.ch\/wp-content\/uploads\/DANSOMETRE_SERIE_5_1080x1080px_MeggieBlankschyn_A_11.jpg","width":2250,"height":2250},{"@type":"BreadcrumbList","@id":"https:\/\/www.dansometre.ch\/en\/residences\/serie5\/meggie-blankschyn\/#breadcrumb","itemListElement":[{"@type":"ListItem","position":1,"name":"Accueil","item":"https:\/\/www.dansometre.ch\/en\/"},{"@type":"ListItem","position":2,"name":"Meggie Blankschyn"}]},{"@type":"WebSite","@id":"https:\/\/www.dansometre.ch\/en\/#website","url":"https:\/\/www.dansometre.ch\/en\/","name":"DANSOM\u00c8TRE - espace de cr\u00e9ation chor\u00e9graphique - VEVEY","description":"","publisher":{"@id":"https:\/\/www.dansometre.ch\/en\/#organization"},"potentialAction":[{"@type":"SearchAction","target":{"@type":"EntryPoint","urlTemplate":"https:\/\/www.dansometre.ch\/en\/?s={search_term_string}"},"query-input":{"@type":"PropertyValueSpecification","valueRequired":true,"valueName":"search_term_string"}}],"inLanguage":"en-US"},{"@type":"Organization","@id":"https:\/\/www.dansometre.ch\/en\/#organization","name":"DANSOM\u00c8TRE - espace de cr\u00e9ation chor\u00e9graphique - VEVEY","url":"https:\/\/www.dansometre.ch\/en\/","logo":{"@type":"ImageObject","inLanguage":"en-US","@id":"https:\/\/www.dansometre.ch\/en\/#\/schema\/logo\/image\/","url":"https:\/\/www.dansometre.ch\/wp-content\/uploads\/favicon.png","contentUrl":"https:\/\/www.dansometre.ch\/wp-content\/uploads\/favicon.png","width":1200,"height":1200,"caption":"DANSOM\u00c8TRE - espace de cr\u00e9ation chor\u00e9graphique - VEVEY"},"image":{"@id":"https:\/\/www.dansometre.ch\/en\/#\/schema\/logo\/image\/"}},{"@type":"Person","@id":"https:\/\/www.dansometre.ch\/en\/#\/schema\/person\/e4a492ad0b0cb31374af62cb03e5a050","name":"jasmine","image":{"@type":"ImageObject","inLanguage":"en-US","@id":"https:\/\/secure.gravatar.com\/avatar\/17af7ce1d97fddf2be9fcb6d28b59eda9f84b49e46ceb695d1455b7c5437fcc4?s=96&d=mm&r=g","url":"https:\/\/secure.gravatar.com\/avatar\/17af7ce1d97fddf2be9fcb6d28b59eda9f84b49e46ceb695d1455b7c5437fcc4?s=96&d=mm&r=g","contentUrl":"https:\/\/secure.gravatar.com\/avatar\/17af7ce1d97fddf2be9fcb6d28b59eda9f84b49e46ceb695d1455b7c5437fcc4?s=96&d=mm&r=g","caption":"jasmine"},"url":"https:\/\/www.dansometre.ch\/en\/author\/jasmine\/"}]}},"mfb_rest_fields":["title","yoast_head","yoast_head_json"],"_links":{"self":[{"href":"https:\/\/www.dansometre.ch\/en\/wp-json\/wp\/v2\/posts\/3591","targetHints":{"allow":["GET"]}}],"collection":[{"href":"https:\/\/www.dansometre.ch\/en\/wp-json\/wp\/v2\/posts"}],"about":[{"href":"https:\/\/www.dansometre.ch\/en\/wp-json\/wp\/v2\/types\/post"}],"author":[{"embeddable":true,"href":"https:\/\/www.dansometre.ch\/en\/wp-json\/wp\/v2\/users\/2"}],"replies":[{"embeddable":true,"href":"https:\/\/www.dansometre.ch\/en\/wp-json\/wp\/v2\/comments?post=3591"}],"version-history":[{"count":2,"href":"https:\/\/www.dansometre.ch\/en\/wp-json\/wp\/v2\/posts\/3591\/revisions"}],"predecessor-version":[{"id":3597,"href":"https:\/\/www.dansometre.ch\/en\/wp-json\/wp\/v2\/posts\/3591\/revisions\/3597"}],"wp:featuredmedia":[{"embeddable":true,"href":"https:\/\/www.dansometre.ch\/en\/wp-json\/wp\/v2\/media\/3592"}],"wp:attachment":[{"href":"https:\/\/www.dansometre.ch\/en\/wp-json\/wp\/v2\/media?parent=3591"}],"wp:term":[{"taxonomy":"category","embeddable":true,"href":"https:\/\/www.dansometre.ch\/en\/wp-json\/wp\/v2\/categories?post=3591"},{"taxonomy":"post_tag","embeddable":true,"href":"https:\/\/www.dansometre.ch\/en\/wp-json\/wp\/v2\/tags?post=3591"}],"curies":[{"name":"wp","href":"https:\/\/api.w.org\/{rel}","templated":true}]}}