{"id":374,"date":"2017-09-20T21:21:20","date_gmt":"2017-09-20T19:21:20","guid":{"rendered":"https:\/\/www.dansometre.ch\/?p=374"},"modified":"2017-09-20T21:21:20","modified_gmt":"2017-09-20T19:21:20","slug":"renae-shadleraus-maria-nurmelafin","status":"publish","type":"post","link":"https:\/\/www.dansometre.ch\/en\/archives\/archives-residences\/residences-1617\/renae-shadleraus-maria-nurmelafin\/","title":{"rendered":"Renae Shadler\/AUS &#038; Maria Nurmela\/FIN"},"content":{"rendered":"<p><span class=\"_4n-j _fbReactionComponent__eventDetailsContentTags fsl\" data-testid=\"event-permalink-details\">Une premi\u00e8re rencontre artistique entre deux artistes qui se sont rencontr\u00e9es lors de l&#8217;ITEM \u00e0 Valence en octobre 2016.<\/p>\n<p>&#8220;Ensemble, nous interrogeons nos id\u00e9es et valeurs de la performance, tout en visant \u00e0 d\u00e9velopper des moyens plus durables et \u00e9cologiques de pr\u00e9senter de nouveaux travaux pour le th\u00e9\u00e2tre.&#8221; Maria &amp; Renae<\/p>\n<p>Le temps d\u2019une porte ouverte, Renae et Maria pr\u00e9senteront des extraits de leurs \u0153uvres solo : &#8216;RESTORE&#8217; de Renae et &#8216;Closer to Wild Heart&#8217; de Maria. Revisitant leurs propres chor\u00e9graphies et puisant dans le mat\u00e9riel de l\u2019autre, elles chercheront \u00e0 cr\u00e9er un nouveau dialogue collaboratif, bas\u00e9 sur le m\u00e9lange de <span class=\"text_exposed_show\">pratique. S&#8217;appuyant sur le th\u00e9\u00e2tre, la danse et l&#8217;installation, elles invitent le public \u00e0 exp\u00e9rimenter ce processus \u00e9volutif.<br \/>\nLa porte ouverte sera suivie d&#8217;une discussion (anglais-fran\u00e7ais) avec les artistes et d&#8217;un ap\u00e9ro!<\/span><\/span><\/p>\n<p><span class=\"_4n-j _fbReactionComponent__eventDetailsContentTags fsl\" data-testid=\"event-permalink-details\"><span class=\"text_exposed_show\"><a href=\"http:\/\/www.renaeshadler.com\/\" target=\"_blank\" rel=\"nofollow noopener\" data-lynx-mode=\"async\" data-lynx-uri=\"https:\/\/l.facebook.com\/l.php?u=http%3A%2F%2Fwww.renaeshadler.com%2F&amp;h=ATNCoEzjYnGMJy6UCDLQoQmtk9Rr2sfUnmIZI_Ujru9DzrvJXcyEL8yeA0Jnnl_1Vm40fIfNlW0RJGbYCU3WNnYZa_lmG3HGVrXluOLoJPrmBfZ_Wrj8OREsiTSIYwhKVpY8ch5axroNva9HjSO3CnCGtOr00DiDIgpLuylaML3nQQ\">www.renaeshadler.com<br \/>\nhttp:\/\/marianurmela.com\/<\/a><\/span><\/span><\/p>\n","protected":false},"excerpt":{"rendered":"<p>Une premi\u00e8re rencontre artistique entre deux artistes qui se sont rencontr\u00e9es lors de l&#8217;ITEM \u00e0 Valence en octobre 2016. &#8220;Ensemble, nous interrogeons nos id\u00e9es et valeurs de la performance, tout en visant \u00e0 d\u00e9velopper des moyens plus durables et \u00e9cologiques de pr\u00e9senter de nouveaux travaux pour le th\u00e9\u00e2tre.&#8221; Maria &amp; Renae Le temps d\u2019une porte [&hellip;]<\/p>\n","protected":false},"author":2,"featured_media":375,"comment_status":"closed","ping_status":"closed","sticky":false,"template":"","format":"standard","meta":{"_acf_changed":false,"inline_featured_image":false,"footnotes":""},"categories":[23,18],"tags":[],"class_list":["post-374","post","type-post","status-publish","format-standard","has-post-thumbnail","hentry","category-archives-residences","category-residences-1617"],"acf":[],"mb":[],"yoast_head":"<!-- This site is optimized with the Yoast SEO plugin v27.3 - https:\/\/yoast.com\/product\/yoast-seo-wordpress\/ -->\n<title>Renae Shadler\/AUS &amp; Maria Nurmela\/FIN - DANSOM\u00c8TRE - espace de cr\u00e9ation chor\u00e9graphique - VEVEY<\/title>\n<meta name=\"robots\" content=\"index, follow, max-snippet:-1, max-image-preview:large, max-video-preview:-1\" \/>\n<link rel=\"canonical\" href=\"https:\/\/www.dansometre.ch\/en\/archives\/archives-residences\/residences-1617\/renae-shadleraus-maria-nurmelafin\/\" \/>\n<meta property=\"og:locale\" content=\"en_US\" \/>\n<meta property=\"og:type\" content=\"article\" \/>\n<meta property=\"og:title\" content=\"Renae Shadler\/AUS &amp; Maria Nurmela\/FIN - DANSOM\u00c8TRE - espace de cr\u00e9ation chor\u00e9graphique - VEVEY\" \/>\n<meta property=\"og:description\" content=\"Une premi\u00e8re rencontre artistique entre deux artistes qui se sont rencontr\u00e9es lors de l&#8217;ITEM \u00e0 Valence en octobre 2016. &#8220;Ensemble, nous interrogeons nos id\u00e9es et valeurs de la performance, tout en visant \u00e0 d\u00e9velopper des moyens plus durables et \u00e9cologiques de pr\u00e9senter de nouveaux travaux pour le th\u00e9\u00e2tre.&#8221; Maria &amp; Renae Le temps d\u2019une porte [&hellip;]\" \/>\n<meta property=\"og:url\" content=\"https:\/\/www.dansometre.ch\/en\/archives\/archives-residences\/residences-1617\/renae-shadleraus-maria-nurmelafin\/\" \/>\n<meta property=\"og:site_name\" content=\"DANSOM\u00c8TRE - espace de cr\u00e9ation chor\u00e9graphique - VEVEY\" \/>\n<meta property=\"article:published_time\" content=\"2017-09-20T19:21:20+00:00\" \/>\n<meta property=\"og:image\" content=\"https:\/\/www.dansometre.ch\/wp-content\/uploads\/Renae2.jpg\" \/>\n\t<meta property=\"og:image:width\" content=\"500\" \/>\n\t<meta property=\"og:image:height\" content=\"341\" \/>\n\t<meta property=\"og:image:type\" content=\"image\/jpeg\" \/>\n<meta name=\"author\" content=\"jasmine\" \/>\n<meta name=\"twitter:card\" content=\"summary_large_image\" \/>\n<meta name=\"twitter:label1\" content=\"Written by\" \/>\n\t<meta name=\"twitter:data1\" content=\"jasmine\" \/>\n\t<meta name=\"twitter:label2\" content=\"Est. reading time\" \/>\n\t<meta name=\"twitter:data2\" content=\"1 minute\" \/>\n<script type=\"application\/ld+json\" class=\"yoast-schema-graph\">{\"@context\":\"https:\\\/\\\/schema.org\",\"@graph\":[{\"@type\":\"Article\",\"@id\":\"https:\\\/\\\/www.dansometre.ch\\\/en\\\/archives\\\/archives-residences\\\/residences-1617\\\/renae-shadleraus-maria-nurmelafin\\\/#article\",\"isPartOf\":{\"@id\":\"https:\\\/\\\/www.dansometre.ch\\\/en\\\/archives\\\/archives-residences\\\/residences-1617\\\/renae-shadleraus-maria-nurmelafin\\\/\"},\"author\":{\"name\":\"jasmine\",\"@id\":\"https:\\\/\\\/www.dansometre.ch\\\/en\\\/#\\\/schema\\\/person\\\/e4a492ad0b0cb31374af62cb03e5a050\"},\"headline\":\"Renae Shadler\\\/AUS &#038; Maria Nurmela\\\/FIN\",\"datePublished\":\"2017-09-20T19:21:20+00:00\",\"mainEntityOfPage\":{\"@id\":\"https:\\\/\\\/www.dansometre.ch\\\/en\\\/archives\\\/archives-residences\\\/residences-1617\\\/renae-shadleraus-maria-nurmelafin\\\/\"},\"wordCount\":161,\"publisher\":{\"@id\":\"https:\\\/\\\/www.dansometre.ch\\\/en\\\/#organization\"},\"image\":{\"@id\":\"https:\\\/\\\/www.dansometre.ch\\\/en\\\/archives\\\/archives-residences\\\/residences-1617\\\/renae-shadleraus-maria-nurmelafin\\\/#primaryimage\"},\"thumbnailUrl\":\"https:\\\/\\\/www.dansometre.ch\\\/wp-content\\\/uploads\\\/Renae2.jpg\",\"articleSection\":[\"Archives R\u00e9sidences\",\"R\u00e9sidences 16\\\/17\"],\"inLanguage\":\"en-US\"},{\"@type\":\"WebPage\",\"@id\":\"https:\\\/\\\/www.dansometre.ch\\\/en\\\/archives\\\/archives-residences\\\/residences-1617\\\/renae-shadleraus-maria-nurmelafin\\\/\",\"url\":\"https:\\\/\\\/www.dansometre.ch\\\/en\\\/archives\\\/archives-residences\\\/residences-1617\\\/renae-shadleraus-maria-nurmelafin\\\/\",\"name\":\"Renae Shadler\\\/AUS & Maria Nurmela\\\/FIN - DANSOM\u00c8TRE - espace de cr\u00e9ation chor\u00e9graphique - VEVEY\",\"isPartOf\":{\"@id\":\"https:\\\/\\\/www.dansometre.ch\\\/en\\\/#website\"},\"primaryImageOfPage\":{\"@id\":\"https:\\\/\\\/www.dansometre.ch\\\/en\\\/archives\\\/archives-residences\\\/residences-1617\\\/renae-shadleraus-maria-nurmelafin\\\/#primaryimage\"},\"image\":{\"@id\":\"https:\\\/\\\/www.dansometre.ch\\\/en\\\/archives\\\/archives-residences\\\/residences-1617\\\/renae-shadleraus-maria-nurmelafin\\\/#primaryimage\"},\"thumbnailUrl\":\"https:\\\/\\\/www.dansometre.ch\\\/wp-content\\\/uploads\\\/Renae2.jpg\",\"datePublished\":\"2017-09-20T19:21:20+00:00\",\"breadcrumb\":{\"@id\":\"https:\\\/\\\/www.dansometre.ch\\\/en\\\/archives\\\/archives-residences\\\/residences-1617\\\/renae-shadleraus-maria-nurmelafin\\\/#breadcrumb\"},\"inLanguage\":\"en-US\",\"potentialAction\":[{\"@type\":\"ReadAction\",\"target\":[\"https:\\\/\\\/www.dansometre.ch\\\/en\\\/archives\\\/archives-residences\\\/residences-1617\\\/renae-shadleraus-maria-nurmelafin\\\/\"]}]},{\"@type\":\"ImageObject\",\"inLanguage\":\"en-US\",\"@id\":\"https:\\\/\\\/www.dansometre.ch\\\/en\\\/archives\\\/archives-residences\\\/residences-1617\\\/renae-shadleraus-maria-nurmelafin\\\/#primaryimage\",\"url\":\"https:\\\/\\\/www.dansometre.ch\\\/wp-content\\\/uploads\\\/Renae2.jpg\",\"contentUrl\":\"https:\\\/\\\/www.dansometre.ch\\\/wp-content\\\/uploads\\\/Renae2.jpg\",\"width\":500,\"height\":341},{\"@type\":\"BreadcrumbList\",\"@id\":\"https:\\\/\\\/www.dansometre.ch\\\/en\\\/archives\\\/archives-residences\\\/residences-1617\\\/renae-shadleraus-maria-nurmelafin\\\/#breadcrumb\",\"itemListElement\":[{\"@type\":\"ListItem\",\"position\":1,\"name\":\"Accueil\",\"item\":\"https:\\\/\\\/www.dansometre.ch\\\/en\\\/\"},{\"@type\":\"ListItem\",\"position\":2,\"name\":\"Renae Shadler\\\/AUS &#038; Maria Nurmela\\\/FIN\"}]},{\"@type\":\"WebSite\",\"@id\":\"https:\\\/\\\/www.dansometre.ch\\\/en\\\/#website\",\"url\":\"https:\\\/\\\/www.dansometre.ch\\\/en\\\/\",\"name\":\"DANSOM\u00c8TRE - espace de cr\u00e9ation chor\u00e9graphique - VEVEY\",\"description\":\"\",\"publisher\":{\"@id\":\"https:\\\/\\\/www.dansometre.ch\\\/en\\\/#organization\"},\"potentialAction\":[{\"@type\":\"SearchAction\",\"target\":{\"@type\":\"EntryPoint\",\"urlTemplate\":\"https:\\\/\\\/www.dansometre.ch\\\/en\\\/?s={search_term_string}\"},\"query-input\":{\"@type\":\"PropertyValueSpecification\",\"valueRequired\":true,\"valueName\":\"search_term_string\"}}],\"inLanguage\":\"en-US\"},{\"@type\":\"Organization\",\"@id\":\"https:\\\/\\\/www.dansometre.ch\\\/en\\\/#organization\",\"name\":\"DANSOM\u00c8TRE - espace de cr\u00e9ation chor\u00e9graphique - VEVEY\",\"url\":\"https:\\\/\\\/www.dansometre.ch\\\/en\\\/\",\"logo\":{\"@type\":\"ImageObject\",\"inLanguage\":\"en-US\",\"@id\":\"https:\\\/\\\/www.dansometre.ch\\\/en\\\/#\\\/schema\\\/logo\\\/image\\\/\",\"url\":\"https:\\\/\\\/www.dansometre.ch\\\/wp-content\\\/uploads\\\/favicon.png\",\"contentUrl\":\"https:\\\/\\\/www.dansometre.ch\\\/wp-content\\\/uploads\\\/favicon.png\",\"width\":1200,\"height\":1200,\"caption\":\"DANSOM\u00c8TRE - espace de cr\u00e9ation chor\u00e9graphique - VEVEY\"},\"image\":{\"@id\":\"https:\\\/\\\/www.dansometre.ch\\\/en\\\/#\\\/schema\\\/logo\\\/image\\\/\"}},{\"@type\":\"Person\",\"@id\":\"https:\\\/\\\/www.dansometre.ch\\\/en\\\/#\\\/schema\\\/person\\\/e4a492ad0b0cb31374af62cb03e5a050\",\"name\":\"jasmine\",\"image\":{\"@type\":\"ImageObject\",\"inLanguage\":\"en-US\",\"@id\":\"https:\\\/\\\/secure.gravatar.com\\\/avatar\\\/17af7ce1d97fddf2be9fcb6d28b59eda9f84b49e46ceb695d1455b7c5437fcc4?s=96&d=mm&r=g\",\"url\":\"https:\\\/\\\/secure.gravatar.com\\\/avatar\\\/17af7ce1d97fddf2be9fcb6d28b59eda9f84b49e46ceb695d1455b7c5437fcc4?s=96&d=mm&r=g\",\"contentUrl\":\"https:\\\/\\\/secure.gravatar.com\\\/avatar\\\/17af7ce1d97fddf2be9fcb6d28b59eda9f84b49e46ceb695d1455b7c5437fcc4?s=96&d=mm&r=g\",\"caption\":\"jasmine\"},\"url\":\"https:\\\/\\\/www.dansometre.ch\\\/en\\\/author\\\/jasmine\\\/\"}]}<\/script>\n<!-- \/ Yoast SEO plugin. -->","yoast_head_json":{"title":"Renae Shadler\/AUS & Maria Nurmela\/FIN - DANSOM\u00c8TRE - espace de cr\u00e9ation chor\u00e9graphique - VEVEY","robots":{"index":"index","follow":"follow","max-snippet":"max-snippet:-1","max-image-preview":"max-image-preview:large","max-video-preview":"max-video-preview:-1"},"canonical":"https:\/\/www.dansometre.ch\/en\/archives\/archives-residences\/residences-1617\/renae-shadleraus-maria-nurmelafin\/","og_locale":"en_US","og_type":"article","og_title":"Renae Shadler\/AUS & Maria Nurmela\/FIN - DANSOM\u00c8TRE - espace de cr\u00e9ation chor\u00e9graphique - VEVEY","og_description":"Une premi\u00e8re rencontre artistique entre deux artistes qui se sont rencontr\u00e9es lors de l&#8217;ITEM \u00e0 Valence en octobre 2016. &#8220;Ensemble, nous interrogeons nos id\u00e9es et valeurs de la performance, tout en visant \u00e0 d\u00e9velopper des moyens plus durables et \u00e9cologiques de pr\u00e9senter de nouveaux travaux pour le th\u00e9\u00e2tre.&#8221; Maria &amp; Renae Le temps d\u2019une porte [&hellip;]","og_url":"https:\/\/www.dansometre.ch\/en\/archives\/archives-residences\/residences-1617\/renae-shadleraus-maria-nurmelafin\/","og_site_name":"DANSOM\u00c8TRE - espace de cr\u00e9ation chor\u00e9graphique - VEVEY","article_published_time":"2017-09-20T19:21:20+00:00","og_image":[{"width":500,"height":341,"url":"https:\/\/www.dansometre.ch\/wp-content\/uploads\/Renae2.jpg","type":"image\/jpeg"}],"author":"jasmine","twitter_card":"summary_large_image","twitter_misc":{"Written by":"jasmine","Est. reading time":"1 minute"},"schema":{"@context":"https:\/\/schema.org","@graph":[{"@type":"Article","@id":"https:\/\/www.dansometre.ch\/en\/archives\/archives-residences\/residences-1617\/renae-shadleraus-maria-nurmelafin\/#article","isPartOf":{"@id":"https:\/\/www.dansometre.ch\/en\/archives\/archives-residences\/residences-1617\/renae-shadleraus-maria-nurmelafin\/"},"author":{"name":"jasmine","@id":"https:\/\/www.dansometre.ch\/en\/#\/schema\/person\/e4a492ad0b0cb31374af62cb03e5a050"},"headline":"Renae Shadler\/AUS &#038; Maria Nurmela\/FIN","datePublished":"2017-09-20T19:21:20+00:00","mainEntityOfPage":{"@id":"https:\/\/www.dansometre.ch\/en\/archives\/archives-residences\/residences-1617\/renae-shadleraus-maria-nurmelafin\/"},"wordCount":161,"publisher":{"@id":"https:\/\/www.dansometre.ch\/en\/#organization"},"image":{"@id":"https:\/\/www.dansometre.ch\/en\/archives\/archives-residences\/residences-1617\/renae-shadleraus-maria-nurmelafin\/#primaryimage"},"thumbnailUrl":"https:\/\/www.dansometre.ch\/wp-content\/uploads\/Renae2.jpg","articleSection":["Archives R\u00e9sidences","R\u00e9sidences 16\/17"],"inLanguage":"en-US"},{"@type":"WebPage","@id":"https:\/\/www.dansometre.ch\/en\/archives\/archives-residences\/residences-1617\/renae-shadleraus-maria-nurmelafin\/","url":"https:\/\/www.dansometre.ch\/en\/archives\/archives-residences\/residences-1617\/renae-shadleraus-maria-nurmelafin\/","name":"Renae Shadler\/AUS & Maria Nurmela\/FIN - DANSOM\u00c8TRE - espace de cr\u00e9ation chor\u00e9graphique - VEVEY","isPartOf":{"@id":"https:\/\/www.dansometre.ch\/en\/#website"},"primaryImageOfPage":{"@id":"https:\/\/www.dansometre.ch\/en\/archives\/archives-residences\/residences-1617\/renae-shadleraus-maria-nurmelafin\/#primaryimage"},"image":{"@id":"https:\/\/www.dansometre.ch\/en\/archives\/archives-residences\/residences-1617\/renae-shadleraus-maria-nurmelafin\/#primaryimage"},"thumbnailUrl":"https:\/\/www.dansometre.ch\/wp-content\/uploads\/Renae2.jpg","datePublished":"2017-09-20T19:21:20+00:00","breadcrumb":{"@id":"https:\/\/www.dansometre.ch\/en\/archives\/archives-residences\/residences-1617\/renae-shadleraus-maria-nurmelafin\/#breadcrumb"},"inLanguage":"en-US","potentialAction":[{"@type":"ReadAction","target":["https:\/\/www.dansometre.ch\/en\/archives\/archives-residences\/residences-1617\/renae-shadleraus-maria-nurmelafin\/"]}]},{"@type":"ImageObject","inLanguage":"en-US","@id":"https:\/\/www.dansometre.ch\/en\/archives\/archives-residences\/residences-1617\/renae-shadleraus-maria-nurmelafin\/#primaryimage","url":"https:\/\/www.dansometre.ch\/wp-content\/uploads\/Renae2.jpg","contentUrl":"https:\/\/www.dansometre.ch\/wp-content\/uploads\/Renae2.jpg","width":500,"height":341},{"@type":"BreadcrumbList","@id":"https:\/\/www.dansometre.ch\/en\/archives\/archives-residences\/residences-1617\/renae-shadleraus-maria-nurmelafin\/#breadcrumb","itemListElement":[{"@type":"ListItem","position":1,"name":"Accueil","item":"https:\/\/www.dansometre.ch\/en\/"},{"@type":"ListItem","position":2,"name":"Renae Shadler\/AUS &#038; Maria Nurmela\/FIN"}]},{"@type":"WebSite","@id":"https:\/\/www.dansometre.ch\/en\/#website","url":"https:\/\/www.dansometre.ch\/en\/","name":"DANSOM\u00c8TRE - espace de cr\u00e9ation chor\u00e9graphique - VEVEY","description":"","publisher":{"@id":"https:\/\/www.dansometre.ch\/en\/#organization"},"potentialAction":[{"@type":"SearchAction","target":{"@type":"EntryPoint","urlTemplate":"https:\/\/www.dansometre.ch\/en\/?s={search_term_string}"},"query-input":{"@type":"PropertyValueSpecification","valueRequired":true,"valueName":"search_term_string"}}],"inLanguage":"en-US"},{"@type":"Organization","@id":"https:\/\/www.dansometre.ch\/en\/#organization","name":"DANSOM\u00c8TRE - espace de cr\u00e9ation chor\u00e9graphique - VEVEY","url":"https:\/\/www.dansometre.ch\/en\/","logo":{"@type":"ImageObject","inLanguage":"en-US","@id":"https:\/\/www.dansometre.ch\/en\/#\/schema\/logo\/image\/","url":"https:\/\/www.dansometre.ch\/wp-content\/uploads\/favicon.png","contentUrl":"https:\/\/www.dansometre.ch\/wp-content\/uploads\/favicon.png","width":1200,"height":1200,"caption":"DANSOM\u00c8TRE - espace de cr\u00e9ation chor\u00e9graphique - VEVEY"},"image":{"@id":"https:\/\/www.dansometre.ch\/en\/#\/schema\/logo\/image\/"}},{"@type":"Person","@id":"https:\/\/www.dansometre.ch\/en\/#\/schema\/person\/e4a492ad0b0cb31374af62cb03e5a050","name":"jasmine","image":{"@type":"ImageObject","inLanguage":"en-US","@id":"https:\/\/secure.gravatar.com\/avatar\/17af7ce1d97fddf2be9fcb6d28b59eda9f84b49e46ceb695d1455b7c5437fcc4?s=96&d=mm&r=g","url":"https:\/\/secure.gravatar.com\/avatar\/17af7ce1d97fddf2be9fcb6d28b59eda9f84b49e46ceb695d1455b7c5437fcc4?s=96&d=mm&r=g","contentUrl":"https:\/\/secure.gravatar.com\/avatar\/17af7ce1d97fddf2be9fcb6d28b59eda9f84b49e46ceb695d1455b7c5437fcc4?s=96&d=mm&r=g","caption":"jasmine"},"url":"https:\/\/www.dansometre.ch\/en\/author\/jasmine\/"}]}},"mfb_rest_fields":["title","yoast_head","yoast_head_json"],"_links":{"self":[{"href":"https:\/\/www.dansometre.ch\/en\/wp-json\/wp\/v2\/posts\/374","targetHints":{"allow":["GET"]}}],"collection":[{"href":"https:\/\/www.dansometre.ch\/en\/wp-json\/wp\/v2\/posts"}],"about":[{"href":"https:\/\/www.dansometre.ch\/en\/wp-json\/wp\/v2\/types\/post"}],"author":[{"embeddable":true,"href":"https:\/\/www.dansometre.ch\/en\/wp-json\/wp\/v2\/users\/2"}],"replies":[{"embeddable":true,"href":"https:\/\/www.dansometre.ch\/en\/wp-json\/wp\/v2\/comments?post=374"}],"version-history":[{"count":2,"href":"https:\/\/www.dansometre.ch\/en\/wp-json\/wp\/v2\/posts\/374\/revisions"}],"predecessor-version":[{"id":379,"href":"https:\/\/www.dansometre.ch\/en\/wp-json\/wp\/v2\/posts\/374\/revisions\/379"}],"wp:featuredmedia":[{"embeddable":true,"href":"https:\/\/www.dansometre.ch\/en\/wp-json\/wp\/v2\/media\/375"}],"wp:attachment":[{"href":"https:\/\/www.dansometre.ch\/en\/wp-json\/wp\/v2\/media?parent=374"}],"wp:term":[{"taxonomy":"category","embeddable":true,"href":"https:\/\/www.dansometre.ch\/en\/wp-json\/wp\/v2\/categories?post=374"},{"taxonomy":"post_tag","embeddable":true,"href":"https:\/\/www.dansometre.ch\/en\/wp-json\/wp\/v2\/tags?post=374"}],"curies":[{"name":"wp","href":"https:\/\/api.w.org\/{rel}","templated":true}]}}