{"id":4002,"date":"2024-06-01T05:56:00","date_gmt":"2024-06-01T03:56:00","guid":{"rendered":"https:\/\/www.dansometre.ch\/?p=4002"},"modified":"2026-02-18T11:08:48","modified_gmt":"2026-02-18T10:08:48","slug":"neil-hohener","status":"publish","type":"post","link":"https:\/\/www.dansometre.ch\/en\/residences\/serie6\/neil-hohener\/","title":{"rendered":"Neil H\u00f6hener"},"content":{"rendered":"<p>&#8220;An Act&#8221; aborde les questions de l&#8217;identit\u00e9 et de la transformation. J&#8217;y explore mon corps \u00e0 la fois concret et fluide, le sentiment de possession, et je me montre vuln\u00e9rable et enjou\u00e9. Mes actions conduisent \u00e0 une d\u00e9construction performative des cat\u00e9gories fixes. Avec &#8220;An Act&#8221;, je veux cr\u00e9er une pi\u00e8ce qui invite, ne veut pas d\u00e9finir et confronte. Dans mon processus de cr\u00e9ation, je travaille de mani\u00e8re intuitive, en explorant le potentiel expressif du corps et de la voix. Des images int\u00e9rieures m&#8217;inspirent pour mes cr\u00e9ations. Je me plonge dans mes propres fantasmes et, \u00e0 travers leur mise en \u0153uvre physique, je teste diff\u00e9rents personnages, leurs histoires et leur relation au monde ext\u00e9rieur. Je veux explorer les limites d&#8217;un large spectre. Honn\u00eate et complet.<\/p>\n<p><strong>Neil H\u00f6hener<\/strong> est un danseur et chor\u00e9graphe originaire d&#8217;Arbon (Thurgovie). En 2019, il a obtenu un Bachelor of Arts en danse contemporaine \u00e0 la Haute \u00e9cole des arts de Zurich. En tant que danseur, il s&#8217;est engag\u00e9 au niveau national et international. Entre autres avec la Cie Marchepied, la Cie La Ronde et le Club Guy et Roni, Poetic Disasters Club. Il a pr\u00e9sent\u00e9 ses propres pi\u00e8ces courtes, comme le solo &#8220;White Room&#8221; au Skopje Dance Fest et \u00e0 l&#8217;ouverture de la Tanzhaus de Zurich en 2019. Son solo &#8220;take a seat&#8221; a \u00e9t\u00e9 pr\u00e9sent\u00e9 au Festival international de th\u00e9\u00e2tre de danse solo de Stuttgart, \u00e0 InciDance Friborg, au Tanzfest Winterthur et au Festival de danse solo d&#8217;Ankara, entre autres. Son duo No Controles, qu&#8217;il a d\u00e9velopp\u00e9 avec Moira Lafosse, a \u00e9t\u00e9 pr\u00e9sent\u00e9 \u00e0 Mixed Pickles # 12 au Roxy Birsfelden et peut \u00eatre vu en 2023\/24 au Br\u00fccki 235 Festival, au Z\u00fcrcher Theater Spektakel, au Tanzfestival Winterthur et au Th\u00e9\u00e2tre du Jura. Dans son travail, Neil H\u00f6hener s&#8217;int\u00e9resse aux th\u00e8mes de la personnalit\u00e9, de l&#8217;identit\u00e9 et de l&#8217;absurdit\u00e9. En 2023\/24, il est artiste associ\u00e9 au TanzPlan Ost. Au cours de l&#8217;ann\u00e9e, il d\u00e9veloppera son solo autobiographique &#8220;An Act&#8221; (titre provisoire).<\/p>\n","protected":false},"excerpt":{"rendered":"<p>&#8220;An Act&#8221; aborde les questions de l&#8217;identit\u00e9 et de la transformation. J&#8217;y explore mon corps \u00e0 la fois concret et fluide, le sentiment de possession, et je me montre vuln\u00e9rable et enjou\u00e9. Mes actions conduisent \u00e0 une d\u00e9construction performative des cat\u00e9gories fixes. Avec &#8220;An Act&#8221;, je veux cr\u00e9er une pi\u00e8ce qui invite, ne veut pas [&hellip;]<\/p>\n","protected":false},"author":2,"featured_media":4003,"comment_status":"closed","ping_status":"closed","sticky":false,"template":"","format":"standard","meta":{"_acf_changed":false,"inline_featured_image":false,"footnotes":""},"categories":[72],"tags":[],"class_list":["post-4002","post","type-post","status-publish","format-standard","has-post-thumbnail","hentry","category-serie6"],"acf":[],"mb":[],"yoast_head":"<!-- This site is optimized with the Yoast SEO plugin v27.3 - https:\/\/yoast.com\/product\/yoast-seo-wordpress\/ -->\n<title>Neil H\u00f6hener - DANSOM\u00c8TRE - espace de cr\u00e9ation chor\u00e9graphique - VEVEY<\/title>\n<meta name=\"robots\" content=\"index, follow, max-snippet:-1, max-image-preview:large, max-video-preview:-1\" \/>\n<link rel=\"canonical\" href=\"https:\/\/www.dansometre.ch\/en\/residences\/serie6\/neil-hohener\/\" \/>\n<meta property=\"og:locale\" content=\"en_US\" \/>\n<meta property=\"og:type\" content=\"article\" \/>\n<meta property=\"og:title\" content=\"Neil H\u00f6hener - DANSOM\u00c8TRE - espace de cr\u00e9ation chor\u00e9graphique - VEVEY\" \/>\n<meta property=\"og:description\" content=\"&#8220;An Act&#8221; aborde les questions de l&#8217;identit\u00e9 et de la transformation. J&#8217;y explore mon corps \u00e0 la fois concret et fluide, le sentiment de possession, et je me montre vuln\u00e9rable et enjou\u00e9. Mes actions conduisent \u00e0 une d\u00e9construction performative des cat\u00e9gories fixes. Avec &#8220;An Act&#8221;, je veux cr\u00e9er une pi\u00e8ce qui invite, ne veut pas [&hellip;]\" \/>\n<meta property=\"og:url\" content=\"https:\/\/www.dansometre.ch\/en\/residences\/serie6\/neil-hohener\/\" \/>\n<meta property=\"og:site_name\" content=\"DANSOM\u00c8TRE - espace de cr\u00e9ation chor\u00e9graphique - VEVEY\" \/>\n<meta property=\"article:published_time\" content=\"2024-06-01T03:56:00+00:00\" \/>\n<meta property=\"article:modified_time\" content=\"2026-02-18T10:08:48+00:00\" \/>\n<meta property=\"og:image\" content=\"https:\/\/www.dansometre.ch\/wp-content\/uploads\/DANSOMETRE_serie_6_Neil-Hohener_versionA-scaled.jpg\" \/>\n\t<meta property=\"og:image:width\" content=\"2560\" \/>\n\t<meta property=\"og:image:height\" content=\"2560\" \/>\n\t<meta property=\"og:image:type\" content=\"image\/jpeg\" \/>\n<meta name=\"author\" content=\"jasmine\" \/>\n<meta name=\"twitter:card\" content=\"summary_large_image\" \/>\n<meta name=\"twitter:label1\" content=\"Written by\" \/>\n\t<meta name=\"twitter:data1\" content=\"jasmine\" \/>\n\t<meta name=\"twitter:label2\" content=\"Est. reading time\" \/>\n\t<meta name=\"twitter:data2\" content=\"2 minutes\" \/>\n<script type=\"application\/ld+json\" class=\"yoast-schema-graph\">{\"@context\":\"https:\\\/\\\/schema.org\",\"@graph\":[{\"@type\":\"Article\",\"@id\":\"https:\\\/\\\/www.dansometre.ch\\\/en\\\/residences\\\/serie6\\\/neil-hohener\\\/#article\",\"isPartOf\":{\"@id\":\"https:\\\/\\\/www.dansometre.ch\\\/en\\\/residences\\\/serie6\\\/neil-hohener\\\/\"},\"author\":{\"name\":\"jasmine\",\"@id\":\"https:\\\/\\\/www.dansometre.ch\\\/en\\\/#\\\/schema\\\/person\\\/e4a492ad0b0cb31374af62cb03e5a050\"},\"headline\":\"Neil H\u00f6hener\",\"datePublished\":\"2024-06-01T03:56:00+00:00\",\"dateModified\":\"2026-02-18T10:08:48+00:00\",\"mainEntityOfPage\":{\"@id\":\"https:\\\/\\\/www.dansometre.ch\\\/en\\\/residences\\\/serie6\\\/neil-hohener\\\/\"},\"wordCount\":356,\"publisher\":{\"@id\":\"https:\\\/\\\/www.dansometre.ch\\\/en\\\/#organization\"},\"image\":{\"@id\":\"https:\\\/\\\/www.dansometre.ch\\\/en\\\/residences\\\/serie6\\\/neil-hohener\\\/#primaryimage\"},\"thumbnailUrl\":\"https:\\\/\\\/www.dansometre.ch\\\/wp-content\\\/uploads\\\/DANSOMETRE_serie_6_Neil-Hohener_versionA-scaled.jpg\",\"articleSection\":[\"S\u00c9RIE#6\"],\"inLanguage\":\"en-US\"},{\"@type\":\"WebPage\",\"@id\":\"https:\\\/\\\/www.dansometre.ch\\\/en\\\/residences\\\/serie6\\\/neil-hohener\\\/\",\"url\":\"https:\\\/\\\/www.dansometre.ch\\\/en\\\/residences\\\/serie6\\\/neil-hohener\\\/\",\"name\":\"Neil H\u00f6hener - DANSOM\u00c8TRE - espace de cr\u00e9ation chor\u00e9graphique - VEVEY\",\"isPartOf\":{\"@id\":\"https:\\\/\\\/www.dansometre.ch\\\/en\\\/#website\"},\"primaryImageOfPage\":{\"@id\":\"https:\\\/\\\/www.dansometre.ch\\\/en\\\/residences\\\/serie6\\\/neil-hohener\\\/#primaryimage\"},\"image\":{\"@id\":\"https:\\\/\\\/www.dansometre.ch\\\/en\\\/residences\\\/serie6\\\/neil-hohener\\\/#primaryimage\"},\"thumbnailUrl\":\"https:\\\/\\\/www.dansometre.ch\\\/wp-content\\\/uploads\\\/DANSOMETRE_serie_6_Neil-Hohener_versionA-scaled.jpg\",\"datePublished\":\"2024-06-01T03:56:00+00:00\",\"dateModified\":\"2026-02-18T10:08:48+00:00\",\"breadcrumb\":{\"@id\":\"https:\\\/\\\/www.dansometre.ch\\\/en\\\/residences\\\/serie6\\\/neil-hohener\\\/#breadcrumb\"},\"inLanguage\":\"en-US\",\"potentialAction\":[{\"@type\":\"ReadAction\",\"target\":[\"https:\\\/\\\/www.dansometre.ch\\\/en\\\/residences\\\/serie6\\\/neil-hohener\\\/\"]}]},{\"@type\":\"ImageObject\",\"inLanguage\":\"en-US\",\"@id\":\"https:\\\/\\\/www.dansometre.ch\\\/en\\\/residences\\\/serie6\\\/neil-hohener\\\/#primaryimage\",\"url\":\"https:\\\/\\\/www.dansometre.ch\\\/wp-content\\\/uploads\\\/DANSOMETRE_serie_6_Neil-Hohener_versionA-scaled.jpg\",\"contentUrl\":\"https:\\\/\\\/www.dansometre.ch\\\/wp-content\\\/uploads\\\/DANSOMETRE_serie_6_Neil-Hohener_versionA-scaled.jpg\",\"width\":2560,\"height\":2560},{\"@type\":\"BreadcrumbList\",\"@id\":\"https:\\\/\\\/www.dansometre.ch\\\/en\\\/residences\\\/serie6\\\/neil-hohener\\\/#breadcrumb\",\"itemListElement\":[{\"@type\":\"ListItem\",\"position\":1,\"name\":\"Accueil\",\"item\":\"https:\\\/\\\/www.dansometre.ch\\\/en\\\/\"},{\"@type\":\"ListItem\",\"position\":2,\"name\":\"Neil H\u00f6hener\"}]},{\"@type\":\"WebSite\",\"@id\":\"https:\\\/\\\/www.dansometre.ch\\\/en\\\/#website\",\"url\":\"https:\\\/\\\/www.dansometre.ch\\\/en\\\/\",\"name\":\"DANSOM\u00c8TRE - espace de cr\u00e9ation chor\u00e9graphique - VEVEY\",\"description\":\"\",\"publisher\":{\"@id\":\"https:\\\/\\\/www.dansometre.ch\\\/en\\\/#organization\"},\"potentialAction\":[{\"@type\":\"SearchAction\",\"target\":{\"@type\":\"EntryPoint\",\"urlTemplate\":\"https:\\\/\\\/www.dansometre.ch\\\/en\\\/?s={search_term_string}\"},\"query-input\":{\"@type\":\"PropertyValueSpecification\",\"valueRequired\":true,\"valueName\":\"search_term_string\"}}],\"inLanguage\":\"en-US\"},{\"@type\":\"Organization\",\"@id\":\"https:\\\/\\\/www.dansometre.ch\\\/en\\\/#organization\",\"name\":\"DANSOM\u00c8TRE - espace de cr\u00e9ation chor\u00e9graphique - VEVEY\",\"url\":\"https:\\\/\\\/www.dansometre.ch\\\/en\\\/\",\"logo\":{\"@type\":\"ImageObject\",\"inLanguage\":\"en-US\",\"@id\":\"https:\\\/\\\/www.dansometre.ch\\\/en\\\/#\\\/schema\\\/logo\\\/image\\\/\",\"url\":\"https:\\\/\\\/www.dansometre.ch\\\/wp-content\\\/uploads\\\/favicon.png\",\"contentUrl\":\"https:\\\/\\\/www.dansometre.ch\\\/wp-content\\\/uploads\\\/favicon.png\",\"width\":1200,\"height\":1200,\"caption\":\"DANSOM\u00c8TRE - espace de cr\u00e9ation chor\u00e9graphique - VEVEY\"},\"image\":{\"@id\":\"https:\\\/\\\/www.dansometre.ch\\\/en\\\/#\\\/schema\\\/logo\\\/image\\\/\"}},{\"@type\":\"Person\",\"@id\":\"https:\\\/\\\/www.dansometre.ch\\\/en\\\/#\\\/schema\\\/person\\\/e4a492ad0b0cb31374af62cb03e5a050\",\"name\":\"jasmine\",\"image\":{\"@type\":\"ImageObject\",\"inLanguage\":\"en-US\",\"@id\":\"https:\\\/\\\/secure.gravatar.com\\\/avatar\\\/17af7ce1d97fddf2be9fcb6d28b59eda9f84b49e46ceb695d1455b7c5437fcc4?s=96&d=mm&r=g\",\"url\":\"https:\\\/\\\/secure.gravatar.com\\\/avatar\\\/17af7ce1d97fddf2be9fcb6d28b59eda9f84b49e46ceb695d1455b7c5437fcc4?s=96&d=mm&r=g\",\"contentUrl\":\"https:\\\/\\\/secure.gravatar.com\\\/avatar\\\/17af7ce1d97fddf2be9fcb6d28b59eda9f84b49e46ceb695d1455b7c5437fcc4?s=96&d=mm&r=g\",\"caption\":\"jasmine\"},\"url\":\"https:\\\/\\\/www.dansometre.ch\\\/en\\\/author\\\/jasmine\\\/\"}]}<\/script>\n<!-- \/ Yoast SEO plugin. -->","yoast_head_json":{"title":"Neil H\u00f6hener - DANSOM\u00c8TRE - espace de cr\u00e9ation chor\u00e9graphique - VEVEY","robots":{"index":"index","follow":"follow","max-snippet":"max-snippet:-1","max-image-preview":"max-image-preview:large","max-video-preview":"max-video-preview:-1"},"canonical":"https:\/\/www.dansometre.ch\/en\/residences\/serie6\/neil-hohener\/","og_locale":"en_US","og_type":"article","og_title":"Neil H\u00f6hener - DANSOM\u00c8TRE - espace de cr\u00e9ation chor\u00e9graphique - VEVEY","og_description":"&#8220;An Act&#8221; aborde les questions de l&#8217;identit\u00e9 et de la transformation. J&#8217;y explore mon corps \u00e0 la fois concret et fluide, le sentiment de possession, et je me montre vuln\u00e9rable et enjou\u00e9. Mes actions conduisent \u00e0 une d\u00e9construction performative des cat\u00e9gories fixes. Avec &#8220;An Act&#8221;, je veux cr\u00e9er une pi\u00e8ce qui invite, ne veut pas [&hellip;]","og_url":"https:\/\/www.dansometre.ch\/en\/residences\/serie6\/neil-hohener\/","og_site_name":"DANSOM\u00c8TRE - espace de cr\u00e9ation chor\u00e9graphique - VEVEY","article_published_time":"2024-06-01T03:56:00+00:00","article_modified_time":"2026-02-18T10:08:48+00:00","og_image":[{"width":2560,"height":2560,"url":"https:\/\/www.dansometre.ch\/wp-content\/uploads\/DANSOMETRE_serie_6_Neil-Hohener_versionA-scaled.jpg","type":"image\/jpeg"}],"author":"jasmine","twitter_card":"summary_large_image","twitter_misc":{"Written by":"jasmine","Est. reading time":"2 minutes"},"schema":{"@context":"https:\/\/schema.org","@graph":[{"@type":"Article","@id":"https:\/\/www.dansometre.ch\/en\/residences\/serie6\/neil-hohener\/#article","isPartOf":{"@id":"https:\/\/www.dansometre.ch\/en\/residences\/serie6\/neil-hohener\/"},"author":{"name":"jasmine","@id":"https:\/\/www.dansometre.ch\/en\/#\/schema\/person\/e4a492ad0b0cb31374af62cb03e5a050"},"headline":"Neil H\u00f6hener","datePublished":"2024-06-01T03:56:00+00:00","dateModified":"2026-02-18T10:08:48+00:00","mainEntityOfPage":{"@id":"https:\/\/www.dansometre.ch\/en\/residences\/serie6\/neil-hohener\/"},"wordCount":356,"publisher":{"@id":"https:\/\/www.dansometre.ch\/en\/#organization"},"image":{"@id":"https:\/\/www.dansometre.ch\/en\/residences\/serie6\/neil-hohener\/#primaryimage"},"thumbnailUrl":"https:\/\/www.dansometre.ch\/wp-content\/uploads\/DANSOMETRE_serie_6_Neil-Hohener_versionA-scaled.jpg","articleSection":["S\u00c9RIE#6"],"inLanguage":"en-US"},{"@type":"WebPage","@id":"https:\/\/www.dansometre.ch\/en\/residences\/serie6\/neil-hohener\/","url":"https:\/\/www.dansometre.ch\/en\/residences\/serie6\/neil-hohener\/","name":"Neil H\u00f6hener - DANSOM\u00c8TRE - espace de cr\u00e9ation chor\u00e9graphique - VEVEY","isPartOf":{"@id":"https:\/\/www.dansometre.ch\/en\/#website"},"primaryImageOfPage":{"@id":"https:\/\/www.dansometre.ch\/en\/residences\/serie6\/neil-hohener\/#primaryimage"},"image":{"@id":"https:\/\/www.dansometre.ch\/en\/residences\/serie6\/neil-hohener\/#primaryimage"},"thumbnailUrl":"https:\/\/www.dansometre.ch\/wp-content\/uploads\/DANSOMETRE_serie_6_Neil-Hohener_versionA-scaled.jpg","datePublished":"2024-06-01T03:56:00+00:00","dateModified":"2026-02-18T10:08:48+00:00","breadcrumb":{"@id":"https:\/\/www.dansometre.ch\/en\/residences\/serie6\/neil-hohener\/#breadcrumb"},"inLanguage":"en-US","potentialAction":[{"@type":"ReadAction","target":["https:\/\/www.dansometre.ch\/en\/residences\/serie6\/neil-hohener\/"]}]},{"@type":"ImageObject","inLanguage":"en-US","@id":"https:\/\/www.dansometre.ch\/en\/residences\/serie6\/neil-hohener\/#primaryimage","url":"https:\/\/www.dansometre.ch\/wp-content\/uploads\/DANSOMETRE_serie_6_Neil-Hohener_versionA-scaled.jpg","contentUrl":"https:\/\/www.dansometre.ch\/wp-content\/uploads\/DANSOMETRE_serie_6_Neil-Hohener_versionA-scaled.jpg","width":2560,"height":2560},{"@type":"BreadcrumbList","@id":"https:\/\/www.dansometre.ch\/en\/residences\/serie6\/neil-hohener\/#breadcrumb","itemListElement":[{"@type":"ListItem","position":1,"name":"Accueil","item":"https:\/\/www.dansometre.ch\/en\/"},{"@type":"ListItem","position":2,"name":"Neil H\u00f6hener"}]},{"@type":"WebSite","@id":"https:\/\/www.dansometre.ch\/en\/#website","url":"https:\/\/www.dansometre.ch\/en\/","name":"DANSOM\u00c8TRE - espace de cr\u00e9ation chor\u00e9graphique - VEVEY","description":"","publisher":{"@id":"https:\/\/www.dansometre.ch\/en\/#organization"},"potentialAction":[{"@type":"SearchAction","target":{"@type":"EntryPoint","urlTemplate":"https:\/\/www.dansometre.ch\/en\/?s={search_term_string}"},"query-input":{"@type":"PropertyValueSpecification","valueRequired":true,"valueName":"search_term_string"}}],"inLanguage":"en-US"},{"@type":"Organization","@id":"https:\/\/www.dansometre.ch\/en\/#organization","name":"DANSOM\u00c8TRE - espace de cr\u00e9ation chor\u00e9graphique - VEVEY","url":"https:\/\/www.dansometre.ch\/en\/","logo":{"@type":"ImageObject","inLanguage":"en-US","@id":"https:\/\/www.dansometre.ch\/en\/#\/schema\/logo\/image\/","url":"https:\/\/www.dansometre.ch\/wp-content\/uploads\/favicon.png","contentUrl":"https:\/\/www.dansometre.ch\/wp-content\/uploads\/favicon.png","width":1200,"height":1200,"caption":"DANSOM\u00c8TRE - espace de cr\u00e9ation chor\u00e9graphique - VEVEY"},"image":{"@id":"https:\/\/www.dansometre.ch\/en\/#\/schema\/logo\/image\/"}},{"@type":"Person","@id":"https:\/\/www.dansometre.ch\/en\/#\/schema\/person\/e4a492ad0b0cb31374af62cb03e5a050","name":"jasmine","image":{"@type":"ImageObject","inLanguage":"en-US","@id":"https:\/\/secure.gravatar.com\/avatar\/17af7ce1d97fddf2be9fcb6d28b59eda9f84b49e46ceb695d1455b7c5437fcc4?s=96&d=mm&r=g","url":"https:\/\/secure.gravatar.com\/avatar\/17af7ce1d97fddf2be9fcb6d28b59eda9f84b49e46ceb695d1455b7c5437fcc4?s=96&d=mm&r=g","contentUrl":"https:\/\/secure.gravatar.com\/avatar\/17af7ce1d97fddf2be9fcb6d28b59eda9f84b49e46ceb695d1455b7c5437fcc4?s=96&d=mm&r=g","caption":"jasmine"},"url":"https:\/\/www.dansometre.ch\/en\/author\/jasmine\/"}]}},"mfb_rest_fields":["title","yoast_head","yoast_head_json"],"_links":{"self":[{"href":"https:\/\/www.dansometre.ch\/en\/wp-json\/wp\/v2\/posts\/4002","targetHints":{"allow":["GET"]}}],"collection":[{"href":"https:\/\/www.dansometre.ch\/en\/wp-json\/wp\/v2\/posts"}],"about":[{"href":"https:\/\/www.dansometre.ch\/en\/wp-json\/wp\/v2\/types\/post"}],"author":[{"embeddable":true,"href":"https:\/\/www.dansometre.ch\/en\/wp-json\/wp\/v2\/users\/2"}],"replies":[{"embeddable":true,"href":"https:\/\/www.dansometre.ch\/en\/wp-json\/wp\/v2\/comments?post=4002"}],"version-history":[{"count":3,"href":"https:\/\/www.dansometre.ch\/en\/wp-json\/wp\/v2\/posts\/4002\/revisions"}],"predecessor-version":[{"id":6194,"href":"https:\/\/www.dansometre.ch\/en\/wp-json\/wp\/v2\/posts\/4002\/revisions\/6194"}],"wp:featuredmedia":[{"embeddable":true,"href":"https:\/\/www.dansometre.ch\/en\/wp-json\/wp\/v2\/media\/4003"}],"wp:attachment":[{"href":"https:\/\/www.dansometre.ch\/en\/wp-json\/wp\/v2\/media?parent=4002"}],"wp:term":[{"taxonomy":"category","embeddable":true,"href":"https:\/\/www.dansometre.ch\/en\/wp-json\/wp\/v2\/categories?post=4002"},{"taxonomy":"post_tag","embeddable":true,"href":"https:\/\/www.dansometre.ch\/en\/wp-json\/wp\/v2\/tags?post=4002"}],"curies":[{"name":"wp","href":"https:\/\/api.w.org\/{rel}","templated":true}]}}