{"id":4016,"date":"2024-03-01T06:04:47","date_gmt":"2024-03-01T05:04:47","guid":{"rendered":"https:\/\/www.dansometre.ch\/?p=4016"},"modified":"2026-02-18T11:04:56","modified_gmt":"2026-02-18T10:04:56","slug":"wave","status":"publish","type":"post","link":"https:\/\/www.dansometre.ch\/en\/residences\/serie6\/wave\/","title":{"rendered":"WAVE"},"content":{"rendered":"<p>Depuis 2021, je me forme \u00e0 la pratique du catch, les soirs apr\u00e8s les r\u00e9p\u00e9titions. Je combats r\u00e9guli\u00e8rement sur le ring de la Geneva Total Wrestling sous le nom The Iconic Charlie. Fascin\u00e9e par cet univers haut en couleurs, j\u2019explore la cr\u00e9ation d\u2019un alter \u00e9go hu\u00e9 ou adul\u00e9 du public et l\u2019empouvoirement que cette pratique peut procurer. Pour cette semaine de r\u00e9sidence au Dansom\u00e8tre, je souhaite explorer les liens entre danse, catch et \u0153uvre th\u00e9\u00e2trale. Comment cette pratique aux codes tr\u00e8s marqu\u00e9s peut-elle se fa\u00e7onner diff\u00e9remment pour tendre vers une proposition artistique singuli\u00e8re ?<\/p>\n<p><strong>Pauline Raineri<\/strong> est danseuse, chor\u00e9graphe et porteuse de projets. Elle fonde la compagnie WAVE \u00e0 Gen\u00e8ve avec laquelle elle cr\u00e9e des pi\u00e8ces chor\u00e9graphiques et diverses performances. En 2022, elle co-fonde et organise le festival LA BAIGNADE. En 2023, elle co-cr\u00e9e avec Sophie Ammann, le duo \u00ab JO &amp; ALEX \u00bb pour la rue.<br \/>\n<strong>Arnaud Mathey<\/strong> est com\u00e9dien, metteur en sc\u00e8ne et porteur de projets. Il fonde la compagnie Nigave \u00e0 Gen\u00e8ve avec laquelle il cr\u00e9e des spectacles de rue. En 2023, il cr\u00e9e le seul en sc\u00e8ne \u00ab Petite Brume \u00bb d\u2019apr\u00e8s le roman de Jean-Pierre Rochat au Th\u00e9\u00e2tre de l\u2019Orangerie \u00e0 Gen\u00e8ve.<\/p>\n","protected":false},"excerpt":{"rendered":"<p>Depuis 2021, je me forme \u00e0 la pratique du catch, les soirs apr\u00e8s les r\u00e9p\u00e9titions. Je combats r\u00e9guli\u00e8rement sur le ring de la Geneva Total Wrestling sous le nom The Iconic Charlie. Fascin\u00e9e par cet univers haut en couleurs, j\u2019explore la cr\u00e9ation d\u2019un alter \u00e9go hu\u00e9 ou adul\u00e9 du public et l\u2019empouvoirement que cette pratique [&hellip;]<\/p>\n","protected":false},"author":2,"featured_media":4017,"comment_status":"closed","ping_status":"closed","sticky":false,"template":"","format":"standard","meta":{"_acf_changed":false,"inline_featured_image":false,"footnotes":""},"categories":[72],"tags":[],"class_list":["post-4016","post","type-post","status-publish","format-standard","has-post-thumbnail","hentry","category-serie6"],"acf":[],"mb":[],"yoast_head":"<!-- This site is optimized with the Yoast SEO plugin v27.3 - https:\/\/yoast.com\/product\/yoast-seo-wordpress\/ -->\n<title>WAVE - DANSOM\u00c8TRE - espace de cr\u00e9ation chor\u00e9graphique - VEVEY<\/title>\n<meta name=\"robots\" content=\"index, follow, max-snippet:-1, max-image-preview:large, max-video-preview:-1\" \/>\n<link rel=\"canonical\" href=\"https:\/\/www.dansometre.ch\/en\/residences\/serie6\/wave\/\" \/>\n<meta property=\"og:locale\" content=\"en_US\" \/>\n<meta property=\"og:type\" content=\"article\" \/>\n<meta property=\"og:title\" content=\"WAVE - DANSOM\u00c8TRE - espace de cr\u00e9ation chor\u00e9graphique - VEVEY\" \/>\n<meta property=\"og:description\" content=\"Depuis 2021, je me forme \u00e0 la pratique du catch, les soirs apr\u00e8s les r\u00e9p\u00e9titions. Je combats r\u00e9guli\u00e8rement sur le ring de la Geneva Total Wrestling sous le nom The Iconic Charlie. Fascin\u00e9e par cet univers haut en couleurs, j\u2019explore la cr\u00e9ation d\u2019un alter \u00e9go hu\u00e9 ou adul\u00e9 du public et l\u2019empouvoirement que cette pratique [&hellip;]\" \/>\n<meta property=\"og:url\" content=\"https:\/\/www.dansometre.ch\/en\/residences\/serie6\/wave\/\" \/>\n<meta property=\"og:site_name\" content=\"DANSOM\u00c8TRE - espace de cr\u00e9ation chor\u00e9graphique - VEVEY\" \/>\n<meta property=\"article:published_time\" content=\"2024-03-01T05:04:47+00:00\" \/>\n<meta property=\"article:modified_time\" content=\"2026-02-18T10:04:56+00:00\" \/>\n<meta property=\"og:image\" content=\"https:\/\/www.dansometre.ch\/wp-content\/uploads\/DANSOMETRE_serie_6_WAVE_versionA-scaled.jpg\" \/>\n\t<meta property=\"og:image:width\" content=\"2560\" \/>\n\t<meta property=\"og:image:height\" content=\"2560\" \/>\n\t<meta property=\"og:image:type\" content=\"image\/jpeg\" \/>\n<meta name=\"author\" content=\"jasmine\" \/>\n<meta name=\"twitter:card\" content=\"summary_large_image\" \/>\n<meta name=\"twitter:label1\" content=\"Written by\" \/>\n\t<meta name=\"twitter:data1\" content=\"jasmine\" \/>\n\t<meta name=\"twitter:label2\" content=\"Est. reading time\" \/>\n\t<meta name=\"twitter:data2\" content=\"2 minutes\" \/>\n<script type=\"application\/ld+json\" class=\"yoast-schema-graph\">{\"@context\":\"https:\\\/\\\/schema.org\",\"@graph\":[{\"@type\":\"Article\",\"@id\":\"https:\\\/\\\/www.dansometre.ch\\\/en\\\/residences\\\/serie6\\\/wave\\\/#article\",\"isPartOf\":{\"@id\":\"https:\\\/\\\/www.dansometre.ch\\\/en\\\/residences\\\/serie6\\\/wave\\\/\"},\"author\":{\"name\":\"jasmine\",\"@id\":\"https:\\\/\\\/www.dansometre.ch\\\/en\\\/#\\\/schema\\\/person\\\/e4a492ad0b0cb31374af62cb03e5a050\"},\"headline\":\"WAVE\",\"datePublished\":\"2024-03-01T05:04:47+00:00\",\"dateModified\":\"2026-02-18T10:04:56+00:00\",\"mainEntityOfPage\":{\"@id\":\"https:\\\/\\\/www.dansometre.ch\\\/en\\\/residences\\\/serie6\\\/wave\\\/\"},\"wordCount\":220,\"publisher\":{\"@id\":\"https:\\\/\\\/www.dansometre.ch\\\/en\\\/#organization\"},\"image\":{\"@id\":\"https:\\\/\\\/www.dansometre.ch\\\/en\\\/residences\\\/serie6\\\/wave\\\/#primaryimage\"},\"thumbnailUrl\":\"https:\\\/\\\/www.dansometre.ch\\\/wp-content\\\/uploads\\\/DANSOMETRE_serie_6_WAVE_versionA-scaled.jpg\",\"articleSection\":[\"S\u00c9RIE#6\"],\"inLanguage\":\"en-US\"},{\"@type\":\"WebPage\",\"@id\":\"https:\\\/\\\/www.dansometre.ch\\\/en\\\/residences\\\/serie6\\\/wave\\\/\",\"url\":\"https:\\\/\\\/www.dansometre.ch\\\/en\\\/residences\\\/serie6\\\/wave\\\/\",\"name\":\"WAVE - DANSOM\u00c8TRE - espace de cr\u00e9ation chor\u00e9graphique - VEVEY\",\"isPartOf\":{\"@id\":\"https:\\\/\\\/www.dansometre.ch\\\/en\\\/#website\"},\"primaryImageOfPage\":{\"@id\":\"https:\\\/\\\/www.dansometre.ch\\\/en\\\/residences\\\/serie6\\\/wave\\\/#primaryimage\"},\"image\":{\"@id\":\"https:\\\/\\\/www.dansometre.ch\\\/en\\\/residences\\\/serie6\\\/wave\\\/#primaryimage\"},\"thumbnailUrl\":\"https:\\\/\\\/www.dansometre.ch\\\/wp-content\\\/uploads\\\/DANSOMETRE_serie_6_WAVE_versionA-scaled.jpg\",\"datePublished\":\"2024-03-01T05:04:47+00:00\",\"dateModified\":\"2026-02-18T10:04:56+00:00\",\"breadcrumb\":{\"@id\":\"https:\\\/\\\/www.dansometre.ch\\\/en\\\/residences\\\/serie6\\\/wave\\\/#breadcrumb\"},\"inLanguage\":\"en-US\",\"potentialAction\":[{\"@type\":\"ReadAction\",\"target\":[\"https:\\\/\\\/www.dansometre.ch\\\/en\\\/residences\\\/serie6\\\/wave\\\/\"]}]},{\"@type\":\"ImageObject\",\"inLanguage\":\"en-US\",\"@id\":\"https:\\\/\\\/www.dansometre.ch\\\/en\\\/residences\\\/serie6\\\/wave\\\/#primaryimage\",\"url\":\"https:\\\/\\\/www.dansometre.ch\\\/wp-content\\\/uploads\\\/DANSOMETRE_serie_6_WAVE_versionA-scaled.jpg\",\"contentUrl\":\"https:\\\/\\\/www.dansometre.ch\\\/wp-content\\\/uploads\\\/DANSOMETRE_serie_6_WAVE_versionA-scaled.jpg\",\"width\":2560,\"height\":2560},{\"@type\":\"BreadcrumbList\",\"@id\":\"https:\\\/\\\/www.dansometre.ch\\\/en\\\/residences\\\/serie6\\\/wave\\\/#breadcrumb\",\"itemListElement\":[{\"@type\":\"ListItem\",\"position\":1,\"name\":\"Accueil\",\"item\":\"https:\\\/\\\/www.dansometre.ch\\\/en\\\/\"},{\"@type\":\"ListItem\",\"position\":2,\"name\":\"WAVE\"}]},{\"@type\":\"WebSite\",\"@id\":\"https:\\\/\\\/www.dansometre.ch\\\/en\\\/#website\",\"url\":\"https:\\\/\\\/www.dansometre.ch\\\/en\\\/\",\"name\":\"DANSOM\u00c8TRE - espace de cr\u00e9ation chor\u00e9graphique - VEVEY\",\"description\":\"\",\"publisher\":{\"@id\":\"https:\\\/\\\/www.dansometre.ch\\\/en\\\/#organization\"},\"potentialAction\":[{\"@type\":\"SearchAction\",\"target\":{\"@type\":\"EntryPoint\",\"urlTemplate\":\"https:\\\/\\\/www.dansometre.ch\\\/en\\\/?s={search_term_string}\"},\"query-input\":{\"@type\":\"PropertyValueSpecification\",\"valueRequired\":true,\"valueName\":\"search_term_string\"}}],\"inLanguage\":\"en-US\"},{\"@type\":\"Organization\",\"@id\":\"https:\\\/\\\/www.dansometre.ch\\\/en\\\/#organization\",\"name\":\"DANSOM\u00c8TRE - espace de cr\u00e9ation chor\u00e9graphique - VEVEY\",\"url\":\"https:\\\/\\\/www.dansometre.ch\\\/en\\\/\",\"logo\":{\"@type\":\"ImageObject\",\"inLanguage\":\"en-US\",\"@id\":\"https:\\\/\\\/www.dansometre.ch\\\/en\\\/#\\\/schema\\\/logo\\\/image\\\/\",\"url\":\"https:\\\/\\\/www.dansometre.ch\\\/wp-content\\\/uploads\\\/favicon.png\",\"contentUrl\":\"https:\\\/\\\/www.dansometre.ch\\\/wp-content\\\/uploads\\\/favicon.png\",\"width\":1200,\"height\":1200,\"caption\":\"DANSOM\u00c8TRE - espace de cr\u00e9ation chor\u00e9graphique - VEVEY\"},\"image\":{\"@id\":\"https:\\\/\\\/www.dansometre.ch\\\/en\\\/#\\\/schema\\\/logo\\\/image\\\/\"}},{\"@type\":\"Person\",\"@id\":\"https:\\\/\\\/www.dansometre.ch\\\/en\\\/#\\\/schema\\\/person\\\/e4a492ad0b0cb31374af62cb03e5a050\",\"name\":\"jasmine\",\"image\":{\"@type\":\"ImageObject\",\"inLanguage\":\"en-US\",\"@id\":\"https:\\\/\\\/secure.gravatar.com\\\/avatar\\\/17af7ce1d97fddf2be9fcb6d28b59eda9f84b49e46ceb695d1455b7c5437fcc4?s=96&d=mm&r=g\",\"url\":\"https:\\\/\\\/secure.gravatar.com\\\/avatar\\\/17af7ce1d97fddf2be9fcb6d28b59eda9f84b49e46ceb695d1455b7c5437fcc4?s=96&d=mm&r=g\",\"contentUrl\":\"https:\\\/\\\/secure.gravatar.com\\\/avatar\\\/17af7ce1d97fddf2be9fcb6d28b59eda9f84b49e46ceb695d1455b7c5437fcc4?s=96&d=mm&r=g\",\"caption\":\"jasmine\"},\"url\":\"https:\\\/\\\/www.dansometre.ch\\\/en\\\/author\\\/jasmine\\\/\"}]}<\/script>\n<!-- \/ Yoast SEO plugin. -->","yoast_head_json":{"title":"WAVE - DANSOM\u00c8TRE - espace de cr\u00e9ation chor\u00e9graphique - VEVEY","robots":{"index":"index","follow":"follow","max-snippet":"max-snippet:-1","max-image-preview":"max-image-preview:large","max-video-preview":"max-video-preview:-1"},"canonical":"https:\/\/www.dansometre.ch\/en\/residences\/serie6\/wave\/","og_locale":"en_US","og_type":"article","og_title":"WAVE - DANSOM\u00c8TRE - espace de cr\u00e9ation chor\u00e9graphique - VEVEY","og_description":"Depuis 2021, je me forme \u00e0 la pratique du catch, les soirs apr\u00e8s les r\u00e9p\u00e9titions. Je combats r\u00e9guli\u00e8rement sur le ring de la Geneva Total Wrestling sous le nom The Iconic Charlie. Fascin\u00e9e par cet univers haut en couleurs, j\u2019explore la cr\u00e9ation d\u2019un alter \u00e9go hu\u00e9 ou adul\u00e9 du public et l\u2019empouvoirement que cette pratique [&hellip;]","og_url":"https:\/\/www.dansometre.ch\/en\/residences\/serie6\/wave\/","og_site_name":"DANSOM\u00c8TRE - espace de cr\u00e9ation chor\u00e9graphique - VEVEY","article_published_time":"2024-03-01T05:04:47+00:00","article_modified_time":"2026-02-18T10:04:56+00:00","og_image":[{"width":2560,"height":2560,"url":"https:\/\/www.dansometre.ch\/wp-content\/uploads\/DANSOMETRE_serie_6_WAVE_versionA-scaled.jpg","type":"image\/jpeg"}],"author":"jasmine","twitter_card":"summary_large_image","twitter_misc":{"Written by":"jasmine","Est. reading time":"2 minutes"},"schema":{"@context":"https:\/\/schema.org","@graph":[{"@type":"Article","@id":"https:\/\/www.dansometre.ch\/en\/residences\/serie6\/wave\/#article","isPartOf":{"@id":"https:\/\/www.dansometre.ch\/en\/residences\/serie6\/wave\/"},"author":{"name":"jasmine","@id":"https:\/\/www.dansometre.ch\/en\/#\/schema\/person\/e4a492ad0b0cb31374af62cb03e5a050"},"headline":"WAVE","datePublished":"2024-03-01T05:04:47+00:00","dateModified":"2026-02-18T10:04:56+00:00","mainEntityOfPage":{"@id":"https:\/\/www.dansometre.ch\/en\/residences\/serie6\/wave\/"},"wordCount":220,"publisher":{"@id":"https:\/\/www.dansometre.ch\/en\/#organization"},"image":{"@id":"https:\/\/www.dansometre.ch\/en\/residences\/serie6\/wave\/#primaryimage"},"thumbnailUrl":"https:\/\/www.dansometre.ch\/wp-content\/uploads\/DANSOMETRE_serie_6_WAVE_versionA-scaled.jpg","articleSection":["S\u00c9RIE#6"],"inLanguage":"en-US"},{"@type":"WebPage","@id":"https:\/\/www.dansometre.ch\/en\/residences\/serie6\/wave\/","url":"https:\/\/www.dansometre.ch\/en\/residences\/serie6\/wave\/","name":"WAVE - DANSOM\u00c8TRE - espace de cr\u00e9ation chor\u00e9graphique - VEVEY","isPartOf":{"@id":"https:\/\/www.dansometre.ch\/en\/#website"},"primaryImageOfPage":{"@id":"https:\/\/www.dansometre.ch\/en\/residences\/serie6\/wave\/#primaryimage"},"image":{"@id":"https:\/\/www.dansometre.ch\/en\/residences\/serie6\/wave\/#primaryimage"},"thumbnailUrl":"https:\/\/www.dansometre.ch\/wp-content\/uploads\/DANSOMETRE_serie_6_WAVE_versionA-scaled.jpg","datePublished":"2024-03-01T05:04:47+00:00","dateModified":"2026-02-18T10:04:56+00:00","breadcrumb":{"@id":"https:\/\/www.dansometre.ch\/en\/residences\/serie6\/wave\/#breadcrumb"},"inLanguage":"en-US","potentialAction":[{"@type":"ReadAction","target":["https:\/\/www.dansometre.ch\/en\/residences\/serie6\/wave\/"]}]},{"@type":"ImageObject","inLanguage":"en-US","@id":"https:\/\/www.dansometre.ch\/en\/residences\/serie6\/wave\/#primaryimage","url":"https:\/\/www.dansometre.ch\/wp-content\/uploads\/DANSOMETRE_serie_6_WAVE_versionA-scaled.jpg","contentUrl":"https:\/\/www.dansometre.ch\/wp-content\/uploads\/DANSOMETRE_serie_6_WAVE_versionA-scaled.jpg","width":2560,"height":2560},{"@type":"BreadcrumbList","@id":"https:\/\/www.dansometre.ch\/en\/residences\/serie6\/wave\/#breadcrumb","itemListElement":[{"@type":"ListItem","position":1,"name":"Accueil","item":"https:\/\/www.dansometre.ch\/en\/"},{"@type":"ListItem","position":2,"name":"WAVE"}]},{"@type":"WebSite","@id":"https:\/\/www.dansometre.ch\/en\/#website","url":"https:\/\/www.dansometre.ch\/en\/","name":"DANSOM\u00c8TRE - espace de cr\u00e9ation chor\u00e9graphique - VEVEY","description":"","publisher":{"@id":"https:\/\/www.dansometre.ch\/en\/#organization"},"potentialAction":[{"@type":"SearchAction","target":{"@type":"EntryPoint","urlTemplate":"https:\/\/www.dansometre.ch\/en\/?s={search_term_string}"},"query-input":{"@type":"PropertyValueSpecification","valueRequired":true,"valueName":"search_term_string"}}],"inLanguage":"en-US"},{"@type":"Organization","@id":"https:\/\/www.dansometre.ch\/en\/#organization","name":"DANSOM\u00c8TRE - espace de cr\u00e9ation chor\u00e9graphique - VEVEY","url":"https:\/\/www.dansometre.ch\/en\/","logo":{"@type":"ImageObject","inLanguage":"en-US","@id":"https:\/\/www.dansometre.ch\/en\/#\/schema\/logo\/image\/","url":"https:\/\/www.dansometre.ch\/wp-content\/uploads\/favicon.png","contentUrl":"https:\/\/www.dansometre.ch\/wp-content\/uploads\/favicon.png","width":1200,"height":1200,"caption":"DANSOM\u00c8TRE - espace de cr\u00e9ation chor\u00e9graphique - VEVEY"},"image":{"@id":"https:\/\/www.dansometre.ch\/en\/#\/schema\/logo\/image\/"}},{"@type":"Person","@id":"https:\/\/www.dansometre.ch\/en\/#\/schema\/person\/e4a492ad0b0cb31374af62cb03e5a050","name":"jasmine","image":{"@type":"ImageObject","inLanguage":"en-US","@id":"https:\/\/secure.gravatar.com\/avatar\/17af7ce1d97fddf2be9fcb6d28b59eda9f84b49e46ceb695d1455b7c5437fcc4?s=96&d=mm&r=g","url":"https:\/\/secure.gravatar.com\/avatar\/17af7ce1d97fddf2be9fcb6d28b59eda9f84b49e46ceb695d1455b7c5437fcc4?s=96&d=mm&r=g","contentUrl":"https:\/\/secure.gravatar.com\/avatar\/17af7ce1d97fddf2be9fcb6d28b59eda9f84b49e46ceb695d1455b7c5437fcc4?s=96&d=mm&r=g","caption":"jasmine"},"url":"https:\/\/www.dansometre.ch\/en\/author\/jasmine\/"}]}},"mfb_rest_fields":["title","yoast_head","yoast_head_json"],"_links":{"self":[{"href":"https:\/\/www.dansometre.ch\/en\/wp-json\/wp\/v2\/posts\/4016","targetHints":{"allow":["GET"]}}],"collection":[{"href":"https:\/\/www.dansometre.ch\/en\/wp-json\/wp\/v2\/posts"}],"about":[{"href":"https:\/\/www.dansometre.ch\/en\/wp-json\/wp\/v2\/types\/post"}],"author":[{"embeddable":true,"href":"https:\/\/www.dansometre.ch\/en\/wp-json\/wp\/v2\/users\/2"}],"replies":[{"embeddable":true,"href":"https:\/\/www.dansometre.ch\/en\/wp-json\/wp\/v2\/comments?post=4016"}],"version-history":[{"count":2,"href":"https:\/\/www.dansometre.ch\/en\/wp-json\/wp\/v2\/posts\/4016\/revisions"}],"predecessor-version":[{"id":6190,"href":"https:\/\/www.dansometre.ch\/en\/wp-json\/wp\/v2\/posts\/4016\/revisions\/6190"}],"wp:featuredmedia":[{"embeddable":true,"href":"https:\/\/www.dansometre.ch\/en\/wp-json\/wp\/v2\/media\/4017"}],"wp:attachment":[{"href":"https:\/\/www.dansometre.ch\/en\/wp-json\/wp\/v2\/media?parent=4016"}],"wp:term":[{"taxonomy":"category","embeddable":true,"href":"https:\/\/www.dansometre.ch\/en\/wp-json\/wp\/v2\/categories?post=4016"},{"taxonomy":"post_tag","embeddable":true,"href":"https:\/\/www.dansometre.ch\/en\/wp-json\/wp\/v2\/tags?post=4016"}],"curies":[{"name":"wp","href":"https:\/\/api.w.org\/{rel}","templated":true}]}}