{"id":4024,"date":"2024-02-09T06:11:59","date_gmt":"2024-02-09T05:11:59","guid":{"rendered":"https:\/\/www.dansometre.ch\/?p=4024"},"modified":"2026-02-18T11:03:48","modified_gmt":"2026-02-18T10:03:48","slug":"marion-baeriswyl-d-c-p","status":"publish","type":"post","link":"https:\/\/www.dansometre.ch\/en\/residences\/serie6\/marion-baeriswyl-d-c-p\/","title":{"rendered":"Marion Baeriswyl + D.C.P"},"content":{"rendered":"<p>N\u00e9 d\u2019un questionnement quotidien sur notre mani\u00e8re de se lier au territoire sur lequel on vit, Mille lieues ouvre un espace de r\u00e9flexion sur la question de l\u2019habiter, sur les possibles d\u2019\u00eatre habitant et sur nos mani\u00e8res d\u2019\u00eatre au monde. Prenant le lichen comme outil de pens\u00e9e, Mille lieues se d\u00e9ploie sur un long continuum o\u00f9 danse et musique se tissent en interaction.<br \/>\nProposition artistique con\u00e7ue comme un milieu, Mille lieues \u00e9volue tout en lenteur. La lenteur comme acte d\u2019attention, pour rendre visible l\u2019invisible, rendre digne d\u2019int\u00e9r\u00eat les d\u00e9tails et peupler \u00e0 nouveau nos alentours.<\/p>\n<p><strong>Marion Baeriswyl <\/strong>\u2013 conception et chor\u00e9graphie<\/p>\n<p>Danseuse-chor\u00e9graphe, vit et travaille \u00e0 Gen\u00e8ve. Co-fondatrice du Projet H107, un lieu pour la cr\u00e9ation en arts vivants \u00e0 Gen\u00e8ve, elle s\u2019int\u00e9resse aux contextes de cr\u00e9ation, de repr\u00e9sentation et de transmission.<\/p>\n<p><strong>D.C.P <\/strong>&#8211; conception, cr\u00e9ation musicale et interpr\u00e9tation live<\/p>\n<p>Compositeur et interpr\u00e8te, g\u00e9rant du label Paco et Gigi Records, son travail musical est notamment influenc\u00e9 par la psycho acoustique, la musique \u00e9lectronique des pionniers du genre, et la musique industrielle.<\/p>\n","protected":false},"excerpt":{"rendered":"<p>N\u00e9 d\u2019un questionnement quotidien sur notre mani\u00e8re de se lier au territoire sur lequel on vit, Mille lieues ouvre un espace de r\u00e9flexion sur la question de l\u2019habiter, sur les possibles d\u2019\u00eatre habitant et sur nos mani\u00e8res d\u2019\u00eatre au monde. Prenant le lichen comme outil de pens\u00e9e, Mille lieues se d\u00e9ploie sur un long continuum [&hellip;]<\/p>\n","protected":false},"author":2,"featured_media":4025,"comment_status":"closed","ping_status":"closed","sticky":false,"template":"","format":"standard","meta":{"_acf_changed":false,"inline_featured_image":false,"footnotes":""},"categories":[72],"tags":[],"class_list":["post-4024","post","type-post","status-publish","format-standard","has-post-thumbnail","hentry","category-serie6"],"acf":[],"mb":[],"yoast_head":"<!-- This site is optimized with the Yoast SEO plugin v27.3 - https:\/\/yoast.com\/product\/yoast-seo-wordpress\/ -->\n<title>Marion Baeriswyl + D.C.P - DANSOM\u00c8TRE - espace de cr\u00e9ation chor\u00e9graphique - VEVEY<\/title>\n<meta name=\"robots\" content=\"index, follow, max-snippet:-1, max-image-preview:large, max-video-preview:-1\" \/>\n<link rel=\"canonical\" href=\"https:\/\/www.dansometre.ch\/en\/residences\/serie6\/marion-baeriswyl-d-c-p\/\" \/>\n<meta property=\"og:locale\" content=\"en_US\" \/>\n<meta property=\"og:type\" content=\"article\" \/>\n<meta property=\"og:title\" content=\"Marion Baeriswyl + D.C.P - DANSOM\u00c8TRE - espace de cr\u00e9ation chor\u00e9graphique - VEVEY\" \/>\n<meta property=\"og:description\" content=\"N\u00e9 d\u2019un questionnement quotidien sur notre mani\u00e8re de se lier au territoire sur lequel on vit, Mille lieues ouvre un espace de r\u00e9flexion sur la question de l\u2019habiter, sur les possibles d\u2019\u00eatre habitant et sur nos mani\u00e8res d\u2019\u00eatre au monde. Prenant le lichen comme outil de pens\u00e9e, Mille lieues se d\u00e9ploie sur un long continuum [&hellip;]\" \/>\n<meta property=\"og:url\" content=\"https:\/\/www.dansometre.ch\/en\/residences\/serie6\/marion-baeriswyl-d-c-p\/\" \/>\n<meta property=\"og:site_name\" content=\"DANSOM\u00c8TRE - espace de cr\u00e9ation chor\u00e9graphique - VEVEY\" \/>\n<meta property=\"article:published_time\" content=\"2024-02-09T05:11:59+00:00\" \/>\n<meta property=\"article:modified_time\" content=\"2026-02-18T10:03:48+00:00\" \/>\n<meta property=\"og:image\" content=\"https:\/\/www.dansometre.ch\/wp-content\/uploads\/DANSOMETRE_serie_6_Aleas_versionA-scaled.jpg\" \/>\n\t<meta property=\"og:image:width\" content=\"2560\" \/>\n\t<meta property=\"og:image:height\" content=\"2560\" \/>\n\t<meta property=\"og:image:type\" content=\"image\/jpeg\" \/>\n<meta name=\"author\" content=\"jasmine\" \/>\n<meta name=\"twitter:card\" content=\"summary_large_image\" \/>\n<meta name=\"twitter:label1\" content=\"Written by\" \/>\n\t<meta name=\"twitter:data1\" content=\"jasmine\" \/>\n\t<meta name=\"twitter:label2\" content=\"Est. reading time\" \/>\n\t<meta name=\"twitter:data2\" content=\"2 minutes\" \/>\n<script type=\"application\/ld+json\" class=\"yoast-schema-graph\">{\"@context\":\"https:\\\/\\\/schema.org\",\"@graph\":[{\"@type\":\"Article\",\"@id\":\"https:\\\/\\\/www.dansometre.ch\\\/en\\\/residences\\\/serie6\\\/marion-baeriswyl-d-c-p\\\/#article\",\"isPartOf\":{\"@id\":\"https:\\\/\\\/www.dansometre.ch\\\/en\\\/residences\\\/serie6\\\/marion-baeriswyl-d-c-p\\\/\"},\"author\":{\"name\":\"jasmine\",\"@id\":\"https:\\\/\\\/www.dansometre.ch\\\/en\\\/#\\\/schema\\\/person\\\/e4a492ad0b0cb31374af62cb03e5a050\"},\"headline\":\"Marion Baeriswyl + D.C.P\",\"datePublished\":\"2024-02-09T05:11:59+00:00\",\"dateModified\":\"2026-02-18T10:03:48+00:00\",\"mainEntityOfPage\":{\"@id\":\"https:\\\/\\\/www.dansometre.ch\\\/en\\\/residences\\\/serie6\\\/marion-baeriswyl-d-c-p\\\/\"},\"wordCount\":203,\"publisher\":{\"@id\":\"https:\\\/\\\/www.dansometre.ch\\\/en\\\/#organization\"},\"image\":{\"@id\":\"https:\\\/\\\/www.dansometre.ch\\\/en\\\/residences\\\/serie6\\\/marion-baeriswyl-d-c-p\\\/#primaryimage\"},\"thumbnailUrl\":\"https:\\\/\\\/www.dansometre.ch\\\/wp-content\\\/uploads\\\/DANSOMETRE_serie_6_Aleas_versionA-scaled.jpg\",\"articleSection\":[\"S\u00c9RIE#6\"],\"inLanguage\":\"en-US\"},{\"@type\":\"WebPage\",\"@id\":\"https:\\\/\\\/www.dansometre.ch\\\/en\\\/residences\\\/serie6\\\/marion-baeriswyl-d-c-p\\\/\",\"url\":\"https:\\\/\\\/www.dansometre.ch\\\/en\\\/residences\\\/serie6\\\/marion-baeriswyl-d-c-p\\\/\",\"name\":\"Marion Baeriswyl + D.C.P - DANSOM\u00c8TRE - espace de cr\u00e9ation chor\u00e9graphique - VEVEY\",\"isPartOf\":{\"@id\":\"https:\\\/\\\/www.dansometre.ch\\\/en\\\/#website\"},\"primaryImageOfPage\":{\"@id\":\"https:\\\/\\\/www.dansometre.ch\\\/en\\\/residences\\\/serie6\\\/marion-baeriswyl-d-c-p\\\/#primaryimage\"},\"image\":{\"@id\":\"https:\\\/\\\/www.dansometre.ch\\\/en\\\/residences\\\/serie6\\\/marion-baeriswyl-d-c-p\\\/#primaryimage\"},\"thumbnailUrl\":\"https:\\\/\\\/www.dansometre.ch\\\/wp-content\\\/uploads\\\/DANSOMETRE_serie_6_Aleas_versionA-scaled.jpg\",\"datePublished\":\"2024-02-09T05:11:59+00:00\",\"dateModified\":\"2026-02-18T10:03:48+00:00\",\"breadcrumb\":{\"@id\":\"https:\\\/\\\/www.dansometre.ch\\\/en\\\/residences\\\/serie6\\\/marion-baeriswyl-d-c-p\\\/#breadcrumb\"},\"inLanguage\":\"en-US\",\"potentialAction\":[{\"@type\":\"ReadAction\",\"target\":[\"https:\\\/\\\/www.dansometre.ch\\\/en\\\/residences\\\/serie6\\\/marion-baeriswyl-d-c-p\\\/\"]}]},{\"@type\":\"ImageObject\",\"inLanguage\":\"en-US\",\"@id\":\"https:\\\/\\\/www.dansometre.ch\\\/en\\\/residences\\\/serie6\\\/marion-baeriswyl-d-c-p\\\/#primaryimage\",\"url\":\"https:\\\/\\\/www.dansometre.ch\\\/wp-content\\\/uploads\\\/DANSOMETRE_serie_6_Aleas_versionA-scaled.jpg\",\"contentUrl\":\"https:\\\/\\\/www.dansometre.ch\\\/wp-content\\\/uploads\\\/DANSOMETRE_serie_6_Aleas_versionA-scaled.jpg\",\"width\":2560,\"height\":2560},{\"@type\":\"BreadcrumbList\",\"@id\":\"https:\\\/\\\/www.dansometre.ch\\\/en\\\/residences\\\/serie6\\\/marion-baeriswyl-d-c-p\\\/#breadcrumb\",\"itemListElement\":[{\"@type\":\"ListItem\",\"position\":1,\"name\":\"Accueil\",\"item\":\"https:\\\/\\\/www.dansometre.ch\\\/en\\\/\"},{\"@type\":\"ListItem\",\"position\":2,\"name\":\"Marion Baeriswyl + D.C.P\"}]},{\"@type\":\"WebSite\",\"@id\":\"https:\\\/\\\/www.dansometre.ch\\\/en\\\/#website\",\"url\":\"https:\\\/\\\/www.dansometre.ch\\\/en\\\/\",\"name\":\"DANSOM\u00c8TRE - espace de cr\u00e9ation chor\u00e9graphique - VEVEY\",\"description\":\"\",\"publisher\":{\"@id\":\"https:\\\/\\\/www.dansometre.ch\\\/en\\\/#organization\"},\"potentialAction\":[{\"@type\":\"SearchAction\",\"target\":{\"@type\":\"EntryPoint\",\"urlTemplate\":\"https:\\\/\\\/www.dansometre.ch\\\/en\\\/?s={search_term_string}\"},\"query-input\":{\"@type\":\"PropertyValueSpecification\",\"valueRequired\":true,\"valueName\":\"search_term_string\"}}],\"inLanguage\":\"en-US\"},{\"@type\":\"Organization\",\"@id\":\"https:\\\/\\\/www.dansometre.ch\\\/en\\\/#organization\",\"name\":\"DANSOM\u00c8TRE - espace de cr\u00e9ation chor\u00e9graphique - VEVEY\",\"url\":\"https:\\\/\\\/www.dansometre.ch\\\/en\\\/\",\"logo\":{\"@type\":\"ImageObject\",\"inLanguage\":\"en-US\",\"@id\":\"https:\\\/\\\/www.dansometre.ch\\\/en\\\/#\\\/schema\\\/logo\\\/image\\\/\",\"url\":\"https:\\\/\\\/www.dansometre.ch\\\/wp-content\\\/uploads\\\/favicon.png\",\"contentUrl\":\"https:\\\/\\\/www.dansometre.ch\\\/wp-content\\\/uploads\\\/favicon.png\",\"width\":1200,\"height\":1200,\"caption\":\"DANSOM\u00c8TRE - espace de cr\u00e9ation chor\u00e9graphique - VEVEY\"},\"image\":{\"@id\":\"https:\\\/\\\/www.dansometre.ch\\\/en\\\/#\\\/schema\\\/logo\\\/image\\\/\"}},{\"@type\":\"Person\",\"@id\":\"https:\\\/\\\/www.dansometre.ch\\\/en\\\/#\\\/schema\\\/person\\\/e4a492ad0b0cb31374af62cb03e5a050\",\"name\":\"jasmine\",\"image\":{\"@type\":\"ImageObject\",\"inLanguage\":\"en-US\",\"@id\":\"https:\\\/\\\/secure.gravatar.com\\\/avatar\\\/17af7ce1d97fddf2be9fcb6d28b59eda9f84b49e46ceb695d1455b7c5437fcc4?s=96&d=mm&r=g\",\"url\":\"https:\\\/\\\/secure.gravatar.com\\\/avatar\\\/17af7ce1d97fddf2be9fcb6d28b59eda9f84b49e46ceb695d1455b7c5437fcc4?s=96&d=mm&r=g\",\"contentUrl\":\"https:\\\/\\\/secure.gravatar.com\\\/avatar\\\/17af7ce1d97fddf2be9fcb6d28b59eda9f84b49e46ceb695d1455b7c5437fcc4?s=96&d=mm&r=g\",\"caption\":\"jasmine\"},\"url\":\"https:\\\/\\\/www.dansometre.ch\\\/en\\\/author\\\/jasmine\\\/\"}]}<\/script>\n<!-- \/ Yoast SEO plugin. -->","yoast_head_json":{"title":"Marion Baeriswyl + D.C.P - DANSOM\u00c8TRE - espace de cr\u00e9ation chor\u00e9graphique - VEVEY","robots":{"index":"index","follow":"follow","max-snippet":"max-snippet:-1","max-image-preview":"max-image-preview:large","max-video-preview":"max-video-preview:-1"},"canonical":"https:\/\/www.dansometre.ch\/en\/residences\/serie6\/marion-baeriswyl-d-c-p\/","og_locale":"en_US","og_type":"article","og_title":"Marion Baeriswyl + D.C.P - DANSOM\u00c8TRE - espace de cr\u00e9ation chor\u00e9graphique - VEVEY","og_description":"N\u00e9 d\u2019un questionnement quotidien sur notre mani\u00e8re de se lier au territoire sur lequel on vit, Mille lieues ouvre un espace de r\u00e9flexion sur la question de l\u2019habiter, sur les possibles d\u2019\u00eatre habitant et sur nos mani\u00e8res d\u2019\u00eatre au monde. Prenant le lichen comme outil de pens\u00e9e, Mille lieues se d\u00e9ploie sur un long continuum [&hellip;]","og_url":"https:\/\/www.dansometre.ch\/en\/residences\/serie6\/marion-baeriswyl-d-c-p\/","og_site_name":"DANSOM\u00c8TRE - espace de cr\u00e9ation chor\u00e9graphique - VEVEY","article_published_time":"2024-02-09T05:11:59+00:00","article_modified_time":"2026-02-18T10:03:48+00:00","og_image":[{"width":2560,"height":2560,"url":"https:\/\/www.dansometre.ch\/wp-content\/uploads\/DANSOMETRE_serie_6_Aleas_versionA-scaled.jpg","type":"image\/jpeg"}],"author":"jasmine","twitter_card":"summary_large_image","twitter_misc":{"Written by":"jasmine","Est. reading time":"2 minutes"},"schema":{"@context":"https:\/\/schema.org","@graph":[{"@type":"Article","@id":"https:\/\/www.dansometre.ch\/en\/residences\/serie6\/marion-baeriswyl-d-c-p\/#article","isPartOf":{"@id":"https:\/\/www.dansometre.ch\/en\/residences\/serie6\/marion-baeriswyl-d-c-p\/"},"author":{"name":"jasmine","@id":"https:\/\/www.dansometre.ch\/en\/#\/schema\/person\/e4a492ad0b0cb31374af62cb03e5a050"},"headline":"Marion Baeriswyl + D.C.P","datePublished":"2024-02-09T05:11:59+00:00","dateModified":"2026-02-18T10:03:48+00:00","mainEntityOfPage":{"@id":"https:\/\/www.dansometre.ch\/en\/residences\/serie6\/marion-baeriswyl-d-c-p\/"},"wordCount":203,"publisher":{"@id":"https:\/\/www.dansometre.ch\/en\/#organization"},"image":{"@id":"https:\/\/www.dansometre.ch\/en\/residences\/serie6\/marion-baeriswyl-d-c-p\/#primaryimage"},"thumbnailUrl":"https:\/\/www.dansometre.ch\/wp-content\/uploads\/DANSOMETRE_serie_6_Aleas_versionA-scaled.jpg","articleSection":["S\u00c9RIE#6"],"inLanguage":"en-US"},{"@type":"WebPage","@id":"https:\/\/www.dansometre.ch\/en\/residences\/serie6\/marion-baeriswyl-d-c-p\/","url":"https:\/\/www.dansometre.ch\/en\/residences\/serie6\/marion-baeriswyl-d-c-p\/","name":"Marion Baeriswyl + D.C.P - DANSOM\u00c8TRE - espace de cr\u00e9ation chor\u00e9graphique - VEVEY","isPartOf":{"@id":"https:\/\/www.dansometre.ch\/en\/#website"},"primaryImageOfPage":{"@id":"https:\/\/www.dansometre.ch\/en\/residences\/serie6\/marion-baeriswyl-d-c-p\/#primaryimage"},"image":{"@id":"https:\/\/www.dansometre.ch\/en\/residences\/serie6\/marion-baeriswyl-d-c-p\/#primaryimage"},"thumbnailUrl":"https:\/\/www.dansometre.ch\/wp-content\/uploads\/DANSOMETRE_serie_6_Aleas_versionA-scaled.jpg","datePublished":"2024-02-09T05:11:59+00:00","dateModified":"2026-02-18T10:03:48+00:00","breadcrumb":{"@id":"https:\/\/www.dansometre.ch\/en\/residences\/serie6\/marion-baeriswyl-d-c-p\/#breadcrumb"},"inLanguage":"en-US","potentialAction":[{"@type":"ReadAction","target":["https:\/\/www.dansometre.ch\/en\/residences\/serie6\/marion-baeriswyl-d-c-p\/"]}]},{"@type":"ImageObject","inLanguage":"en-US","@id":"https:\/\/www.dansometre.ch\/en\/residences\/serie6\/marion-baeriswyl-d-c-p\/#primaryimage","url":"https:\/\/www.dansometre.ch\/wp-content\/uploads\/DANSOMETRE_serie_6_Aleas_versionA-scaled.jpg","contentUrl":"https:\/\/www.dansometre.ch\/wp-content\/uploads\/DANSOMETRE_serie_6_Aleas_versionA-scaled.jpg","width":2560,"height":2560},{"@type":"BreadcrumbList","@id":"https:\/\/www.dansometre.ch\/en\/residences\/serie6\/marion-baeriswyl-d-c-p\/#breadcrumb","itemListElement":[{"@type":"ListItem","position":1,"name":"Accueil","item":"https:\/\/www.dansometre.ch\/en\/"},{"@type":"ListItem","position":2,"name":"Marion Baeriswyl + D.C.P"}]},{"@type":"WebSite","@id":"https:\/\/www.dansometre.ch\/en\/#website","url":"https:\/\/www.dansometre.ch\/en\/","name":"DANSOM\u00c8TRE - espace de cr\u00e9ation chor\u00e9graphique - VEVEY","description":"","publisher":{"@id":"https:\/\/www.dansometre.ch\/en\/#organization"},"potentialAction":[{"@type":"SearchAction","target":{"@type":"EntryPoint","urlTemplate":"https:\/\/www.dansometre.ch\/en\/?s={search_term_string}"},"query-input":{"@type":"PropertyValueSpecification","valueRequired":true,"valueName":"search_term_string"}}],"inLanguage":"en-US"},{"@type":"Organization","@id":"https:\/\/www.dansometre.ch\/en\/#organization","name":"DANSOM\u00c8TRE - espace de cr\u00e9ation chor\u00e9graphique - VEVEY","url":"https:\/\/www.dansometre.ch\/en\/","logo":{"@type":"ImageObject","inLanguage":"en-US","@id":"https:\/\/www.dansometre.ch\/en\/#\/schema\/logo\/image\/","url":"https:\/\/www.dansometre.ch\/wp-content\/uploads\/favicon.png","contentUrl":"https:\/\/www.dansometre.ch\/wp-content\/uploads\/favicon.png","width":1200,"height":1200,"caption":"DANSOM\u00c8TRE - espace de cr\u00e9ation chor\u00e9graphique - VEVEY"},"image":{"@id":"https:\/\/www.dansometre.ch\/en\/#\/schema\/logo\/image\/"}},{"@type":"Person","@id":"https:\/\/www.dansometre.ch\/en\/#\/schema\/person\/e4a492ad0b0cb31374af62cb03e5a050","name":"jasmine","image":{"@type":"ImageObject","inLanguage":"en-US","@id":"https:\/\/secure.gravatar.com\/avatar\/17af7ce1d97fddf2be9fcb6d28b59eda9f84b49e46ceb695d1455b7c5437fcc4?s=96&d=mm&r=g","url":"https:\/\/secure.gravatar.com\/avatar\/17af7ce1d97fddf2be9fcb6d28b59eda9f84b49e46ceb695d1455b7c5437fcc4?s=96&d=mm&r=g","contentUrl":"https:\/\/secure.gravatar.com\/avatar\/17af7ce1d97fddf2be9fcb6d28b59eda9f84b49e46ceb695d1455b7c5437fcc4?s=96&d=mm&r=g","caption":"jasmine"},"url":"https:\/\/www.dansometre.ch\/en\/author\/jasmine\/"}]}},"mfb_rest_fields":["title","yoast_head","yoast_head_json"],"_links":{"self":[{"href":"https:\/\/www.dansometre.ch\/en\/wp-json\/wp\/v2\/posts\/4024","targetHints":{"allow":["GET"]}}],"collection":[{"href":"https:\/\/www.dansometre.ch\/en\/wp-json\/wp\/v2\/posts"}],"about":[{"href":"https:\/\/www.dansometre.ch\/en\/wp-json\/wp\/v2\/types\/post"}],"author":[{"embeddable":true,"href":"https:\/\/www.dansometre.ch\/en\/wp-json\/wp\/v2\/users\/2"}],"replies":[{"embeddable":true,"href":"https:\/\/www.dansometre.ch\/en\/wp-json\/wp\/v2\/comments?post=4024"}],"version-history":[{"count":2,"href":"https:\/\/www.dansometre.ch\/en\/wp-json\/wp\/v2\/posts\/4024\/revisions"}],"predecessor-version":[{"id":6189,"href":"https:\/\/www.dansometre.ch\/en\/wp-json\/wp\/v2\/posts\/4024\/revisions\/6189"}],"wp:featuredmedia":[{"embeddable":true,"href":"https:\/\/www.dansometre.ch\/en\/wp-json\/wp\/v2\/media\/4025"}],"wp:attachment":[{"href":"https:\/\/www.dansometre.ch\/en\/wp-json\/wp\/v2\/media?parent=4024"}],"wp:term":[{"taxonomy":"category","embeddable":true,"href":"https:\/\/www.dansometre.ch\/en\/wp-json\/wp\/v2\/categories?post=4024"},{"taxonomy":"post_tag","embeddable":true,"href":"https:\/\/www.dansometre.ch\/en\/wp-json\/wp\/v2\/tags?post=4024"}],"curies":[{"name":"wp","href":"https:\/\/api.w.org\/{rel}","templated":true}]}}