{"id":4630,"date":"2024-08-07T16:40:20","date_gmt":"2024-08-07T14:40:20","guid":{"rendered":"https:\/\/www.dansometre.ch\/?p=4630"},"modified":"2025-07-16T16:02:25","modified_gmt":"2025-07-16T14:02:25","slug":"installation-de-videodanse-cabinaclip-en-collaboration-avec-inizio","status":"publish","type":"post","link":"https:\/\/www.dansometre.ch\/en\/actualite\/installation-de-videodanse-cabinaclip-en-collaboration-avec-inizio\/","title":{"rendered":"Installation de vid\u00e9odanse \u00ab CabinaClip \u00bb, en collaboration avec INIZIO"},"content":{"rendered":"<p>Trois cabines de projection insolites pour d\u00e9couvrir trois clips de vid\u00e9o-danse cr\u00e9\u00e9s avec les jeunes participant.x.es d\u2019INIZIO en collaboration avec le Dansom\u00e8tre et Jasmine Morand.<\/p>\n<p>Pour chaque capsule, une exploration diff\u00e9rente du mouvement, du jeu de cam\u00e9ra et de l\u2019univers sonore a \u00e9t\u00e9 engag\u00e9e.<\/p>\n<p>\u00c9v\u00e9nement en collaboration avec l\u2019association APERO<\/p>\n<p><strong>INFORMATIONS<\/strong><\/p>\n<p><strong>Public<\/strong> : tout public<\/p>\n<p><strong>Tarifs<\/strong> : entr\u00e9e libre<\/p>\n<p><strong>Lieu<\/strong>\u00a0: Place Robin, 1800 Vevey<\/p>\n<p><strong>R\u00e9servations<\/strong> : pour toutes les activit\u00e9s propos\u00e9es du Dansom\u00e8tre, vous pouvez vous inscrire \u00e0\u00a0: <a href=\"mailto:info@dansometre.ch\">info@dansometre.ch<\/a> , mais il est \u00e9galement possible de venir sur place directement<\/p>\n<p>Pour la saison 24-25 et ses projets, le Dansom\u00e8tre est soutenu par :<\/p>\n<p><img loading=\"lazy\" decoding=\"async\" class=\"alignnone wp-image-4678 \" src=\"https:\/\/www.dansometre.ch\/wp-content\/uploads\/DANSOMETRE_24-25_LOGOS.jpg\" alt=\"\" width=\"673\" height=\"74\" srcset=\"https:\/\/www.dansometre.ch\/wp-content\/uploads\/DANSOMETRE_24-25_LOGOS.jpg 981w, https:\/\/www.dansometre.ch\/wp-content\/uploads\/DANSOMETRE_24-25_LOGOS-300x33.jpg 300w, https:\/\/www.dansometre.ch\/wp-content\/uploads\/DANSOMETRE_24-25_LOGOS-768x85.jpg 768w\" sizes=\"auto, (max-width: 673px) 100vw, 673px\" \/><\/p>\n<p>Photo : CabinaClip \u00a9 Ury Sory \/ mise en forme \u00a9 Ultrastudio.ch<\/p>\n","protected":false},"excerpt":{"rendered":"<p>Trois cabines de projection insolites pour d\u00e9couvrir trois clips de vid\u00e9o-danse cr\u00e9\u00e9s avec les jeunes participant.x.es d\u2019INIZIO en collaboration avec le Dansom\u00e8tre et Jasmine Morand. Pour chaque capsule, une exploration diff\u00e9rente du mouvement, du jeu de cam\u00e9ra et de l\u2019univers sonore a \u00e9t\u00e9 engag\u00e9e. \u00c9v\u00e9nement en collaboration avec l\u2019association APERO INFORMATIONS Public : tout public [&hellip;]<\/p>\n","protected":false},"author":2,"featured_media":4701,"comment_status":"closed","ping_status":"closed","sticky":false,"template":"","format":"standard","meta":{"_acf_changed":false,"inline_featured_image":false,"footnotes":""},"categories":[70,1,52,82],"tags":[],"class_list":["post-4630","post","type-post","status-publish","format-standard","has-post-thumbnail","hentry","category-actu-homepage","category-actualite","category-evenement-public","category-evenements-paralleles"],"acf":[],"mb":[],"yoast_head":"<!-- This site is optimized with the Yoast SEO plugin v27.3 - https:\/\/yoast.com\/product\/yoast-seo-wordpress\/ -->\n<title>Installation de vid\u00e9odanse \u00ab CabinaClip \u00bb, en collaboration avec INIZIO - DANSOM\u00c8TRE - espace de cr\u00e9ation chor\u00e9graphique - VEVEY<\/title>\n<meta name=\"robots\" content=\"index, follow, max-snippet:-1, max-image-preview:large, max-video-preview:-1\" \/>\n<link rel=\"canonical\" href=\"https:\/\/www.dansometre.ch\/en\/actualite\/installation-de-videodanse-cabinaclip-en-collaboration-avec-inizio\/\" \/>\n<meta property=\"og:locale\" content=\"en_US\" \/>\n<meta property=\"og:type\" content=\"article\" \/>\n<meta property=\"og:title\" content=\"Installation de vid\u00e9odanse \u00ab CabinaClip \u00bb, en collaboration avec INIZIO - DANSOM\u00c8TRE - espace de cr\u00e9ation chor\u00e9graphique - VEVEY\" \/>\n<meta property=\"og:description\" content=\"Trois cabines de projection insolites pour d\u00e9couvrir trois clips de vid\u00e9o-danse cr\u00e9\u00e9s avec les jeunes participant.x.es d\u2019INIZIO en collaboration avec le Dansom\u00e8tre et Jasmine Morand. Pour chaque capsule, une exploration diff\u00e9rente du mouvement, du jeu de cam\u00e9ra et de l\u2019univers sonore a \u00e9t\u00e9 engag\u00e9e. \u00c9v\u00e9nement en collaboration avec l\u2019association APERO INFORMATIONS Public : tout public [&hellip;]\" \/>\n<meta property=\"og:url\" content=\"https:\/\/www.dansometre.ch\/en\/actualite\/installation-de-videodanse-cabinaclip-en-collaboration-avec-inizio\/\" \/>\n<meta property=\"og:site_name\" content=\"DANSOM\u00c8TRE - espace de cr\u00e9ation chor\u00e9graphique - VEVEY\" \/>\n<meta property=\"article:published_time\" content=\"2024-08-07T14:40:20+00:00\" \/>\n<meta property=\"article:modified_time\" content=\"2025-07-16T14:02:25+00:00\" \/>\n<meta property=\"og:image\" content=\"https:\/\/www.dansometre.ch\/wp-content\/uploads\/DANSOMETRE_publics_08-12_1080x1080px_09.08.2024_1_ok.jpg\" \/>\n\t<meta property=\"og:image:width\" content=\"1080\" \/>\n\t<meta property=\"og:image:height\" content=\"1080\" \/>\n\t<meta property=\"og:image:type\" content=\"image\/jpeg\" \/>\n<meta name=\"author\" content=\"jasmine\" \/>\n<meta name=\"twitter:card\" content=\"summary_large_image\" \/>\n<meta name=\"twitter:label1\" content=\"Written by\" \/>\n\t<meta name=\"twitter:data1\" content=\"jasmine\" \/>\n\t<meta name=\"twitter:label2\" content=\"Est. reading time\" \/>\n\t<meta name=\"twitter:data2\" content=\"1 minute\" \/>\n<script type=\"application\/ld+json\" class=\"yoast-schema-graph\">{\"@context\":\"https:\\\/\\\/schema.org\",\"@graph\":[{\"@type\":\"Article\",\"@id\":\"https:\\\/\\\/www.dansometre.ch\\\/en\\\/actualite\\\/installation-de-videodanse-cabinaclip-en-collaboration-avec-inizio\\\/#article\",\"isPartOf\":{\"@id\":\"https:\\\/\\\/www.dansometre.ch\\\/en\\\/actualite\\\/installation-de-videodanse-cabinaclip-en-collaboration-avec-inizio\\\/\"},\"author\":{\"name\":\"jasmine\",\"@id\":\"https:\\\/\\\/www.dansometre.ch\\\/en\\\/#\\\/schema\\\/person\\\/e4a492ad0b0cb31374af62cb03e5a050\"},\"headline\":\"Installation de vid\u00e9odanse \u00ab CabinaClip \u00bb, en collaboration avec INIZIO\",\"datePublished\":\"2024-08-07T14:40:20+00:00\",\"dateModified\":\"2025-07-16T14:02:25+00:00\",\"mainEntityOfPage\":{\"@id\":\"https:\\\/\\\/www.dansometre.ch\\\/en\\\/actualite\\\/installation-de-videodanse-cabinaclip-en-collaboration-avec-inizio\\\/\"},\"wordCount\":135,\"publisher\":{\"@id\":\"https:\\\/\\\/www.dansometre.ch\\\/en\\\/#organization\"},\"image\":{\"@id\":\"https:\\\/\\\/www.dansometre.ch\\\/en\\\/actualite\\\/installation-de-videodanse-cabinaclip-en-collaboration-avec-inizio\\\/#primaryimage\"},\"thumbnailUrl\":\"https:\\\/\\\/www.dansometre.ch\\\/wp-content\\\/uploads\\\/DANSOMETRE_publics_08-12_1080x1080px_09.08.2024_1_ok.jpg\",\"articleSection\":[\"Actu homepage\",\"Actualit\u00e9\",\"\u00e9v\u00e9nement public\",\"\u00c9v\u00e9nements parall\u00e8les\"],\"inLanguage\":\"en-US\"},{\"@type\":\"WebPage\",\"@id\":\"https:\\\/\\\/www.dansometre.ch\\\/en\\\/actualite\\\/installation-de-videodanse-cabinaclip-en-collaboration-avec-inizio\\\/\",\"url\":\"https:\\\/\\\/www.dansometre.ch\\\/en\\\/actualite\\\/installation-de-videodanse-cabinaclip-en-collaboration-avec-inizio\\\/\",\"name\":\"Installation de vid\u00e9odanse \u00ab CabinaClip \u00bb, en collaboration avec INIZIO - DANSOM\u00c8TRE - espace de cr\u00e9ation chor\u00e9graphique - VEVEY\",\"isPartOf\":{\"@id\":\"https:\\\/\\\/www.dansometre.ch\\\/en\\\/#website\"},\"primaryImageOfPage\":{\"@id\":\"https:\\\/\\\/www.dansometre.ch\\\/en\\\/actualite\\\/installation-de-videodanse-cabinaclip-en-collaboration-avec-inizio\\\/#primaryimage\"},\"image\":{\"@id\":\"https:\\\/\\\/www.dansometre.ch\\\/en\\\/actualite\\\/installation-de-videodanse-cabinaclip-en-collaboration-avec-inizio\\\/#primaryimage\"},\"thumbnailUrl\":\"https:\\\/\\\/www.dansometre.ch\\\/wp-content\\\/uploads\\\/DANSOMETRE_publics_08-12_1080x1080px_09.08.2024_1_ok.jpg\",\"datePublished\":\"2024-08-07T14:40:20+00:00\",\"dateModified\":\"2025-07-16T14:02:25+00:00\",\"breadcrumb\":{\"@id\":\"https:\\\/\\\/www.dansometre.ch\\\/en\\\/actualite\\\/installation-de-videodanse-cabinaclip-en-collaboration-avec-inizio\\\/#breadcrumb\"},\"inLanguage\":\"en-US\",\"potentialAction\":[{\"@type\":\"ReadAction\",\"target\":[\"https:\\\/\\\/www.dansometre.ch\\\/en\\\/actualite\\\/installation-de-videodanse-cabinaclip-en-collaboration-avec-inizio\\\/\"]}]},{\"@type\":\"ImageObject\",\"inLanguage\":\"en-US\",\"@id\":\"https:\\\/\\\/www.dansometre.ch\\\/en\\\/actualite\\\/installation-de-videodanse-cabinaclip-en-collaboration-avec-inizio\\\/#primaryimage\",\"url\":\"https:\\\/\\\/www.dansometre.ch\\\/wp-content\\\/uploads\\\/DANSOMETRE_publics_08-12_1080x1080px_09.08.2024_1_ok.jpg\",\"contentUrl\":\"https:\\\/\\\/www.dansometre.ch\\\/wp-content\\\/uploads\\\/DANSOMETRE_publics_08-12_1080x1080px_09.08.2024_1_ok.jpg\",\"width\":1080,\"height\":1080},{\"@type\":\"BreadcrumbList\",\"@id\":\"https:\\\/\\\/www.dansometre.ch\\\/en\\\/actualite\\\/installation-de-videodanse-cabinaclip-en-collaboration-avec-inizio\\\/#breadcrumb\",\"itemListElement\":[{\"@type\":\"ListItem\",\"position\":1,\"name\":\"Accueil\",\"item\":\"https:\\\/\\\/www.dansometre.ch\\\/en\\\/\"},{\"@type\":\"ListItem\",\"position\":2,\"name\":\"Installation de vid\u00e9odanse \u00ab CabinaClip \u00bb, en collaboration avec INIZIO\"}]},{\"@type\":\"WebSite\",\"@id\":\"https:\\\/\\\/www.dansometre.ch\\\/en\\\/#website\",\"url\":\"https:\\\/\\\/www.dansometre.ch\\\/en\\\/\",\"name\":\"DANSOM\u00c8TRE - espace de cr\u00e9ation chor\u00e9graphique - VEVEY\",\"description\":\"\",\"publisher\":{\"@id\":\"https:\\\/\\\/www.dansometre.ch\\\/en\\\/#organization\"},\"potentialAction\":[{\"@type\":\"SearchAction\",\"target\":{\"@type\":\"EntryPoint\",\"urlTemplate\":\"https:\\\/\\\/www.dansometre.ch\\\/en\\\/?s={search_term_string}\"},\"query-input\":{\"@type\":\"PropertyValueSpecification\",\"valueRequired\":true,\"valueName\":\"search_term_string\"}}],\"inLanguage\":\"en-US\"},{\"@type\":\"Organization\",\"@id\":\"https:\\\/\\\/www.dansometre.ch\\\/en\\\/#organization\",\"name\":\"DANSOM\u00c8TRE - espace de cr\u00e9ation chor\u00e9graphique - VEVEY\",\"url\":\"https:\\\/\\\/www.dansometre.ch\\\/en\\\/\",\"logo\":{\"@type\":\"ImageObject\",\"inLanguage\":\"en-US\",\"@id\":\"https:\\\/\\\/www.dansometre.ch\\\/en\\\/#\\\/schema\\\/logo\\\/image\\\/\",\"url\":\"https:\\\/\\\/www.dansometre.ch\\\/wp-content\\\/uploads\\\/favicon.png\",\"contentUrl\":\"https:\\\/\\\/www.dansometre.ch\\\/wp-content\\\/uploads\\\/favicon.png\",\"width\":1200,\"height\":1200,\"caption\":\"DANSOM\u00c8TRE - espace de cr\u00e9ation chor\u00e9graphique - VEVEY\"},\"image\":{\"@id\":\"https:\\\/\\\/www.dansometre.ch\\\/en\\\/#\\\/schema\\\/logo\\\/image\\\/\"}},{\"@type\":\"Person\",\"@id\":\"https:\\\/\\\/www.dansometre.ch\\\/en\\\/#\\\/schema\\\/person\\\/e4a492ad0b0cb31374af62cb03e5a050\",\"name\":\"jasmine\",\"image\":{\"@type\":\"ImageObject\",\"inLanguage\":\"en-US\",\"@id\":\"https:\\\/\\\/secure.gravatar.com\\\/avatar\\\/17af7ce1d97fddf2be9fcb6d28b59eda9f84b49e46ceb695d1455b7c5437fcc4?s=96&d=mm&r=g\",\"url\":\"https:\\\/\\\/secure.gravatar.com\\\/avatar\\\/17af7ce1d97fddf2be9fcb6d28b59eda9f84b49e46ceb695d1455b7c5437fcc4?s=96&d=mm&r=g\",\"contentUrl\":\"https:\\\/\\\/secure.gravatar.com\\\/avatar\\\/17af7ce1d97fddf2be9fcb6d28b59eda9f84b49e46ceb695d1455b7c5437fcc4?s=96&d=mm&r=g\",\"caption\":\"jasmine\"},\"url\":\"https:\\\/\\\/www.dansometre.ch\\\/en\\\/author\\\/jasmine\\\/\"}]}<\/script>\n<!-- \/ Yoast SEO plugin. -->","yoast_head_json":{"title":"Installation de vid\u00e9odanse \u00ab CabinaClip \u00bb, en collaboration avec INIZIO - DANSOM\u00c8TRE - espace de cr\u00e9ation chor\u00e9graphique - VEVEY","robots":{"index":"index","follow":"follow","max-snippet":"max-snippet:-1","max-image-preview":"max-image-preview:large","max-video-preview":"max-video-preview:-1"},"canonical":"https:\/\/www.dansometre.ch\/en\/actualite\/installation-de-videodanse-cabinaclip-en-collaboration-avec-inizio\/","og_locale":"en_US","og_type":"article","og_title":"Installation de vid\u00e9odanse \u00ab CabinaClip \u00bb, en collaboration avec INIZIO - DANSOM\u00c8TRE - espace de cr\u00e9ation chor\u00e9graphique - VEVEY","og_description":"Trois cabines de projection insolites pour d\u00e9couvrir trois clips de vid\u00e9o-danse cr\u00e9\u00e9s avec les jeunes participant.x.es d\u2019INIZIO en collaboration avec le Dansom\u00e8tre et Jasmine Morand. Pour chaque capsule, une exploration diff\u00e9rente du mouvement, du jeu de cam\u00e9ra et de l\u2019univers sonore a \u00e9t\u00e9 engag\u00e9e. \u00c9v\u00e9nement en collaboration avec l\u2019association APERO INFORMATIONS Public : tout public [&hellip;]","og_url":"https:\/\/www.dansometre.ch\/en\/actualite\/installation-de-videodanse-cabinaclip-en-collaboration-avec-inizio\/","og_site_name":"DANSOM\u00c8TRE - espace de cr\u00e9ation chor\u00e9graphique - VEVEY","article_published_time":"2024-08-07T14:40:20+00:00","article_modified_time":"2025-07-16T14:02:25+00:00","og_image":[{"width":1080,"height":1080,"url":"https:\/\/www.dansometre.ch\/wp-content\/uploads\/DANSOMETRE_publics_08-12_1080x1080px_09.08.2024_1_ok.jpg","type":"image\/jpeg"}],"author":"jasmine","twitter_card":"summary_large_image","twitter_misc":{"Written by":"jasmine","Est. reading time":"1 minute"},"schema":{"@context":"https:\/\/schema.org","@graph":[{"@type":"Article","@id":"https:\/\/www.dansometre.ch\/en\/actualite\/installation-de-videodanse-cabinaclip-en-collaboration-avec-inizio\/#article","isPartOf":{"@id":"https:\/\/www.dansometre.ch\/en\/actualite\/installation-de-videodanse-cabinaclip-en-collaboration-avec-inizio\/"},"author":{"name":"jasmine","@id":"https:\/\/www.dansometre.ch\/en\/#\/schema\/person\/e4a492ad0b0cb31374af62cb03e5a050"},"headline":"Installation de vid\u00e9odanse \u00ab CabinaClip \u00bb, en collaboration avec INIZIO","datePublished":"2024-08-07T14:40:20+00:00","dateModified":"2025-07-16T14:02:25+00:00","mainEntityOfPage":{"@id":"https:\/\/www.dansometre.ch\/en\/actualite\/installation-de-videodanse-cabinaclip-en-collaboration-avec-inizio\/"},"wordCount":135,"publisher":{"@id":"https:\/\/www.dansometre.ch\/en\/#organization"},"image":{"@id":"https:\/\/www.dansometre.ch\/en\/actualite\/installation-de-videodanse-cabinaclip-en-collaboration-avec-inizio\/#primaryimage"},"thumbnailUrl":"https:\/\/www.dansometre.ch\/wp-content\/uploads\/DANSOMETRE_publics_08-12_1080x1080px_09.08.2024_1_ok.jpg","articleSection":["Actu homepage","Actualit\u00e9","\u00e9v\u00e9nement public","\u00c9v\u00e9nements parall\u00e8les"],"inLanguage":"en-US"},{"@type":"WebPage","@id":"https:\/\/www.dansometre.ch\/en\/actualite\/installation-de-videodanse-cabinaclip-en-collaboration-avec-inizio\/","url":"https:\/\/www.dansometre.ch\/en\/actualite\/installation-de-videodanse-cabinaclip-en-collaboration-avec-inizio\/","name":"Installation de vid\u00e9odanse \u00ab CabinaClip \u00bb, en collaboration avec INIZIO - DANSOM\u00c8TRE - espace de cr\u00e9ation chor\u00e9graphique - VEVEY","isPartOf":{"@id":"https:\/\/www.dansometre.ch\/en\/#website"},"primaryImageOfPage":{"@id":"https:\/\/www.dansometre.ch\/en\/actualite\/installation-de-videodanse-cabinaclip-en-collaboration-avec-inizio\/#primaryimage"},"image":{"@id":"https:\/\/www.dansometre.ch\/en\/actualite\/installation-de-videodanse-cabinaclip-en-collaboration-avec-inizio\/#primaryimage"},"thumbnailUrl":"https:\/\/www.dansometre.ch\/wp-content\/uploads\/DANSOMETRE_publics_08-12_1080x1080px_09.08.2024_1_ok.jpg","datePublished":"2024-08-07T14:40:20+00:00","dateModified":"2025-07-16T14:02:25+00:00","breadcrumb":{"@id":"https:\/\/www.dansometre.ch\/en\/actualite\/installation-de-videodanse-cabinaclip-en-collaboration-avec-inizio\/#breadcrumb"},"inLanguage":"en-US","potentialAction":[{"@type":"ReadAction","target":["https:\/\/www.dansometre.ch\/en\/actualite\/installation-de-videodanse-cabinaclip-en-collaboration-avec-inizio\/"]}]},{"@type":"ImageObject","inLanguage":"en-US","@id":"https:\/\/www.dansometre.ch\/en\/actualite\/installation-de-videodanse-cabinaclip-en-collaboration-avec-inizio\/#primaryimage","url":"https:\/\/www.dansometre.ch\/wp-content\/uploads\/DANSOMETRE_publics_08-12_1080x1080px_09.08.2024_1_ok.jpg","contentUrl":"https:\/\/www.dansometre.ch\/wp-content\/uploads\/DANSOMETRE_publics_08-12_1080x1080px_09.08.2024_1_ok.jpg","width":1080,"height":1080},{"@type":"BreadcrumbList","@id":"https:\/\/www.dansometre.ch\/en\/actualite\/installation-de-videodanse-cabinaclip-en-collaboration-avec-inizio\/#breadcrumb","itemListElement":[{"@type":"ListItem","position":1,"name":"Accueil","item":"https:\/\/www.dansometre.ch\/en\/"},{"@type":"ListItem","position":2,"name":"Installation de vid\u00e9odanse \u00ab CabinaClip \u00bb, en collaboration avec INIZIO"}]},{"@type":"WebSite","@id":"https:\/\/www.dansometre.ch\/en\/#website","url":"https:\/\/www.dansometre.ch\/en\/","name":"DANSOM\u00c8TRE - espace de cr\u00e9ation chor\u00e9graphique - VEVEY","description":"","publisher":{"@id":"https:\/\/www.dansometre.ch\/en\/#organization"},"potentialAction":[{"@type":"SearchAction","target":{"@type":"EntryPoint","urlTemplate":"https:\/\/www.dansometre.ch\/en\/?s={search_term_string}"},"query-input":{"@type":"PropertyValueSpecification","valueRequired":true,"valueName":"search_term_string"}}],"inLanguage":"en-US"},{"@type":"Organization","@id":"https:\/\/www.dansometre.ch\/en\/#organization","name":"DANSOM\u00c8TRE - espace de cr\u00e9ation chor\u00e9graphique - VEVEY","url":"https:\/\/www.dansometre.ch\/en\/","logo":{"@type":"ImageObject","inLanguage":"en-US","@id":"https:\/\/www.dansometre.ch\/en\/#\/schema\/logo\/image\/","url":"https:\/\/www.dansometre.ch\/wp-content\/uploads\/favicon.png","contentUrl":"https:\/\/www.dansometre.ch\/wp-content\/uploads\/favicon.png","width":1200,"height":1200,"caption":"DANSOM\u00c8TRE - espace de cr\u00e9ation chor\u00e9graphique - VEVEY"},"image":{"@id":"https:\/\/www.dansometre.ch\/en\/#\/schema\/logo\/image\/"}},{"@type":"Person","@id":"https:\/\/www.dansometre.ch\/en\/#\/schema\/person\/e4a492ad0b0cb31374af62cb03e5a050","name":"jasmine","image":{"@type":"ImageObject","inLanguage":"en-US","@id":"https:\/\/secure.gravatar.com\/avatar\/17af7ce1d97fddf2be9fcb6d28b59eda9f84b49e46ceb695d1455b7c5437fcc4?s=96&d=mm&r=g","url":"https:\/\/secure.gravatar.com\/avatar\/17af7ce1d97fddf2be9fcb6d28b59eda9f84b49e46ceb695d1455b7c5437fcc4?s=96&d=mm&r=g","contentUrl":"https:\/\/secure.gravatar.com\/avatar\/17af7ce1d97fddf2be9fcb6d28b59eda9f84b49e46ceb695d1455b7c5437fcc4?s=96&d=mm&r=g","caption":"jasmine"},"url":"https:\/\/www.dansometre.ch\/en\/author\/jasmine\/"}]}},"mfb_rest_fields":["title","yoast_head","yoast_head_json"],"_links":{"self":[{"href":"https:\/\/www.dansometre.ch\/en\/wp-json\/wp\/v2\/posts\/4630","targetHints":{"allow":["GET"]}}],"collection":[{"href":"https:\/\/www.dansometre.ch\/en\/wp-json\/wp\/v2\/posts"}],"about":[{"href":"https:\/\/www.dansometre.ch\/en\/wp-json\/wp\/v2\/types\/post"}],"author":[{"embeddable":true,"href":"https:\/\/www.dansometre.ch\/en\/wp-json\/wp\/v2\/users\/2"}],"replies":[{"embeddable":true,"href":"https:\/\/www.dansometre.ch\/en\/wp-json\/wp\/v2\/comments?post=4630"}],"version-history":[{"count":6,"href":"https:\/\/www.dansometre.ch\/en\/wp-json\/wp\/v2\/posts\/4630\/revisions"}],"predecessor-version":[{"id":4727,"href":"https:\/\/www.dansometre.ch\/en\/wp-json\/wp\/v2\/posts\/4630\/revisions\/4727"}],"wp:featuredmedia":[{"embeddable":true,"href":"https:\/\/www.dansometre.ch\/en\/wp-json\/wp\/v2\/media\/4701"}],"wp:attachment":[{"href":"https:\/\/www.dansometre.ch\/en\/wp-json\/wp\/v2\/media?parent=4630"}],"wp:term":[{"taxonomy":"category","embeddable":true,"href":"https:\/\/www.dansometre.ch\/en\/wp-json\/wp\/v2\/categories?post=4630"},{"taxonomy":"post_tag","embeddable":true,"href":"https:\/\/www.dansometre.ch\/en\/wp-json\/wp\/v2\/tags?post=4630"}],"curies":[{"name":"wp","href":"https:\/\/api.w.org\/{rel}","templated":true}]}}