{"id":5212,"date":"2025-04-14T13:44:36","date_gmt":"2025-04-14T11:44:36","guid":{"rendered":"https:\/\/www.dansometre.ch\/actualite\/sortie-de-residence-3-2\/"},"modified":"2025-09-03T09:07:52","modified_gmt":"2025-09-03T07:07:52","slug":"sortie-de-residence-3-2","status":"publish","type":"post","link":"https:\/\/www.dansometre.ch\/en\/evenement-public\/sortie-de-residence-3-2\/","title":{"rendered":"Sortie de r\u00e9sidence #3"},"content":{"rendered":"<p><strong>Do you have something to say<\/strong><\/p>\n<p>Ce solo est une performance cr\u00e9\u00e9e par <strong>Tommy Cattin,<\/strong> alias <strong>Bellini Boy<\/strong>, qui tire ses racines d\u2019une introspection physique et \u00e9motionnelle de la qu\u00eate identitaire de Tommy durant ces trois derni\u00e8res ann\u00e9es. Cette pi\u00e8ce touche notre dimension \u00e9rotique et sensuelle, tout en explorant notre part enfantine ; curieuse et irr\u00e9solue, en qu\u00eate d&#8217;amour, toujours et encore. \u00c0 travers ce duo nocturne entre un danseur et un microphone, la pi\u00e8ce se penche sur notre capacit\u00e9 \u00e0 trouver notre propre voix et \u00e0 d\u00e9voiler notre intimit\u00e9, que ce soit en tant que personnes queer ou en tant qu&#8217;\u00eatres humains adultes.<\/p>\n<p><strong>Biographie <\/strong><\/p>\n<p>Tommy Cattin est un\u00a0artiste danseur et performeur suisse bas\u00e9 actuellement \u00e0 Del\u00e9mont. En 2020 il cr\u00e9e sa compagnie EREM dance avec laquelle il a cr\u00e9\u00e9 plusieurs performances pr\u00e9sent\u00e9es dans divers lieux en Suisse et \u00e0 l&#8217;\u00e9tranger. Depuis 2024, il se focalise sur ses cr\u00e9ations principalement en solo, qu&#8217;elles soient musicales ou dans\u00e9es. Tommy a obtenu son Bachelor et Master en Angleterre en 2018 et 2019. Il a travaill\u00e9 et collabor\u00e9 avec de nombreux chor\u00e9graphes importants en Europe et il enseigne des workshops pour professionnels en Suisse et \u00e0 l&#8217;\u00e9tranger r\u00e9guli\u00e8rement.<\/p>\n<p><strong>INFORMATIONS<\/strong><\/p>\n<p><strong>Public<\/strong> : tout public \/ ap\u00e9ritif offert apr\u00e8s la performance<\/p>\n<p><strong>Tarifs<\/strong> : entr\u00e9e libre<\/p>\n<p><strong>Accessibilit\u00e9<\/strong> : acc\u00e8s PMR<\/p>\n<p><strong>Lieu :<\/strong> Dansom\u00e8tre, Avenue de Corsier 19, 1800 Vevey<\/p>\n<p>Pour la saison 24-25 et ses projets, le Dansom\u00e8tre est soutenu par :<\/p>\n<p><img loading=\"lazy\" decoding=\"async\" class=\"alignnone wp-image-4855 size-full\" src=\"https:\/\/www.dansometre.ch\/wp-content\/uploads\/DANSOMETRE_24-25_LOGOS-1.jpg\" alt=\"\" width=\"981\" height=\"108\" \/><\/p>\n<p>Photo Tommy Cattin mise en forme par \u00a9 Ultrastudio.ch<\/p>\n","protected":false},"excerpt":{"rendered":"<p>Do you have something to say Ce solo est une performance cr\u00e9\u00e9e par Tommy Cattin, alias Bellini Boy, qui tire ses racines d\u2019une introspection physique et \u00e9motionnelle de la qu\u00eate identitaire de Tommy durant ces trois derni\u00e8res ann\u00e9es. Cette pi\u00e8ce touche notre dimension \u00e9rotique et sensuelle, tout en explorant notre part enfantine ; curieuse et [&hellip;]<\/p>\n","protected":false},"author":1,"featured_media":5181,"comment_status":"open","ping_status":"open","sticky":false,"template":"","format":"standard","meta":{"_acf_changed":false,"inline_featured_image":false,"footnotes":""},"categories":[52,81],"tags":[],"class_list":["post-5212","post","type-post","status-publish","format-standard","has-post-thumbnail","hentry","category-evenement-public","category-spectacles-soirees"],"acf":[],"mb":[],"yoast_head":"<!-- This site is optimized with the Yoast SEO plugin v27.3 - https:\/\/yoast.com\/product\/yoast-seo-wordpress\/ -->\n<title>Sortie de r\u00e9sidence #3 - DANSOM\u00c8TRE - espace de cr\u00e9ation chor\u00e9graphique - VEVEY<\/title>\n<meta name=\"robots\" content=\"index, follow, max-snippet:-1, max-image-preview:large, max-video-preview:-1\" \/>\n<link rel=\"canonical\" href=\"https:\/\/www.dansometre.ch\/en\/evenement-public\/sortie-de-residence-3-2\/\" \/>\n<meta property=\"og:locale\" content=\"en_US\" \/>\n<meta property=\"og:type\" content=\"article\" \/>\n<meta property=\"og:title\" content=\"Sortie de r\u00e9sidence #3 - DANSOM\u00c8TRE - espace de cr\u00e9ation chor\u00e9graphique - VEVEY\" \/>\n<meta property=\"og:description\" content=\"Do you have something to say Ce solo est une performance cr\u00e9\u00e9e par Tommy Cattin, alias Bellini Boy, qui tire ses racines d\u2019une introspection physique et \u00e9motionnelle de la qu\u00eate identitaire de Tommy durant ces trois derni\u00e8res ann\u00e9es. Cette pi\u00e8ce touche notre dimension \u00e9rotique et sensuelle, tout en explorant notre part enfantine ; curieuse et [&hellip;]\" \/>\n<meta property=\"og:url\" content=\"https:\/\/www.dansometre.ch\/en\/evenement-public\/sortie-de-residence-3-2\/\" \/>\n<meta property=\"og:site_name\" content=\"DANSOM\u00c8TRE - espace de cr\u00e9ation chor\u00e9graphique - VEVEY\" \/>\n<meta property=\"article:published_time\" content=\"2025-04-14T11:44:36+00:00\" \/>\n<meta property=\"article:modified_time\" content=\"2025-09-03T07:07:52+00:00\" \/>\n<meta property=\"og:image\" content=\"https:\/\/www.dansometre.ch\/wp-content\/uploads\/DANSOMETRE_SERIE_8_1080x1080px_15.01.2025_final_11_ok.jpg\" \/>\n\t<meta property=\"og:image:width\" content=\"1080\" \/>\n\t<meta property=\"og:image:height\" content=\"1080\" \/>\n\t<meta property=\"og:image:type\" content=\"image\/jpeg\" \/>\n<meta name=\"author\" content=\"sirup\" \/>\n<meta name=\"twitter:card\" content=\"summary_large_image\" \/>\n<meta name=\"twitter:label1\" content=\"Written by\" \/>\n\t<meta name=\"twitter:data1\" content=\"sirup\" \/>\n\t<meta name=\"twitter:label2\" content=\"Est. reading time\" \/>\n\t<meta name=\"twitter:data2\" content=\"1 minute\" \/>\n<script type=\"application\/ld+json\" class=\"yoast-schema-graph\">{\"@context\":\"https:\\\/\\\/schema.org\",\"@graph\":[{\"@type\":\"Article\",\"@id\":\"https:\\\/\\\/www.dansometre.ch\\\/en\\\/evenement-public\\\/sortie-de-residence-3-2\\\/#article\",\"isPartOf\":{\"@id\":\"https:\\\/\\\/www.dansometre.ch\\\/en\\\/evenement-public\\\/sortie-de-residence-3-2\\\/\"},\"author\":{\"name\":\"sirup\",\"@id\":\"https:\\\/\\\/www.dansometre.ch\\\/en\\\/#\\\/schema\\\/person\\\/7872d0ffd2ff4cd8f17d3e601faec1a1\"},\"headline\":\"Sortie de r\u00e9sidence #3\",\"datePublished\":\"2025-04-14T11:44:36+00:00\",\"dateModified\":\"2025-09-03T07:07:52+00:00\",\"mainEntityOfPage\":{\"@id\":\"https:\\\/\\\/www.dansometre.ch\\\/en\\\/evenement-public\\\/sortie-de-residence-3-2\\\/\"},\"wordCount\":261,\"commentCount\":0,\"publisher\":{\"@id\":\"https:\\\/\\\/www.dansometre.ch\\\/en\\\/#organization\"},\"image\":{\"@id\":\"https:\\\/\\\/www.dansometre.ch\\\/en\\\/evenement-public\\\/sortie-de-residence-3-2\\\/#primaryimage\"},\"thumbnailUrl\":\"https:\\\/\\\/www.dansometre.ch\\\/wp-content\\\/uploads\\\/DANSOMETRE_SERIE_8_1080x1080px_15.01.2025_final_11_ok.jpg\",\"articleSection\":[\"\u00e9v\u00e9nement public\",\"Spectacles et soir\u00e9es\"],\"inLanguage\":\"en-US\"},{\"@type\":\"WebPage\",\"@id\":\"https:\\\/\\\/www.dansometre.ch\\\/en\\\/evenement-public\\\/sortie-de-residence-3-2\\\/\",\"url\":\"https:\\\/\\\/www.dansometre.ch\\\/en\\\/evenement-public\\\/sortie-de-residence-3-2\\\/\",\"name\":\"Sortie de r\u00e9sidence #3 - DANSOM\u00c8TRE - espace de cr\u00e9ation chor\u00e9graphique - VEVEY\",\"isPartOf\":{\"@id\":\"https:\\\/\\\/www.dansometre.ch\\\/en\\\/#website\"},\"primaryImageOfPage\":{\"@id\":\"https:\\\/\\\/www.dansometre.ch\\\/en\\\/evenement-public\\\/sortie-de-residence-3-2\\\/#primaryimage\"},\"image\":{\"@id\":\"https:\\\/\\\/www.dansometre.ch\\\/en\\\/evenement-public\\\/sortie-de-residence-3-2\\\/#primaryimage\"},\"thumbnailUrl\":\"https:\\\/\\\/www.dansometre.ch\\\/wp-content\\\/uploads\\\/DANSOMETRE_SERIE_8_1080x1080px_15.01.2025_final_11_ok.jpg\",\"datePublished\":\"2025-04-14T11:44:36+00:00\",\"dateModified\":\"2025-09-03T07:07:52+00:00\",\"breadcrumb\":{\"@id\":\"https:\\\/\\\/www.dansometre.ch\\\/en\\\/evenement-public\\\/sortie-de-residence-3-2\\\/#breadcrumb\"},\"inLanguage\":\"en-US\",\"potentialAction\":[{\"@type\":\"ReadAction\",\"target\":[\"https:\\\/\\\/www.dansometre.ch\\\/en\\\/evenement-public\\\/sortie-de-residence-3-2\\\/\"]}]},{\"@type\":\"ImageObject\",\"inLanguage\":\"en-US\",\"@id\":\"https:\\\/\\\/www.dansometre.ch\\\/en\\\/evenement-public\\\/sortie-de-residence-3-2\\\/#primaryimage\",\"url\":\"https:\\\/\\\/www.dansometre.ch\\\/wp-content\\\/uploads\\\/DANSOMETRE_SERIE_8_1080x1080px_15.01.2025_final_11_ok.jpg\",\"contentUrl\":\"https:\\\/\\\/www.dansometre.ch\\\/wp-content\\\/uploads\\\/DANSOMETRE_SERIE_8_1080x1080px_15.01.2025_final_11_ok.jpg\",\"width\":1080,\"height\":1080},{\"@type\":\"BreadcrumbList\",\"@id\":\"https:\\\/\\\/www.dansometre.ch\\\/en\\\/evenement-public\\\/sortie-de-residence-3-2\\\/#breadcrumb\",\"itemListElement\":[{\"@type\":\"ListItem\",\"position\":1,\"name\":\"Accueil\",\"item\":\"https:\\\/\\\/www.dansometre.ch\\\/en\\\/\"},{\"@type\":\"ListItem\",\"position\":2,\"name\":\"Sortie de r\u00e9sidence #3\"}]},{\"@type\":\"WebSite\",\"@id\":\"https:\\\/\\\/www.dansometre.ch\\\/en\\\/#website\",\"url\":\"https:\\\/\\\/www.dansometre.ch\\\/en\\\/\",\"name\":\"DANSOM\u00c8TRE - espace de cr\u00e9ation chor\u00e9graphique - VEVEY\",\"description\":\"\",\"publisher\":{\"@id\":\"https:\\\/\\\/www.dansometre.ch\\\/en\\\/#organization\"},\"potentialAction\":[{\"@type\":\"SearchAction\",\"target\":{\"@type\":\"EntryPoint\",\"urlTemplate\":\"https:\\\/\\\/www.dansometre.ch\\\/en\\\/?s={search_term_string}\"},\"query-input\":{\"@type\":\"PropertyValueSpecification\",\"valueRequired\":true,\"valueName\":\"search_term_string\"}}],\"inLanguage\":\"en-US\"},{\"@type\":\"Organization\",\"@id\":\"https:\\\/\\\/www.dansometre.ch\\\/en\\\/#organization\",\"name\":\"DANSOM\u00c8TRE - espace de cr\u00e9ation chor\u00e9graphique - VEVEY\",\"url\":\"https:\\\/\\\/www.dansometre.ch\\\/en\\\/\",\"logo\":{\"@type\":\"ImageObject\",\"inLanguage\":\"en-US\",\"@id\":\"https:\\\/\\\/www.dansometre.ch\\\/en\\\/#\\\/schema\\\/logo\\\/image\\\/\",\"url\":\"https:\\\/\\\/www.dansometre.ch\\\/wp-content\\\/uploads\\\/favicon.png\",\"contentUrl\":\"https:\\\/\\\/www.dansometre.ch\\\/wp-content\\\/uploads\\\/favicon.png\",\"width\":1200,\"height\":1200,\"caption\":\"DANSOM\u00c8TRE - espace de cr\u00e9ation chor\u00e9graphique - VEVEY\"},\"image\":{\"@id\":\"https:\\\/\\\/www.dansometre.ch\\\/en\\\/#\\\/schema\\\/logo\\\/image\\\/\"}},{\"@type\":\"Person\",\"@id\":\"https:\\\/\\\/www.dansometre.ch\\\/en\\\/#\\\/schema\\\/person\\\/7872d0ffd2ff4cd8f17d3e601faec1a1\",\"name\":\"sirup\",\"image\":{\"@type\":\"ImageObject\",\"inLanguage\":\"en-US\",\"@id\":\"https:\\\/\\\/secure.gravatar.com\\\/avatar\\\/450422d5dd6a25cfca8e469519c9989bb6025f0d9d67fb255fdf4dcc629d255e?s=96&d=mm&r=g\",\"url\":\"https:\\\/\\\/secure.gravatar.com\\\/avatar\\\/450422d5dd6a25cfca8e469519c9989bb6025f0d9d67fb255fdf4dcc629d255e?s=96&d=mm&r=g\",\"contentUrl\":\"https:\\\/\\\/secure.gravatar.com\\\/avatar\\\/450422d5dd6a25cfca8e469519c9989bb6025f0d9d67fb255fdf4dcc629d255e?s=96&d=mm&r=g\",\"caption\":\"sirup\"},\"url\":\"https:\\\/\\\/www.dansometre.ch\\\/en\\\/author\\\/sirup\\\/\"}]}<\/script>\n<!-- \/ Yoast SEO plugin. -->","yoast_head_json":{"title":"Sortie de r\u00e9sidence #3 - DANSOM\u00c8TRE - espace de cr\u00e9ation chor\u00e9graphique - VEVEY","robots":{"index":"index","follow":"follow","max-snippet":"max-snippet:-1","max-image-preview":"max-image-preview:large","max-video-preview":"max-video-preview:-1"},"canonical":"https:\/\/www.dansometre.ch\/en\/evenement-public\/sortie-de-residence-3-2\/","og_locale":"en_US","og_type":"article","og_title":"Sortie de r\u00e9sidence #3 - DANSOM\u00c8TRE - espace de cr\u00e9ation chor\u00e9graphique - VEVEY","og_description":"Do you have something to say Ce solo est une performance cr\u00e9\u00e9e par Tommy Cattin, alias Bellini Boy, qui tire ses racines d\u2019une introspection physique et \u00e9motionnelle de la qu\u00eate identitaire de Tommy durant ces trois derni\u00e8res ann\u00e9es. Cette pi\u00e8ce touche notre dimension \u00e9rotique et sensuelle, tout en explorant notre part enfantine ; curieuse et [&hellip;]","og_url":"https:\/\/www.dansometre.ch\/en\/evenement-public\/sortie-de-residence-3-2\/","og_site_name":"DANSOM\u00c8TRE - espace de cr\u00e9ation chor\u00e9graphique - VEVEY","article_published_time":"2025-04-14T11:44:36+00:00","article_modified_time":"2025-09-03T07:07:52+00:00","og_image":[{"width":1080,"height":1080,"url":"https:\/\/www.dansometre.ch\/wp-content\/uploads\/DANSOMETRE_SERIE_8_1080x1080px_15.01.2025_final_11_ok.jpg","type":"image\/jpeg"}],"author":"sirup","twitter_card":"summary_large_image","twitter_misc":{"Written by":"sirup","Est. reading time":"1 minute"},"schema":{"@context":"https:\/\/schema.org","@graph":[{"@type":"Article","@id":"https:\/\/www.dansometre.ch\/en\/evenement-public\/sortie-de-residence-3-2\/#article","isPartOf":{"@id":"https:\/\/www.dansometre.ch\/en\/evenement-public\/sortie-de-residence-3-2\/"},"author":{"name":"sirup","@id":"https:\/\/www.dansometre.ch\/en\/#\/schema\/person\/7872d0ffd2ff4cd8f17d3e601faec1a1"},"headline":"Sortie de r\u00e9sidence #3","datePublished":"2025-04-14T11:44:36+00:00","dateModified":"2025-09-03T07:07:52+00:00","mainEntityOfPage":{"@id":"https:\/\/www.dansometre.ch\/en\/evenement-public\/sortie-de-residence-3-2\/"},"wordCount":261,"commentCount":0,"publisher":{"@id":"https:\/\/www.dansometre.ch\/en\/#organization"},"image":{"@id":"https:\/\/www.dansometre.ch\/en\/evenement-public\/sortie-de-residence-3-2\/#primaryimage"},"thumbnailUrl":"https:\/\/www.dansometre.ch\/wp-content\/uploads\/DANSOMETRE_SERIE_8_1080x1080px_15.01.2025_final_11_ok.jpg","articleSection":["\u00e9v\u00e9nement public","Spectacles et soir\u00e9es"],"inLanguage":"en-US"},{"@type":"WebPage","@id":"https:\/\/www.dansometre.ch\/en\/evenement-public\/sortie-de-residence-3-2\/","url":"https:\/\/www.dansometre.ch\/en\/evenement-public\/sortie-de-residence-3-2\/","name":"Sortie de r\u00e9sidence #3 - DANSOM\u00c8TRE - espace de cr\u00e9ation chor\u00e9graphique - VEVEY","isPartOf":{"@id":"https:\/\/www.dansometre.ch\/en\/#website"},"primaryImageOfPage":{"@id":"https:\/\/www.dansometre.ch\/en\/evenement-public\/sortie-de-residence-3-2\/#primaryimage"},"image":{"@id":"https:\/\/www.dansometre.ch\/en\/evenement-public\/sortie-de-residence-3-2\/#primaryimage"},"thumbnailUrl":"https:\/\/www.dansometre.ch\/wp-content\/uploads\/DANSOMETRE_SERIE_8_1080x1080px_15.01.2025_final_11_ok.jpg","datePublished":"2025-04-14T11:44:36+00:00","dateModified":"2025-09-03T07:07:52+00:00","breadcrumb":{"@id":"https:\/\/www.dansometre.ch\/en\/evenement-public\/sortie-de-residence-3-2\/#breadcrumb"},"inLanguage":"en-US","potentialAction":[{"@type":"ReadAction","target":["https:\/\/www.dansometre.ch\/en\/evenement-public\/sortie-de-residence-3-2\/"]}]},{"@type":"ImageObject","inLanguage":"en-US","@id":"https:\/\/www.dansometre.ch\/en\/evenement-public\/sortie-de-residence-3-2\/#primaryimage","url":"https:\/\/www.dansometre.ch\/wp-content\/uploads\/DANSOMETRE_SERIE_8_1080x1080px_15.01.2025_final_11_ok.jpg","contentUrl":"https:\/\/www.dansometre.ch\/wp-content\/uploads\/DANSOMETRE_SERIE_8_1080x1080px_15.01.2025_final_11_ok.jpg","width":1080,"height":1080},{"@type":"BreadcrumbList","@id":"https:\/\/www.dansometre.ch\/en\/evenement-public\/sortie-de-residence-3-2\/#breadcrumb","itemListElement":[{"@type":"ListItem","position":1,"name":"Accueil","item":"https:\/\/www.dansometre.ch\/en\/"},{"@type":"ListItem","position":2,"name":"Sortie de r\u00e9sidence #3"}]},{"@type":"WebSite","@id":"https:\/\/www.dansometre.ch\/en\/#website","url":"https:\/\/www.dansometre.ch\/en\/","name":"DANSOM\u00c8TRE - espace de cr\u00e9ation chor\u00e9graphique - VEVEY","description":"","publisher":{"@id":"https:\/\/www.dansometre.ch\/en\/#organization"},"potentialAction":[{"@type":"SearchAction","target":{"@type":"EntryPoint","urlTemplate":"https:\/\/www.dansometre.ch\/en\/?s={search_term_string}"},"query-input":{"@type":"PropertyValueSpecification","valueRequired":true,"valueName":"search_term_string"}}],"inLanguage":"en-US"},{"@type":"Organization","@id":"https:\/\/www.dansometre.ch\/en\/#organization","name":"DANSOM\u00c8TRE - espace de cr\u00e9ation chor\u00e9graphique - VEVEY","url":"https:\/\/www.dansometre.ch\/en\/","logo":{"@type":"ImageObject","inLanguage":"en-US","@id":"https:\/\/www.dansometre.ch\/en\/#\/schema\/logo\/image\/","url":"https:\/\/www.dansometre.ch\/wp-content\/uploads\/favicon.png","contentUrl":"https:\/\/www.dansometre.ch\/wp-content\/uploads\/favicon.png","width":1200,"height":1200,"caption":"DANSOM\u00c8TRE - espace de cr\u00e9ation chor\u00e9graphique - VEVEY"},"image":{"@id":"https:\/\/www.dansometre.ch\/en\/#\/schema\/logo\/image\/"}},{"@type":"Person","@id":"https:\/\/www.dansometre.ch\/en\/#\/schema\/person\/7872d0ffd2ff4cd8f17d3e601faec1a1","name":"sirup","image":{"@type":"ImageObject","inLanguage":"en-US","@id":"https:\/\/secure.gravatar.com\/avatar\/450422d5dd6a25cfca8e469519c9989bb6025f0d9d67fb255fdf4dcc629d255e?s=96&d=mm&r=g","url":"https:\/\/secure.gravatar.com\/avatar\/450422d5dd6a25cfca8e469519c9989bb6025f0d9d67fb255fdf4dcc629d255e?s=96&d=mm&r=g","contentUrl":"https:\/\/secure.gravatar.com\/avatar\/450422d5dd6a25cfca8e469519c9989bb6025f0d9d67fb255fdf4dcc629d255e?s=96&d=mm&r=g","caption":"sirup"},"url":"https:\/\/www.dansometre.ch\/en\/author\/sirup\/"}]}},"mfb_rest_fields":["title","yoast_head","yoast_head_json"],"_links":{"self":[{"href":"https:\/\/www.dansometre.ch\/en\/wp-json\/wp\/v2\/posts\/5212","targetHints":{"allow":["GET"]}}],"collection":[{"href":"https:\/\/www.dansometre.ch\/en\/wp-json\/wp\/v2\/posts"}],"about":[{"href":"https:\/\/www.dansometre.ch\/en\/wp-json\/wp\/v2\/types\/post"}],"author":[{"embeddable":true,"href":"https:\/\/www.dansometre.ch\/en\/wp-json\/wp\/v2\/users\/1"}],"replies":[{"embeddable":true,"href":"https:\/\/www.dansometre.ch\/en\/wp-json\/wp\/v2\/comments?post=5212"}],"version-history":[{"count":1,"href":"https:\/\/www.dansometre.ch\/en\/wp-json\/wp\/v2\/posts\/5212\/revisions"}],"predecessor-version":[{"id":5213,"href":"https:\/\/www.dansometre.ch\/en\/wp-json\/wp\/v2\/posts\/5212\/revisions\/5213"}],"wp:featuredmedia":[{"embeddable":true,"href":"https:\/\/www.dansometre.ch\/en\/wp-json\/wp\/v2\/media\/5181"}],"wp:attachment":[{"href":"https:\/\/www.dansometre.ch\/en\/wp-json\/wp\/v2\/media?parent=5212"}],"wp:term":[{"taxonomy":"category","embeddable":true,"href":"https:\/\/www.dansometre.ch\/en\/wp-json\/wp\/v2\/categories?post=5212"},{"taxonomy":"post_tag","embeddable":true,"href":"https:\/\/www.dansometre.ch\/en\/wp-json\/wp\/v2\/tags?post=5212"}],"curies":[{"name":"wp","href":"https:\/\/api.w.org\/{rel}","templated":true}]}}