{"id":5223,"date":"2025-04-14T13:44:36","date_gmt":"2025-04-14T11:44:36","guid":{"rendered":"https:\/\/www.dansometre.ch\/actualite\/sortie-de-residence-4\/"},"modified":"2025-07-16T15:51:59","modified_gmt":"2025-07-16T13:51:59","slug":"sortie-de-residence-4","status":"publish","type":"post","link":"https:\/\/www.dansometre.ch\/en\/actualite\/sortie-de-residence-4\/","title":{"rendered":"Sortie de r\u00e9sidence #4"},"content":{"rendered":"<p><strong>Deaf-tones (working title)<\/strong><\/p>\n<p>Kinda et Racha, toutes deux libanaises, pays marqu\u00e9 par la guerre et la reconstruction, unissent leurs recherches sonores et performatives pour interroger la m\u00e9moire intime et collective. Leurs \u0153uvres, entre microtonalisme et performance, cherchent \u00e0 donner corps et voix \u00e0 la tension pr\u00e9sente entre l&#8217;existence et l&#8217;effacement, la r\u00e9alit\u00e9 et l&#8217;illusion, l&#8217;isolement et le recommencement. Ce travail explore les th\u00e9matiques de pr\u00e9sence, absence, r\u00e9sistance et persistance.<br \/>\nCette r\u00e9sidence est le point de d\u00e9part pour une installation performative future : un espace intime o\u00f9 la r\u00e9sonance du son rencontre la question du corps qui le produit, et o\u00f9 le son et l&#8217;espace deviennent des outils de r\u00e9sistance et de r\u00e9silience.<\/p>\n<p><strong>Biographie <\/strong><\/p>\n<p><strong>Racha Baroud<\/strong> est une artiste multidisciplinaire libanaise qui travaille autour de la performance, du son et de l\u2019image. Outre de nombreuses collaborations, elle r\u00e9alise ses propres pi\u00e8ces, oscillant entre films et performances. Les th\u00e8mes r\u00e9currents de ses \u0153uvres tournent autour de la mort, la m\u00e9moire et l\u2019intime.<\/p>\n<p><strong>Kinda Hassan<\/strong> est une artiste compositrice n\u00e9e \u00e0 Beyrouth et bas\u00e9e \u00e0 Paris.<br \/>\nDans son travail, elle cr\u00e9e des espaces d\u2019\u00e9coute dynamiques o\u00f9 les dialectiques de la perception sont mises en jeu de mani\u00e8re active. Elle collabore sur de nombreux films ind\u00e9pendants et performances artistiques.<\/p>\n<p><strong>INFORMATIONS<\/strong><\/p>\n<p><strong>Public<\/strong> : tout public \/ ap\u00e9ritif offert apr\u00e8s la performance<\/p>\n<p><strong>Tarifs<\/strong> : entr\u00e9e libre<\/p>\n<p><strong>Accessibilit\u00e9<\/strong> : acc\u00e8s PMR<\/p>\n<p><strong>Lieu :<\/strong> Dansom\u00e8tre, Avenue de Corsier 19, 1800 Vevey<\/p>\n<p>Pour la saison 24-25 et ses projets, le Dansom\u00e8tre est soutenu par :<\/p>\n<p><img loading=\"lazy\" decoding=\"async\" class=\"alignnone wp-image-4855 size-full\" src=\"https:\/\/www.dansometre.ch\/wp-content\/uploads\/DANSOMETRE_24-25_LOGOS-1.jpg\" alt=\"\" width=\"981\" height=\"108\" \/><\/p>\n<p>Photo : \u00a9Ghislaine Heger mise en forme par \u00a9 Ultrastudio.ch<\/p>\n","protected":false},"excerpt":{"rendered":"<p>Deaf-tones (working title) Kinda et Racha, toutes deux libanaises, pays marqu\u00e9 par la guerre et la reconstruction, unissent leurs recherches sonores et performatives pour interroger la m\u00e9moire intime et collective. Leurs \u0153uvres, entre microtonalisme et performance, cherchent \u00e0 donner corps et voix \u00e0 la tension pr\u00e9sente entre l&#8217;existence et l&#8217;effacement, la r\u00e9alit\u00e9 et l&#8217;illusion, l&#8217;isolement [&hellip;]<\/p>\n","protected":false},"author":1,"featured_media":5187,"comment_status":"open","ping_status":"open","sticky":false,"template":"","format":"standard","meta":{"_acf_changed":false,"inline_featured_image":false,"footnotes":""},"categories":[70,1,52,81],"tags":[],"class_list":["post-5223","post","type-post","status-publish","format-standard","has-post-thumbnail","hentry","category-actu-homepage","category-actualite","category-evenement-public","category-spectacles-soirees"],"acf":[],"mb":[],"yoast_head":"<!-- This site is optimized with the Yoast SEO plugin v27.3 - https:\/\/yoast.com\/product\/yoast-seo-wordpress\/ -->\n<title>Sortie de r\u00e9sidence #4 - DANSOM\u00c8TRE - espace de cr\u00e9ation chor\u00e9graphique - VEVEY<\/title>\n<meta name=\"robots\" content=\"index, follow, max-snippet:-1, max-image-preview:large, max-video-preview:-1\" \/>\n<link rel=\"canonical\" href=\"https:\/\/www.dansometre.ch\/en\/actualite\/sortie-de-residence-4\/\" \/>\n<meta property=\"og:locale\" content=\"en_US\" \/>\n<meta property=\"og:type\" content=\"article\" \/>\n<meta property=\"og:title\" content=\"Sortie de r\u00e9sidence #4 - DANSOM\u00c8TRE - espace de cr\u00e9ation chor\u00e9graphique - VEVEY\" \/>\n<meta property=\"og:description\" content=\"Deaf-tones (working title) Kinda et Racha, toutes deux libanaises, pays marqu\u00e9 par la guerre et la reconstruction, unissent leurs recherches sonores et performatives pour interroger la m\u00e9moire intime et collective. Leurs \u0153uvres, entre microtonalisme et performance, cherchent \u00e0 donner corps et voix \u00e0 la tension pr\u00e9sente entre l&#8217;existence et l&#8217;effacement, la r\u00e9alit\u00e9 et l&#8217;illusion, l&#8217;isolement [&hellip;]\" \/>\n<meta property=\"og:url\" content=\"https:\/\/www.dansometre.ch\/en\/actualite\/sortie-de-residence-4\/\" \/>\n<meta property=\"og:site_name\" content=\"DANSOM\u00c8TRE - espace de cr\u00e9ation chor\u00e9graphique - VEVEY\" \/>\n<meta property=\"article:published_time\" content=\"2025-04-14T11:44:36+00:00\" \/>\n<meta property=\"article:modified_time\" content=\"2025-07-16T13:51:59+00:00\" \/>\n<meta property=\"og:image\" content=\"https:\/\/www.dansometre.ch\/wp-content\/uploads\/DANSOMETRE_SERIE_8_1080x1080px_10.01.2025_c_ok-glisses-6.png\" \/>\n\t<meta property=\"og:image:width\" content=\"1080\" \/>\n\t<meta property=\"og:image:height\" content=\"1080\" \/>\n\t<meta property=\"og:image:type\" content=\"image\/png\" \/>\n<meta name=\"author\" content=\"sirup\" \/>\n<meta name=\"twitter:card\" content=\"summary_large_image\" \/>\n<meta name=\"twitter:label1\" content=\"Written by\" \/>\n\t<meta name=\"twitter:data1\" content=\"sirup\" \/>\n\t<meta name=\"twitter:label2\" content=\"Est. reading time\" \/>\n\t<meta name=\"twitter:data2\" content=\"1 minute\" \/>\n<script type=\"application\/ld+json\" class=\"yoast-schema-graph\">{\"@context\":\"https:\\\/\\\/schema.org\",\"@graph\":[{\"@type\":\"Article\",\"@id\":\"https:\\\/\\\/www.dansometre.ch\\\/en\\\/actualite\\\/sortie-de-residence-4\\\/#article\",\"isPartOf\":{\"@id\":\"https:\\\/\\\/www.dansometre.ch\\\/en\\\/actualite\\\/sortie-de-residence-4\\\/\"},\"author\":{\"name\":\"sirup\",\"@id\":\"https:\\\/\\\/www.dansometre.ch\\\/en\\\/#\\\/schema\\\/person\\\/7872d0ffd2ff4cd8f17d3e601faec1a1\"},\"headline\":\"Sortie de r\u00e9sidence #4\",\"datePublished\":\"2025-04-14T11:44:36+00:00\",\"dateModified\":\"2025-07-16T13:51:59+00:00\",\"mainEntityOfPage\":{\"@id\":\"https:\\\/\\\/www.dansometre.ch\\\/en\\\/actualite\\\/sortie-de-residence-4\\\/\"},\"wordCount\":281,\"commentCount\":0,\"publisher\":{\"@id\":\"https:\\\/\\\/www.dansometre.ch\\\/en\\\/#organization\"},\"image\":{\"@id\":\"https:\\\/\\\/www.dansometre.ch\\\/en\\\/actualite\\\/sortie-de-residence-4\\\/#primaryimage\"},\"thumbnailUrl\":\"https:\\\/\\\/www.dansometre.ch\\\/wp-content\\\/uploads\\\/DANSOMETRE_SERIE_8_1080x1080px_10.01.2025_c_ok-glisses-6.png\",\"articleSection\":[\"Actu homepage\",\"Actualit\u00e9\",\"\u00e9v\u00e9nement public\",\"Spectacles et soir\u00e9es\"],\"inLanguage\":\"en-US\"},{\"@type\":\"WebPage\",\"@id\":\"https:\\\/\\\/www.dansometre.ch\\\/en\\\/actualite\\\/sortie-de-residence-4\\\/\",\"url\":\"https:\\\/\\\/www.dansometre.ch\\\/en\\\/actualite\\\/sortie-de-residence-4\\\/\",\"name\":\"Sortie de r\u00e9sidence #4 - DANSOM\u00c8TRE - espace de cr\u00e9ation chor\u00e9graphique - VEVEY\",\"isPartOf\":{\"@id\":\"https:\\\/\\\/www.dansometre.ch\\\/en\\\/#website\"},\"primaryImageOfPage\":{\"@id\":\"https:\\\/\\\/www.dansometre.ch\\\/en\\\/actualite\\\/sortie-de-residence-4\\\/#primaryimage\"},\"image\":{\"@id\":\"https:\\\/\\\/www.dansometre.ch\\\/en\\\/actualite\\\/sortie-de-residence-4\\\/#primaryimage\"},\"thumbnailUrl\":\"https:\\\/\\\/www.dansometre.ch\\\/wp-content\\\/uploads\\\/DANSOMETRE_SERIE_8_1080x1080px_10.01.2025_c_ok-glisses-6.png\",\"datePublished\":\"2025-04-14T11:44:36+00:00\",\"dateModified\":\"2025-07-16T13:51:59+00:00\",\"breadcrumb\":{\"@id\":\"https:\\\/\\\/www.dansometre.ch\\\/en\\\/actualite\\\/sortie-de-residence-4\\\/#breadcrumb\"},\"inLanguage\":\"en-US\",\"potentialAction\":[{\"@type\":\"ReadAction\",\"target\":[\"https:\\\/\\\/www.dansometre.ch\\\/en\\\/actualite\\\/sortie-de-residence-4\\\/\"]}]},{\"@type\":\"ImageObject\",\"inLanguage\":\"en-US\",\"@id\":\"https:\\\/\\\/www.dansometre.ch\\\/en\\\/actualite\\\/sortie-de-residence-4\\\/#primaryimage\",\"url\":\"https:\\\/\\\/www.dansometre.ch\\\/wp-content\\\/uploads\\\/DANSOMETRE_SERIE_8_1080x1080px_10.01.2025_c_ok-glisses-6.png\",\"contentUrl\":\"https:\\\/\\\/www.dansometre.ch\\\/wp-content\\\/uploads\\\/DANSOMETRE_SERIE_8_1080x1080px_10.01.2025_c_ok-glisses-6.png\",\"width\":1080,\"height\":1080},{\"@type\":\"BreadcrumbList\",\"@id\":\"https:\\\/\\\/www.dansometre.ch\\\/en\\\/actualite\\\/sortie-de-residence-4\\\/#breadcrumb\",\"itemListElement\":[{\"@type\":\"ListItem\",\"position\":1,\"name\":\"Accueil\",\"item\":\"https:\\\/\\\/www.dansometre.ch\\\/en\\\/\"},{\"@type\":\"ListItem\",\"position\":2,\"name\":\"Sortie de r\u00e9sidence #4\"}]},{\"@type\":\"WebSite\",\"@id\":\"https:\\\/\\\/www.dansometre.ch\\\/en\\\/#website\",\"url\":\"https:\\\/\\\/www.dansometre.ch\\\/en\\\/\",\"name\":\"DANSOM\u00c8TRE - espace de cr\u00e9ation chor\u00e9graphique - VEVEY\",\"description\":\"\",\"publisher\":{\"@id\":\"https:\\\/\\\/www.dansometre.ch\\\/en\\\/#organization\"},\"potentialAction\":[{\"@type\":\"SearchAction\",\"target\":{\"@type\":\"EntryPoint\",\"urlTemplate\":\"https:\\\/\\\/www.dansometre.ch\\\/en\\\/?s={search_term_string}\"},\"query-input\":{\"@type\":\"PropertyValueSpecification\",\"valueRequired\":true,\"valueName\":\"search_term_string\"}}],\"inLanguage\":\"en-US\"},{\"@type\":\"Organization\",\"@id\":\"https:\\\/\\\/www.dansometre.ch\\\/en\\\/#organization\",\"name\":\"DANSOM\u00c8TRE - espace de cr\u00e9ation chor\u00e9graphique - VEVEY\",\"url\":\"https:\\\/\\\/www.dansometre.ch\\\/en\\\/\",\"logo\":{\"@type\":\"ImageObject\",\"inLanguage\":\"en-US\",\"@id\":\"https:\\\/\\\/www.dansometre.ch\\\/en\\\/#\\\/schema\\\/logo\\\/image\\\/\",\"url\":\"https:\\\/\\\/www.dansometre.ch\\\/wp-content\\\/uploads\\\/favicon.png\",\"contentUrl\":\"https:\\\/\\\/www.dansometre.ch\\\/wp-content\\\/uploads\\\/favicon.png\",\"width\":1200,\"height\":1200,\"caption\":\"DANSOM\u00c8TRE - espace de cr\u00e9ation chor\u00e9graphique - VEVEY\"},\"image\":{\"@id\":\"https:\\\/\\\/www.dansometre.ch\\\/en\\\/#\\\/schema\\\/logo\\\/image\\\/\"}},{\"@type\":\"Person\",\"@id\":\"https:\\\/\\\/www.dansometre.ch\\\/en\\\/#\\\/schema\\\/person\\\/7872d0ffd2ff4cd8f17d3e601faec1a1\",\"name\":\"sirup\",\"image\":{\"@type\":\"ImageObject\",\"inLanguage\":\"en-US\",\"@id\":\"https:\\\/\\\/secure.gravatar.com\\\/avatar\\\/450422d5dd6a25cfca8e469519c9989bb6025f0d9d67fb255fdf4dcc629d255e?s=96&d=mm&r=g\",\"url\":\"https:\\\/\\\/secure.gravatar.com\\\/avatar\\\/450422d5dd6a25cfca8e469519c9989bb6025f0d9d67fb255fdf4dcc629d255e?s=96&d=mm&r=g\",\"contentUrl\":\"https:\\\/\\\/secure.gravatar.com\\\/avatar\\\/450422d5dd6a25cfca8e469519c9989bb6025f0d9d67fb255fdf4dcc629d255e?s=96&d=mm&r=g\",\"caption\":\"sirup\"},\"url\":\"https:\\\/\\\/www.dansometre.ch\\\/en\\\/author\\\/sirup\\\/\"}]}<\/script>\n<!-- \/ Yoast SEO plugin. -->","yoast_head_json":{"title":"Sortie de r\u00e9sidence #4 - DANSOM\u00c8TRE - espace de cr\u00e9ation chor\u00e9graphique - VEVEY","robots":{"index":"index","follow":"follow","max-snippet":"max-snippet:-1","max-image-preview":"max-image-preview:large","max-video-preview":"max-video-preview:-1"},"canonical":"https:\/\/www.dansometre.ch\/en\/actualite\/sortie-de-residence-4\/","og_locale":"en_US","og_type":"article","og_title":"Sortie de r\u00e9sidence #4 - DANSOM\u00c8TRE - espace de cr\u00e9ation chor\u00e9graphique - VEVEY","og_description":"Deaf-tones (working title) Kinda et Racha, toutes deux libanaises, pays marqu\u00e9 par la guerre et la reconstruction, unissent leurs recherches sonores et performatives pour interroger la m\u00e9moire intime et collective. Leurs \u0153uvres, entre microtonalisme et performance, cherchent \u00e0 donner corps et voix \u00e0 la tension pr\u00e9sente entre l&#8217;existence et l&#8217;effacement, la r\u00e9alit\u00e9 et l&#8217;illusion, l&#8217;isolement [&hellip;]","og_url":"https:\/\/www.dansometre.ch\/en\/actualite\/sortie-de-residence-4\/","og_site_name":"DANSOM\u00c8TRE - espace de cr\u00e9ation chor\u00e9graphique - VEVEY","article_published_time":"2025-04-14T11:44:36+00:00","article_modified_time":"2025-07-16T13:51:59+00:00","og_image":[{"width":1080,"height":1080,"url":"https:\/\/www.dansometre.ch\/wp-content\/uploads\/DANSOMETRE_SERIE_8_1080x1080px_10.01.2025_c_ok-glisses-6.png","type":"image\/png"}],"author":"sirup","twitter_card":"summary_large_image","twitter_misc":{"Written by":"sirup","Est. reading time":"1 minute"},"schema":{"@context":"https:\/\/schema.org","@graph":[{"@type":"Article","@id":"https:\/\/www.dansometre.ch\/en\/actualite\/sortie-de-residence-4\/#article","isPartOf":{"@id":"https:\/\/www.dansometre.ch\/en\/actualite\/sortie-de-residence-4\/"},"author":{"name":"sirup","@id":"https:\/\/www.dansometre.ch\/en\/#\/schema\/person\/7872d0ffd2ff4cd8f17d3e601faec1a1"},"headline":"Sortie de r\u00e9sidence #4","datePublished":"2025-04-14T11:44:36+00:00","dateModified":"2025-07-16T13:51:59+00:00","mainEntityOfPage":{"@id":"https:\/\/www.dansometre.ch\/en\/actualite\/sortie-de-residence-4\/"},"wordCount":281,"commentCount":0,"publisher":{"@id":"https:\/\/www.dansometre.ch\/en\/#organization"},"image":{"@id":"https:\/\/www.dansometre.ch\/en\/actualite\/sortie-de-residence-4\/#primaryimage"},"thumbnailUrl":"https:\/\/www.dansometre.ch\/wp-content\/uploads\/DANSOMETRE_SERIE_8_1080x1080px_10.01.2025_c_ok-glisses-6.png","articleSection":["Actu homepage","Actualit\u00e9","\u00e9v\u00e9nement public","Spectacles et soir\u00e9es"],"inLanguage":"en-US"},{"@type":"WebPage","@id":"https:\/\/www.dansometre.ch\/en\/actualite\/sortie-de-residence-4\/","url":"https:\/\/www.dansometre.ch\/en\/actualite\/sortie-de-residence-4\/","name":"Sortie de r\u00e9sidence #4 - DANSOM\u00c8TRE - espace de cr\u00e9ation chor\u00e9graphique - VEVEY","isPartOf":{"@id":"https:\/\/www.dansometre.ch\/en\/#website"},"primaryImageOfPage":{"@id":"https:\/\/www.dansometre.ch\/en\/actualite\/sortie-de-residence-4\/#primaryimage"},"image":{"@id":"https:\/\/www.dansometre.ch\/en\/actualite\/sortie-de-residence-4\/#primaryimage"},"thumbnailUrl":"https:\/\/www.dansometre.ch\/wp-content\/uploads\/DANSOMETRE_SERIE_8_1080x1080px_10.01.2025_c_ok-glisses-6.png","datePublished":"2025-04-14T11:44:36+00:00","dateModified":"2025-07-16T13:51:59+00:00","breadcrumb":{"@id":"https:\/\/www.dansometre.ch\/en\/actualite\/sortie-de-residence-4\/#breadcrumb"},"inLanguage":"en-US","potentialAction":[{"@type":"ReadAction","target":["https:\/\/www.dansometre.ch\/en\/actualite\/sortie-de-residence-4\/"]}]},{"@type":"ImageObject","inLanguage":"en-US","@id":"https:\/\/www.dansometre.ch\/en\/actualite\/sortie-de-residence-4\/#primaryimage","url":"https:\/\/www.dansometre.ch\/wp-content\/uploads\/DANSOMETRE_SERIE_8_1080x1080px_10.01.2025_c_ok-glisses-6.png","contentUrl":"https:\/\/www.dansometre.ch\/wp-content\/uploads\/DANSOMETRE_SERIE_8_1080x1080px_10.01.2025_c_ok-glisses-6.png","width":1080,"height":1080},{"@type":"BreadcrumbList","@id":"https:\/\/www.dansometre.ch\/en\/actualite\/sortie-de-residence-4\/#breadcrumb","itemListElement":[{"@type":"ListItem","position":1,"name":"Accueil","item":"https:\/\/www.dansometre.ch\/en\/"},{"@type":"ListItem","position":2,"name":"Sortie de r\u00e9sidence #4"}]},{"@type":"WebSite","@id":"https:\/\/www.dansometre.ch\/en\/#website","url":"https:\/\/www.dansometre.ch\/en\/","name":"DANSOM\u00c8TRE - espace de cr\u00e9ation chor\u00e9graphique - VEVEY","description":"","publisher":{"@id":"https:\/\/www.dansometre.ch\/en\/#organization"},"potentialAction":[{"@type":"SearchAction","target":{"@type":"EntryPoint","urlTemplate":"https:\/\/www.dansometre.ch\/en\/?s={search_term_string}"},"query-input":{"@type":"PropertyValueSpecification","valueRequired":true,"valueName":"search_term_string"}}],"inLanguage":"en-US"},{"@type":"Organization","@id":"https:\/\/www.dansometre.ch\/en\/#organization","name":"DANSOM\u00c8TRE - espace de cr\u00e9ation chor\u00e9graphique - VEVEY","url":"https:\/\/www.dansometre.ch\/en\/","logo":{"@type":"ImageObject","inLanguage":"en-US","@id":"https:\/\/www.dansometre.ch\/en\/#\/schema\/logo\/image\/","url":"https:\/\/www.dansometre.ch\/wp-content\/uploads\/favicon.png","contentUrl":"https:\/\/www.dansometre.ch\/wp-content\/uploads\/favicon.png","width":1200,"height":1200,"caption":"DANSOM\u00c8TRE - espace de cr\u00e9ation chor\u00e9graphique - VEVEY"},"image":{"@id":"https:\/\/www.dansometre.ch\/en\/#\/schema\/logo\/image\/"}},{"@type":"Person","@id":"https:\/\/www.dansometre.ch\/en\/#\/schema\/person\/7872d0ffd2ff4cd8f17d3e601faec1a1","name":"sirup","image":{"@type":"ImageObject","inLanguage":"en-US","@id":"https:\/\/secure.gravatar.com\/avatar\/450422d5dd6a25cfca8e469519c9989bb6025f0d9d67fb255fdf4dcc629d255e?s=96&d=mm&r=g","url":"https:\/\/secure.gravatar.com\/avatar\/450422d5dd6a25cfca8e469519c9989bb6025f0d9d67fb255fdf4dcc629d255e?s=96&d=mm&r=g","contentUrl":"https:\/\/secure.gravatar.com\/avatar\/450422d5dd6a25cfca8e469519c9989bb6025f0d9d67fb255fdf4dcc629d255e?s=96&d=mm&r=g","caption":"sirup"},"url":"https:\/\/www.dansometre.ch\/en\/author\/sirup\/"}]}},"mfb_rest_fields":["title","yoast_head","yoast_head_json"],"_links":{"self":[{"href":"https:\/\/www.dansometre.ch\/en\/wp-json\/wp\/v2\/posts\/5223","targetHints":{"allow":["GET"]}}],"collection":[{"href":"https:\/\/www.dansometre.ch\/en\/wp-json\/wp\/v2\/posts"}],"about":[{"href":"https:\/\/www.dansometre.ch\/en\/wp-json\/wp\/v2\/types\/post"}],"author":[{"embeddable":true,"href":"https:\/\/www.dansometre.ch\/en\/wp-json\/wp\/v2\/users\/1"}],"replies":[{"embeddable":true,"href":"https:\/\/www.dansometre.ch\/en\/wp-json\/wp\/v2\/comments?post=5223"}],"version-history":[{"count":1,"href":"https:\/\/www.dansometre.ch\/en\/wp-json\/wp\/v2\/posts\/5223\/revisions"}],"predecessor-version":[{"id":5224,"href":"https:\/\/www.dansometre.ch\/en\/wp-json\/wp\/v2\/posts\/5223\/revisions\/5224"}],"wp:featuredmedia":[{"embeddable":true,"href":"https:\/\/www.dansometre.ch\/en\/wp-json\/wp\/v2\/media\/5187"}],"wp:attachment":[{"href":"https:\/\/www.dansometre.ch\/en\/wp-json\/wp\/v2\/media?parent=5223"}],"wp:term":[{"taxonomy":"category","embeddable":true,"href":"https:\/\/www.dansometre.ch\/en\/wp-json\/wp\/v2\/categories?post=5223"},{"taxonomy":"post_tag","embeddable":true,"href":"https:\/\/www.dansometre.ch\/en\/wp-json\/wp\/v2\/tags?post=5223"}],"curies":[{"name":"wp","href":"https:\/\/api.w.org\/{rel}","templated":true}]}}