{"id":5240,"date":"2025-04-14T13:44:36","date_gmt":"2025-04-14T11:44:36","guid":{"rendered":"https:\/\/www.dansometre.ch\/actualite\/presences-performatives-2\/"},"modified":"2025-07-16T15:48:39","modified_gmt":"2025-07-16T13:48:39","slug":"presences-performatives-2","status":"publish","type":"post","link":"https:\/\/www.dansometre.ch\/en\/actualite\/presences-performatives-2\/","title":{"rendered":"Pr\u00e9sences performatives"},"content":{"rendered":"<p>Le Dansom\u00e8tre lance un appel pour des formes courtes touchant aux champs chor\u00e9graphiques contemporains. Les formats peuvent \u00eatre \u00e0 la fois des pi\u00e8ces \u00e9crites, de l\u2019improvisation ou de la performance. Les projets seront pr\u00e9sent\u00e9s le <strong>vendredi 4 avril<\/strong> au Dansom\u00e8tre.<\/p>\n<p><strong>Conditions<\/strong><br \/>\n\u2022\u00a0 Avoir une compagnie professionnelle ;<br \/>\n\u2022\u00a0 \u00catre une compagnie \u00e9mergente ou confirm\u00e9e ;<br \/>\n\u2022\u00a0 Tous les formats du champs chor\u00e9graphiques contemporains sont admis (contemporain, danse urbaine, etc.) ;<br \/>\n\u2022\u00a0 Dur\u00e9e maximale 20 minutes ;<br \/>\n\u2022\u00a0 La proposition doit s\u2019adapter \u00e0 un \u00e9clairage et \u00e0 des conditions techniques l\u00e9g\u00e8res ;<br \/>\n\u2022\u00a0 Chaque projet s\u00e9lectionn\u00e9 re\u00e7oit une enveloppe forfaitaire, toutes charges incluses, de CHF 600.- ;<br \/>\n\u2022\u00a0 Mise \u00e0 disposition de l\u2019espace du Dansom\u00e8tre durant la semaine du 31 mars, en coordination avec les autres compagnies ;<br \/>\n\u2022\u00a0 Si d\u00e9clar\u00e9, les droits d\u2019auteurs SSA sont pris en charge par le Dansom\u00e8tre ;<br \/>\n\u2022\u00a0 Des photos promotionnelles de la soir\u00e9e \u00e0 disposition des compagnies.<\/p>\n<p>Le <strong>dossier<\/strong> (en un seul pdf) doit contenir une br\u00e8ve pr\u00e9sentation de la compagnie, bios des intervenant\u00b7e\u00b7s, descriptif du projet (1 page max) avec un lien vid\u00e9o du projet en question ou d\u2019un autre travail.<br \/>\nDossier \u00e0 envoyer \u00e0 <strong>info@dansometre.ch<\/strong> au plus tard le 25 f\u00e9vrier 2025.<\/p>\n<p>&nbsp;<\/p>\n<p>Pour la saison 24-25 et ses projets, le Dansom\u00e8tre est soutenu par :<\/p>\n<p><img loading=\"lazy\" decoding=\"async\" class=\"alignnone wp-image-4855 size-full\" src=\"https:\/\/www.dansometre.ch\/wp-content\/uploads\/DANSOMETRE_24-25_LOGOS-1.jpg\" alt=\"\" width=\"981\" height=\"108\" \/><\/p>\n<p>Photo : \u00a9 <span style=\"font-weight: 400;\">Odile Meylan<\/span>\u00a0\/ mise en forme \u00a9 Ultrastudio.ch<\/p>\n","protected":false},"excerpt":{"rendered":"<p>Le Dansom\u00e8tre lance un appel pour des formes courtes touchant aux champs chor\u00e9graphiques contemporains. Les formats peuvent \u00eatre \u00e0 la fois des pi\u00e8ces \u00e9crites, de l\u2019improvisation ou de la performance. Les projets seront pr\u00e9sent\u00e9s le vendredi 4 avril au Dansom\u00e8tre. Conditions \u2022\u00a0 Avoir une compagnie professionnelle ; \u2022\u00a0 \u00catre une compagnie \u00e9mergente ou confirm\u00e9e ; [&hellip;]<\/p>\n","protected":false},"author":1,"featured_media":5242,"comment_status":"open","ping_status":"open","sticky":false,"template":"","format":"standard","meta":{"_acf_changed":false,"inline_featured_image":false,"footnotes":""},"categories":[1,83],"tags":[],"class_list":["post-5240","post","type-post","status-publish","format-standard","has-post-thumbnail","hentry","category-actualite","category-rdv-pro"],"acf":[],"mb":[],"yoast_head":"<!-- This site is optimized with the Yoast SEO plugin v27.3 - https:\/\/yoast.com\/product\/yoast-seo-wordpress\/ -->\n<title>Pr\u00e9sences performatives - DANSOM\u00c8TRE - espace de cr\u00e9ation chor\u00e9graphique - VEVEY<\/title>\n<meta name=\"robots\" content=\"index, follow, max-snippet:-1, max-image-preview:large, max-video-preview:-1\" \/>\n<link rel=\"canonical\" href=\"https:\/\/www.dansometre.ch\/en\/actualite\/presences-performatives-2\/\" \/>\n<meta property=\"og:locale\" content=\"en_US\" \/>\n<meta property=\"og:type\" content=\"article\" \/>\n<meta property=\"og:title\" content=\"Pr\u00e9sences performatives - DANSOM\u00c8TRE - espace de cr\u00e9ation chor\u00e9graphique - VEVEY\" \/>\n<meta property=\"og:description\" content=\"Le Dansom\u00e8tre lance un appel pour des formes courtes touchant aux champs chor\u00e9graphiques contemporains. Les formats peuvent \u00eatre \u00e0 la fois des pi\u00e8ces \u00e9crites, de l\u2019improvisation ou de la performance. Les projets seront pr\u00e9sent\u00e9s le vendredi 4 avril au Dansom\u00e8tre. Conditions \u2022\u00a0 Avoir une compagnie professionnelle ; \u2022\u00a0 \u00catre une compagnie \u00e9mergente ou confirm\u00e9e ; [&hellip;]\" \/>\n<meta property=\"og:url\" content=\"https:\/\/www.dansometre.ch\/en\/actualite\/presences-performatives-2\/\" \/>\n<meta property=\"og:site_name\" content=\"DANSOM\u00c8TRE - espace de cr\u00e9ation chor\u00e9graphique - VEVEY\" \/>\n<meta property=\"article:published_time\" content=\"2025-04-14T11:44:36+00:00\" \/>\n<meta property=\"article:modified_time\" content=\"2025-07-16T13:48:39+00:00\" \/>\n<meta property=\"og:image\" content=\"https:\/\/www.dansometre.ch\/wp-content\/uploads\/DANSOMETRE_2025_RS_10.01.2025_11_ok.jpg\" \/>\n\t<meta property=\"og:image:width\" content=\"1080\" \/>\n\t<meta property=\"og:image:height\" content=\"1080\" \/>\n\t<meta property=\"og:image:type\" content=\"image\/jpeg\" \/>\n<meta name=\"author\" content=\"sirup\" \/>\n<meta name=\"twitter:card\" content=\"summary_large_image\" \/>\n<meta name=\"twitter:label1\" content=\"Written by\" \/>\n\t<meta name=\"twitter:data1\" content=\"sirup\" \/>\n\t<meta name=\"twitter:label2\" content=\"Est. reading time\" \/>\n\t<meta name=\"twitter:data2\" content=\"1 minute\" \/>\n<script type=\"application\/ld+json\" class=\"yoast-schema-graph\">{\"@context\":\"https:\\\/\\\/schema.org\",\"@graph\":[{\"@type\":\"Article\",\"@id\":\"https:\\\/\\\/www.dansometre.ch\\\/en\\\/actualite\\\/presences-performatives-2\\\/#article\",\"isPartOf\":{\"@id\":\"https:\\\/\\\/www.dansometre.ch\\\/en\\\/actualite\\\/presences-performatives-2\\\/\"},\"author\":{\"name\":\"sirup\",\"@id\":\"https:\\\/\\\/www.dansometre.ch\\\/en\\\/#\\\/schema\\\/person\\\/7872d0ffd2ff4cd8f17d3e601faec1a1\"},\"headline\":\"Pr\u00e9sences performatives\",\"datePublished\":\"2025-04-14T11:44:36+00:00\",\"dateModified\":\"2025-07-16T13:48:39+00:00\",\"mainEntityOfPage\":{\"@id\":\"https:\\\/\\\/www.dansometre.ch\\\/en\\\/actualite\\\/presences-performatives-2\\\/\"},\"wordCount\":225,\"commentCount\":0,\"publisher\":{\"@id\":\"https:\\\/\\\/www.dansometre.ch\\\/en\\\/#organization\"},\"image\":{\"@id\":\"https:\\\/\\\/www.dansometre.ch\\\/en\\\/actualite\\\/presences-performatives-2\\\/#primaryimage\"},\"thumbnailUrl\":\"https:\\\/\\\/www.dansometre.ch\\\/wp-content\\\/uploads\\\/DANSOMETRE_2025_RS_10.01.2025_11_ok.jpg\",\"articleSection\":[\"Actualit\u00e9\",\"Rendez-vous pro\"],\"inLanguage\":\"en-US\"},{\"@type\":\"WebPage\",\"@id\":\"https:\\\/\\\/www.dansometre.ch\\\/en\\\/actualite\\\/presences-performatives-2\\\/\",\"url\":\"https:\\\/\\\/www.dansometre.ch\\\/en\\\/actualite\\\/presences-performatives-2\\\/\",\"name\":\"Pr\u00e9sences performatives - DANSOM\u00c8TRE - espace de cr\u00e9ation chor\u00e9graphique - VEVEY\",\"isPartOf\":{\"@id\":\"https:\\\/\\\/www.dansometre.ch\\\/en\\\/#website\"},\"primaryImageOfPage\":{\"@id\":\"https:\\\/\\\/www.dansometre.ch\\\/en\\\/actualite\\\/presences-performatives-2\\\/#primaryimage\"},\"image\":{\"@id\":\"https:\\\/\\\/www.dansometre.ch\\\/en\\\/actualite\\\/presences-performatives-2\\\/#primaryimage\"},\"thumbnailUrl\":\"https:\\\/\\\/www.dansometre.ch\\\/wp-content\\\/uploads\\\/DANSOMETRE_2025_RS_10.01.2025_11_ok.jpg\",\"datePublished\":\"2025-04-14T11:44:36+00:00\",\"dateModified\":\"2025-07-16T13:48:39+00:00\",\"breadcrumb\":{\"@id\":\"https:\\\/\\\/www.dansometre.ch\\\/en\\\/actualite\\\/presences-performatives-2\\\/#breadcrumb\"},\"inLanguage\":\"en-US\",\"potentialAction\":[{\"@type\":\"ReadAction\",\"target\":[\"https:\\\/\\\/www.dansometre.ch\\\/en\\\/actualite\\\/presences-performatives-2\\\/\"]}]},{\"@type\":\"ImageObject\",\"inLanguage\":\"en-US\",\"@id\":\"https:\\\/\\\/www.dansometre.ch\\\/en\\\/actualite\\\/presences-performatives-2\\\/#primaryimage\",\"url\":\"https:\\\/\\\/www.dansometre.ch\\\/wp-content\\\/uploads\\\/DANSOMETRE_2025_RS_10.01.2025_11_ok.jpg\",\"contentUrl\":\"https:\\\/\\\/www.dansometre.ch\\\/wp-content\\\/uploads\\\/DANSOMETRE_2025_RS_10.01.2025_11_ok.jpg\",\"width\":1080,\"height\":1080},{\"@type\":\"BreadcrumbList\",\"@id\":\"https:\\\/\\\/www.dansometre.ch\\\/en\\\/actualite\\\/presences-performatives-2\\\/#breadcrumb\",\"itemListElement\":[{\"@type\":\"ListItem\",\"position\":1,\"name\":\"Accueil\",\"item\":\"https:\\\/\\\/www.dansometre.ch\\\/en\\\/\"},{\"@type\":\"ListItem\",\"position\":2,\"name\":\"Pr\u00e9sences performatives\"}]},{\"@type\":\"WebSite\",\"@id\":\"https:\\\/\\\/www.dansometre.ch\\\/en\\\/#website\",\"url\":\"https:\\\/\\\/www.dansometre.ch\\\/en\\\/\",\"name\":\"DANSOM\u00c8TRE - espace de cr\u00e9ation chor\u00e9graphique - VEVEY\",\"description\":\"\",\"publisher\":{\"@id\":\"https:\\\/\\\/www.dansometre.ch\\\/en\\\/#organization\"},\"potentialAction\":[{\"@type\":\"SearchAction\",\"target\":{\"@type\":\"EntryPoint\",\"urlTemplate\":\"https:\\\/\\\/www.dansometre.ch\\\/en\\\/?s={search_term_string}\"},\"query-input\":{\"@type\":\"PropertyValueSpecification\",\"valueRequired\":true,\"valueName\":\"search_term_string\"}}],\"inLanguage\":\"en-US\"},{\"@type\":\"Organization\",\"@id\":\"https:\\\/\\\/www.dansometre.ch\\\/en\\\/#organization\",\"name\":\"DANSOM\u00c8TRE - espace de cr\u00e9ation chor\u00e9graphique - VEVEY\",\"url\":\"https:\\\/\\\/www.dansometre.ch\\\/en\\\/\",\"logo\":{\"@type\":\"ImageObject\",\"inLanguage\":\"en-US\",\"@id\":\"https:\\\/\\\/www.dansometre.ch\\\/en\\\/#\\\/schema\\\/logo\\\/image\\\/\",\"url\":\"https:\\\/\\\/www.dansometre.ch\\\/wp-content\\\/uploads\\\/favicon.png\",\"contentUrl\":\"https:\\\/\\\/www.dansometre.ch\\\/wp-content\\\/uploads\\\/favicon.png\",\"width\":1200,\"height\":1200,\"caption\":\"DANSOM\u00c8TRE - espace de cr\u00e9ation chor\u00e9graphique - VEVEY\"},\"image\":{\"@id\":\"https:\\\/\\\/www.dansometre.ch\\\/en\\\/#\\\/schema\\\/logo\\\/image\\\/\"}},{\"@type\":\"Person\",\"@id\":\"https:\\\/\\\/www.dansometre.ch\\\/en\\\/#\\\/schema\\\/person\\\/7872d0ffd2ff4cd8f17d3e601faec1a1\",\"name\":\"sirup\",\"image\":{\"@type\":\"ImageObject\",\"inLanguage\":\"en-US\",\"@id\":\"https:\\\/\\\/secure.gravatar.com\\\/avatar\\\/450422d5dd6a25cfca8e469519c9989bb6025f0d9d67fb255fdf4dcc629d255e?s=96&d=mm&r=g\",\"url\":\"https:\\\/\\\/secure.gravatar.com\\\/avatar\\\/450422d5dd6a25cfca8e469519c9989bb6025f0d9d67fb255fdf4dcc629d255e?s=96&d=mm&r=g\",\"contentUrl\":\"https:\\\/\\\/secure.gravatar.com\\\/avatar\\\/450422d5dd6a25cfca8e469519c9989bb6025f0d9d67fb255fdf4dcc629d255e?s=96&d=mm&r=g\",\"caption\":\"sirup\"},\"url\":\"https:\\\/\\\/www.dansometre.ch\\\/en\\\/author\\\/sirup\\\/\"}]}<\/script>\n<!-- \/ Yoast SEO plugin. -->","yoast_head_json":{"title":"Pr\u00e9sences performatives - DANSOM\u00c8TRE - espace de cr\u00e9ation chor\u00e9graphique - VEVEY","robots":{"index":"index","follow":"follow","max-snippet":"max-snippet:-1","max-image-preview":"max-image-preview:large","max-video-preview":"max-video-preview:-1"},"canonical":"https:\/\/www.dansometre.ch\/en\/actualite\/presences-performatives-2\/","og_locale":"en_US","og_type":"article","og_title":"Pr\u00e9sences performatives - DANSOM\u00c8TRE - espace de cr\u00e9ation chor\u00e9graphique - VEVEY","og_description":"Le Dansom\u00e8tre lance un appel pour des formes courtes touchant aux champs chor\u00e9graphiques contemporains. Les formats peuvent \u00eatre \u00e0 la fois des pi\u00e8ces \u00e9crites, de l\u2019improvisation ou de la performance. Les projets seront pr\u00e9sent\u00e9s le vendredi 4 avril au Dansom\u00e8tre. Conditions \u2022\u00a0 Avoir une compagnie professionnelle ; \u2022\u00a0 \u00catre une compagnie \u00e9mergente ou confirm\u00e9e ; [&hellip;]","og_url":"https:\/\/www.dansometre.ch\/en\/actualite\/presences-performatives-2\/","og_site_name":"DANSOM\u00c8TRE - espace de cr\u00e9ation chor\u00e9graphique - VEVEY","article_published_time":"2025-04-14T11:44:36+00:00","article_modified_time":"2025-07-16T13:48:39+00:00","og_image":[{"width":1080,"height":1080,"url":"https:\/\/www.dansometre.ch\/wp-content\/uploads\/DANSOMETRE_2025_RS_10.01.2025_11_ok.jpg","type":"image\/jpeg"}],"author":"sirup","twitter_card":"summary_large_image","twitter_misc":{"Written by":"sirup","Est. reading time":"1 minute"},"schema":{"@context":"https:\/\/schema.org","@graph":[{"@type":"Article","@id":"https:\/\/www.dansometre.ch\/en\/actualite\/presences-performatives-2\/#article","isPartOf":{"@id":"https:\/\/www.dansometre.ch\/en\/actualite\/presences-performatives-2\/"},"author":{"name":"sirup","@id":"https:\/\/www.dansometre.ch\/en\/#\/schema\/person\/7872d0ffd2ff4cd8f17d3e601faec1a1"},"headline":"Pr\u00e9sences performatives","datePublished":"2025-04-14T11:44:36+00:00","dateModified":"2025-07-16T13:48:39+00:00","mainEntityOfPage":{"@id":"https:\/\/www.dansometre.ch\/en\/actualite\/presences-performatives-2\/"},"wordCount":225,"commentCount":0,"publisher":{"@id":"https:\/\/www.dansometre.ch\/en\/#organization"},"image":{"@id":"https:\/\/www.dansometre.ch\/en\/actualite\/presences-performatives-2\/#primaryimage"},"thumbnailUrl":"https:\/\/www.dansometre.ch\/wp-content\/uploads\/DANSOMETRE_2025_RS_10.01.2025_11_ok.jpg","articleSection":["Actualit\u00e9","Rendez-vous pro"],"inLanguage":"en-US"},{"@type":"WebPage","@id":"https:\/\/www.dansometre.ch\/en\/actualite\/presences-performatives-2\/","url":"https:\/\/www.dansometre.ch\/en\/actualite\/presences-performatives-2\/","name":"Pr\u00e9sences performatives - DANSOM\u00c8TRE - espace de cr\u00e9ation chor\u00e9graphique - VEVEY","isPartOf":{"@id":"https:\/\/www.dansometre.ch\/en\/#website"},"primaryImageOfPage":{"@id":"https:\/\/www.dansometre.ch\/en\/actualite\/presences-performatives-2\/#primaryimage"},"image":{"@id":"https:\/\/www.dansometre.ch\/en\/actualite\/presences-performatives-2\/#primaryimage"},"thumbnailUrl":"https:\/\/www.dansometre.ch\/wp-content\/uploads\/DANSOMETRE_2025_RS_10.01.2025_11_ok.jpg","datePublished":"2025-04-14T11:44:36+00:00","dateModified":"2025-07-16T13:48:39+00:00","breadcrumb":{"@id":"https:\/\/www.dansometre.ch\/en\/actualite\/presences-performatives-2\/#breadcrumb"},"inLanguage":"en-US","potentialAction":[{"@type":"ReadAction","target":["https:\/\/www.dansometre.ch\/en\/actualite\/presences-performatives-2\/"]}]},{"@type":"ImageObject","inLanguage":"en-US","@id":"https:\/\/www.dansometre.ch\/en\/actualite\/presences-performatives-2\/#primaryimage","url":"https:\/\/www.dansometre.ch\/wp-content\/uploads\/DANSOMETRE_2025_RS_10.01.2025_11_ok.jpg","contentUrl":"https:\/\/www.dansometre.ch\/wp-content\/uploads\/DANSOMETRE_2025_RS_10.01.2025_11_ok.jpg","width":1080,"height":1080},{"@type":"BreadcrumbList","@id":"https:\/\/www.dansometre.ch\/en\/actualite\/presences-performatives-2\/#breadcrumb","itemListElement":[{"@type":"ListItem","position":1,"name":"Accueil","item":"https:\/\/www.dansometre.ch\/en\/"},{"@type":"ListItem","position":2,"name":"Pr\u00e9sences performatives"}]},{"@type":"WebSite","@id":"https:\/\/www.dansometre.ch\/en\/#website","url":"https:\/\/www.dansometre.ch\/en\/","name":"DANSOM\u00c8TRE - espace de cr\u00e9ation chor\u00e9graphique - VEVEY","description":"","publisher":{"@id":"https:\/\/www.dansometre.ch\/en\/#organization"},"potentialAction":[{"@type":"SearchAction","target":{"@type":"EntryPoint","urlTemplate":"https:\/\/www.dansometre.ch\/en\/?s={search_term_string}"},"query-input":{"@type":"PropertyValueSpecification","valueRequired":true,"valueName":"search_term_string"}}],"inLanguage":"en-US"},{"@type":"Organization","@id":"https:\/\/www.dansometre.ch\/en\/#organization","name":"DANSOM\u00c8TRE - espace de cr\u00e9ation chor\u00e9graphique - VEVEY","url":"https:\/\/www.dansometre.ch\/en\/","logo":{"@type":"ImageObject","inLanguage":"en-US","@id":"https:\/\/www.dansometre.ch\/en\/#\/schema\/logo\/image\/","url":"https:\/\/www.dansometre.ch\/wp-content\/uploads\/favicon.png","contentUrl":"https:\/\/www.dansometre.ch\/wp-content\/uploads\/favicon.png","width":1200,"height":1200,"caption":"DANSOM\u00c8TRE - espace de cr\u00e9ation chor\u00e9graphique - VEVEY"},"image":{"@id":"https:\/\/www.dansometre.ch\/en\/#\/schema\/logo\/image\/"}},{"@type":"Person","@id":"https:\/\/www.dansometre.ch\/en\/#\/schema\/person\/7872d0ffd2ff4cd8f17d3e601faec1a1","name":"sirup","image":{"@type":"ImageObject","inLanguage":"en-US","@id":"https:\/\/secure.gravatar.com\/avatar\/450422d5dd6a25cfca8e469519c9989bb6025f0d9d67fb255fdf4dcc629d255e?s=96&d=mm&r=g","url":"https:\/\/secure.gravatar.com\/avatar\/450422d5dd6a25cfca8e469519c9989bb6025f0d9d67fb255fdf4dcc629d255e?s=96&d=mm&r=g","contentUrl":"https:\/\/secure.gravatar.com\/avatar\/450422d5dd6a25cfca8e469519c9989bb6025f0d9d67fb255fdf4dcc629d255e?s=96&d=mm&r=g","caption":"sirup"},"url":"https:\/\/www.dansometre.ch\/en\/author\/sirup\/"}]}},"mfb_rest_fields":["title","yoast_head","yoast_head_json"],"_links":{"self":[{"href":"https:\/\/www.dansometre.ch\/en\/wp-json\/wp\/v2\/posts\/5240","targetHints":{"allow":["GET"]}}],"collection":[{"href":"https:\/\/www.dansometre.ch\/en\/wp-json\/wp\/v2\/posts"}],"about":[{"href":"https:\/\/www.dansometre.ch\/en\/wp-json\/wp\/v2\/types\/post"}],"author":[{"embeddable":true,"href":"https:\/\/www.dansometre.ch\/en\/wp-json\/wp\/v2\/users\/1"}],"replies":[{"embeddable":true,"href":"https:\/\/www.dansometre.ch\/en\/wp-json\/wp\/v2\/comments?post=5240"}],"version-history":[{"count":1,"href":"https:\/\/www.dansometre.ch\/en\/wp-json\/wp\/v2\/posts\/5240\/revisions"}],"predecessor-version":[{"id":5241,"href":"https:\/\/www.dansometre.ch\/en\/wp-json\/wp\/v2\/posts\/5240\/revisions\/5241"}],"wp:featuredmedia":[{"embeddable":true,"href":"https:\/\/www.dansometre.ch\/en\/wp-json\/wp\/v2\/media\/5242"}],"wp:attachment":[{"href":"https:\/\/www.dansometre.ch\/en\/wp-json\/wp\/v2\/media?parent=5240"}],"wp:term":[{"taxonomy":"category","embeddable":true,"href":"https:\/\/www.dansometre.ch\/en\/wp-json\/wp\/v2\/categories?post=5240"},{"taxonomy":"post_tag","embeddable":true,"href":"https:\/\/www.dansometre.ch\/en\/wp-json\/wp\/v2\/tags?post=5240"}],"curies":[{"name":"wp","href":"https:\/\/api.w.org\/{rel}","templated":true}]}}