{"id":5574,"date":"2025-09-07T18:58:19","date_gmt":"2025-09-07T16:58:19","guid":{"rendered":"https:\/\/www.dansometre.ch\/?p=5574"},"modified":"2025-10-08T09:34:41","modified_gmt":"2025-10-08T07:34:41","slug":"journee-culturelle-en-lsf-2","status":"publish","type":"post","link":"https:\/\/www.dansometre.ch\/en\/ateliers\/journee-culturelle-en-lsf-2\/","title":{"rendered":"Journ\u00e9e culturelle en LSF"},"content":{"rendered":"\n<p>Atelier de mouvement, continuant sa lanc\u00e9e sur la qualit\u00e9 de pr\u00e9sence et la cr\u00e9ativit\u00e9 de chacun.e.<br>Nous irons en premier lieu faire une plong\u00e9e au Mus\u00e9e Jenisch afin de s\u2019impr\u00e9gner des traces des peintres.<br>\u00c0 travers un jeu d\u2019aller-retour entre la main dessinant et le corps dansant, nous explorerons le lien entre papier et espace, crayons et corps, geste traceur et mouvement incarn\u00e9.<\/p>\n\n\n\n<p><strong>INFORMATIONS<\/strong><\/p>\n\n\n\n<p><strong>Ouvert aux personnes pratiquant la LSF, aux personnes sourdes et malentendantes<\/strong><\/p>\n\n\n\n<p><strong>Tarifs<\/strong>\u00a0: CHF 20.- (adulte) \/ CHF 10.- (enfant) (prix conseill\u00e9) \u2013 entr\u00e9e au Mus\u00e9e Jenisch<strong> <\/strong>incluse<\/p>\n\n\n\n<p>\u2013 Gratuit sur pr\u00e9sentation de la carte culture Caritas et la carte S\u00e9same.<br>\u2013 Mode de payement : en cash ou par Twint sur place<\/p>\n\n\n\n<p><strong>Renseignement et inscription<\/strong>&nbsp;:&nbsp;<a href=\"mailto:info@dansometre.ch\"><strong>info@dansometre.ch<\/strong><\/a><\/p>\n\n\n\n<p><strong>PROGRAMME<\/strong><\/p>\n\n\n\n<p>-11h &#8211; 12h : visite du mus\u00e9e <br>-12h &#8211; 13h : retour au Dansom\u00e8tre et pique-nique<br>-13h30 &#8211; 15h : atelier de mouvement<\/p>\n\n\n\n<p><em>Attention, visite et atelier uniquement en langue des signes par Elodie Aubonney.<\/em><br><em>Rendez-vous au&nbsp;<strong>Mus\u00e9e Jenisch \u00e0 10h55.<\/strong>&nbsp;N\u2019oubliez pas vos habits confortables, un carnet, des stylos \/ crayons et votre pique-nique pour la pause de midi. Inscription obligatoire<\/em>.<\/p>\n\n\n\n<p><strong>Accessibilit\u00e9<\/strong>&nbsp;: acc\u00e8s PMR<\/p>\n\n\n\n<p><strong>Lieu :<br><\/strong>Mus\u00e9e Jenisch, Av. de la Gare 2, 1800 Vevey<br>Dansom\u00e8tre, Avenue de Corsier 19, 1800 Vevey<\/p>\n\n\n\n<p>Pour la saison 25-26 et ses projets, le Dansom\u00e8tre est soutenu par :<\/p>\n\n\n\n<figure class=\"wp-block-image size-large\"><a href=\"https:\/\/www.dansometre.ch\/wp-content\/uploads\/DANSOMETRE_25-26_sponsor_logos_980x110px_29.08.jpg\" data-lbwps-width=\"4083\" data-lbwps-height=\"458\" data-lbwps-srcsmall=\"https:\/\/www.dansometre.ch\/wp-content\/uploads\/DANSOMETRE_25-26_sponsor_logos_980x110px_29.08-300x34.jpg\"><img loading=\"lazy\" decoding=\"async\" width=\"1024\" height=\"115\" src=\"https:\/\/www.dansometre.ch\/wp-content\/uploads\/DANSOMETRE_25-26_sponsor_logos_980x110px_29.08-1024x115.jpg\" alt=\"partenaires\" class=\"wp-image-5569\" srcset=\"https:\/\/www.dansometre.ch\/wp-content\/uploads\/DANSOMETRE_25-26_sponsor_logos_980x110px_29.08-1024x115.jpg 1024w, https:\/\/www.dansometre.ch\/wp-content\/uploads\/DANSOMETRE_25-26_sponsor_logos_980x110px_29.08-300x34.jpg 300w, https:\/\/www.dansometre.ch\/wp-content\/uploads\/DANSOMETRE_25-26_sponsor_logos_980x110px_29.08-768x86.jpg 768w, https:\/\/www.dansometre.ch\/wp-content\/uploads\/DANSOMETRE_25-26_sponsor_logos_980x110px_29.08-1536x172.jpg 1536w, https:\/\/www.dansometre.ch\/wp-content\/uploads\/DANSOMETRE_25-26_sponsor_logos_980x110px_29.08-2048x230.jpg 2048w\" sizes=\"auto, (max-width: 1024px) 100vw, 1024px\" \/><\/a><\/figure>\n\n\n\n<p>Photo : \u00a9Ghislaine Heger <br>Mise en forme : Ultrastudio.ch<\/p>\n\n\n\n<p><\/p>\n","protected":false},"excerpt":{"rendered":"<p>Atelier de mouvement, continuant sa lanc\u00e9e sur la qualit\u00e9 de pr\u00e9sence et la cr\u00e9ativit\u00e9 de chacun.e.Nous irons en premier lieu faire une plong\u00e9e au Mus\u00e9e Jenisch afin de s\u2019impr\u00e9gner des traces des peintres.\u00c0 travers un jeu d\u2019aller-retour entre la main dessinant et le corps dansant, nous explorerons le lien entre papier et espace, crayons et [&hellip;]<\/p>\n","protected":false},"author":2,"featured_media":5575,"comment_status":"closed","ping_status":"closed","sticky":false,"template":"","format":"standard","meta":{"_acf_changed":false,"inline_featured_image":false,"footnotes":""},"categories":[80],"tags":[],"class_list":["post-5574","post","type-post","status-publish","format-standard","has-post-thumbnail","hentry","category-ateliers"],"acf":[],"mb":[],"yoast_head":"<!-- This site is optimized with the Yoast SEO plugin v27.3 - https:\/\/yoast.com\/product\/yoast-seo-wordpress\/ -->\n<title>Journ\u00e9e culturelle en LSF - DANSOM\u00c8TRE - espace de cr\u00e9ation chor\u00e9graphique - VEVEY<\/title>\n<meta name=\"robots\" content=\"index, follow, max-snippet:-1, max-image-preview:large, max-video-preview:-1\" \/>\n<link rel=\"canonical\" href=\"https:\/\/www.dansometre.ch\/en\/ateliers\/journee-culturelle-en-lsf-2\/\" \/>\n<meta property=\"og:locale\" content=\"en_US\" \/>\n<meta property=\"og:type\" content=\"article\" \/>\n<meta property=\"og:title\" content=\"Journ\u00e9e culturelle en LSF - DANSOM\u00c8TRE - espace de cr\u00e9ation chor\u00e9graphique - VEVEY\" \/>\n<meta property=\"og:description\" content=\"Atelier de mouvement, continuant sa lanc\u00e9e sur la qualit\u00e9 de pr\u00e9sence et la cr\u00e9ativit\u00e9 de chacun.e.Nous irons en premier lieu faire une plong\u00e9e au Mus\u00e9e Jenisch afin de s\u2019impr\u00e9gner des traces des peintres.\u00c0 travers un jeu d\u2019aller-retour entre la main dessinant et le corps dansant, nous explorerons le lien entre papier et espace, crayons et [&hellip;]\" \/>\n<meta property=\"og:url\" content=\"https:\/\/www.dansometre.ch\/en\/ateliers\/journee-culturelle-en-lsf-2\/\" \/>\n<meta property=\"og:site_name\" content=\"DANSOM\u00c8TRE - espace de cr\u00e9ation chor\u00e9graphique - VEVEY\" \/>\n<meta property=\"article:published_time\" content=\"2025-09-07T16:58:19+00:00\" \/>\n<meta property=\"article:modified_time\" content=\"2025-10-08T07:34:41+00:00\" \/>\n<meta property=\"og:image\" content=\"https:\/\/www.dansometre.ch\/wp-content\/uploads\/DANSOMETRE_2025_RS_1080x1080px_09-12.2025_28.08_2.jpg\" \/>\n\t<meta property=\"og:image:width\" content=\"2160\" \/>\n\t<meta property=\"og:image:height\" content=\"2160\" \/>\n\t<meta property=\"og:image:type\" content=\"image\/jpeg\" \/>\n<meta name=\"author\" content=\"jasmine\" \/>\n<meta name=\"twitter:card\" content=\"summary_large_image\" \/>\n<meta name=\"twitter:label1\" content=\"Written by\" \/>\n\t<meta name=\"twitter:data1\" content=\"jasmine\" \/>\n\t<meta name=\"twitter:label2\" content=\"Est. reading time\" \/>\n\t<meta name=\"twitter:data2\" content=\"2 minutes\" \/>\n<script type=\"application\/ld+json\" class=\"yoast-schema-graph\">{\"@context\":\"https:\\\/\\\/schema.org\",\"@graph\":[{\"@type\":\"Article\",\"@id\":\"https:\\\/\\\/www.dansometre.ch\\\/en\\\/ateliers\\\/journee-culturelle-en-lsf-2\\\/#article\",\"isPartOf\":{\"@id\":\"https:\\\/\\\/www.dansometre.ch\\\/en\\\/ateliers\\\/journee-culturelle-en-lsf-2\\\/\"},\"author\":{\"name\":\"jasmine\",\"@id\":\"https:\\\/\\\/www.dansometre.ch\\\/en\\\/#\\\/schema\\\/person\\\/e4a492ad0b0cb31374af62cb03e5a050\"},\"headline\":\"Journ\u00e9e culturelle en LSF\",\"datePublished\":\"2025-09-07T16:58:19+00:00\",\"dateModified\":\"2025-10-08T07:34:41+00:00\",\"mainEntityOfPage\":{\"@id\":\"https:\\\/\\\/www.dansometre.ch\\\/en\\\/ateliers\\\/journee-culturelle-en-lsf-2\\\/\"},\"wordCount\":242,\"publisher\":{\"@id\":\"https:\\\/\\\/www.dansometre.ch\\\/en\\\/#organization\"},\"image\":{\"@id\":\"https:\\\/\\\/www.dansometre.ch\\\/en\\\/ateliers\\\/journee-culturelle-en-lsf-2\\\/#primaryimage\"},\"thumbnailUrl\":\"https:\\\/\\\/www.dansometre.ch\\\/wp-content\\\/uploads\\\/DANSOMETRE_2025_RS_1080x1080px_09-12.2025_28.08_2.jpg\",\"articleSection\":[\"Ateliers\"],\"inLanguage\":\"en-US\"},{\"@type\":\"WebPage\",\"@id\":\"https:\\\/\\\/www.dansometre.ch\\\/en\\\/ateliers\\\/journee-culturelle-en-lsf-2\\\/\",\"url\":\"https:\\\/\\\/www.dansometre.ch\\\/en\\\/ateliers\\\/journee-culturelle-en-lsf-2\\\/\",\"name\":\"Journ\u00e9e culturelle en LSF - DANSOM\u00c8TRE - espace de cr\u00e9ation chor\u00e9graphique - VEVEY\",\"isPartOf\":{\"@id\":\"https:\\\/\\\/www.dansometre.ch\\\/en\\\/#website\"},\"primaryImageOfPage\":{\"@id\":\"https:\\\/\\\/www.dansometre.ch\\\/en\\\/ateliers\\\/journee-culturelle-en-lsf-2\\\/#primaryimage\"},\"image\":{\"@id\":\"https:\\\/\\\/www.dansometre.ch\\\/en\\\/ateliers\\\/journee-culturelle-en-lsf-2\\\/#primaryimage\"},\"thumbnailUrl\":\"https:\\\/\\\/www.dansometre.ch\\\/wp-content\\\/uploads\\\/DANSOMETRE_2025_RS_1080x1080px_09-12.2025_28.08_2.jpg\",\"datePublished\":\"2025-09-07T16:58:19+00:00\",\"dateModified\":\"2025-10-08T07:34:41+00:00\",\"breadcrumb\":{\"@id\":\"https:\\\/\\\/www.dansometre.ch\\\/en\\\/ateliers\\\/journee-culturelle-en-lsf-2\\\/#breadcrumb\"},\"inLanguage\":\"en-US\",\"potentialAction\":[{\"@type\":\"ReadAction\",\"target\":[\"https:\\\/\\\/www.dansometre.ch\\\/en\\\/ateliers\\\/journee-culturelle-en-lsf-2\\\/\"]}]},{\"@type\":\"ImageObject\",\"inLanguage\":\"en-US\",\"@id\":\"https:\\\/\\\/www.dansometre.ch\\\/en\\\/ateliers\\\/journee-culturelle-en-lsf-2\\\/#primaryimage\",\"url\":\"https:\\\/\\\/www.dansometre.ch\\\/wp-content\\\/uploads\\\/DANSOMETRE_2025_RS_1080x1080px_09-12.2025_28.08_2.jpg\",\"contentUrl\":\"https:\\\/\\\/www.dansometre.ch\\\/wp-content\\\/uploads\\\/DANSOMETRE_2025_RS_1080x1080px_09-12.2025_28.08_2.jpg\",\"width\":2160,\"height\":2160,\"caption\":\"Dansometre_2025_rs_1080x1080px_09-12.2025_28.08_2 DANSOM\u00c8TRE - espace de cr\u00e9ation chor\u00e9graphique - VEVEY\"},{\"@type\":\"BreadcrumbList\",\"@id\":\"https:\\\/\\\/www.dansometre.ch\\\/en\\\/ateliers\\\/journee-culturelle-en-lsf-2\\\/#breadcrumb\",\"itemListElement\":[{\"@type\":\"ListItem\",\"position\":1,\"name\":\"Accueil\",\"item\":\"https:\\\/\\\/www.dansometre.ch\\\/en\\\/\"},{\"@type\":\"ListItem\",\"position\":2,\"name\":\"Journ\u00e9e culturelle en LSF\"}]},{\"@type\":\"WebSite\",\"@id\":\"https:\\\/\\\/www.dansometre.ch\\\/en\\\/#website\",\"url\":\"https:\\\/\\\/www.dansometre.ch\\\/en\\\/\",\"name\":\"DANSOM\u00c8TRE - espace de cr\u00e9ation chor\u00e9graphique - VEVEY\",\"description\":\"\",\"publisher\":{\"@id\":\"https:\\\/\\\/www.dansometre.ch\\\/en\\\/#organization\"},\"potentialAction\":[{\"@type\":\"SearchAction\",\"target\":{\"@type\":\"EntryPoint\",\"urlTemplate\":\"https:\\\/\\\/www.dansometre.ch\\\/en\\\/?s={search_term_string}\"},\"query-input\":{\"@type\":\"PropertyValueSpecification\",\"valueRequired\":true,\"valueName\":\"search_term_string\"}}],\"inLanguage\":\"en-US\"},{\"@type\":\"Organization\",\"@id\":\"https:\\\/\\\/www.dansometre.ch\\\/en\\\/#organization\",\"name\":\"DANSOM\u00c8TRE - espace de cr\u00e9ation chor\u00e9graphique - VEVEY\",\"url\":\"https:\\\/\\\/www.dansometre.ch\\\/en\\\/\",\"logo\":{\"@type\":\"ImageObject\",\"inLanguage\":\"en-US\",\"@id\":\"https:\\\/\\\/www.dansometre.ch\\\/en\\\/#\\\/schema\\\/logo\\\/image\\\/\",\"url\":\"https:\\\/\\\/www.dansometre.ch\\\/wp-content\\\/uploads\\\/favicon.png\",\"contentUrl\":\"https:\\\/\\\/www.dansometre.ch\\\/wp-content\\\/uploads\\\/favicon.png\",\"width\":1200,\"height\":1200,\"caption\":\"DANSOM\u00c8TRE - espace de cr\u00e9ation chor\u00e9graphique - VEVEY\"},\"image\":{\"@id\":\"https:\\\/\\\/www.dansometre.ch\\\/en\\\/#\\\/schema\\\/logo\\\/image\\\/\"}},{\"@type\":\"Person\",\"@id\":\"https:\\\/\\\/www.dansometre.ch\\\/en\\\/#\\\/schema\\\/person\\\/e4a492ad0b0cb31374af62cb03e5a050\",\"name\":\"jasmine\",\"image\":{\"@type\":\"ImageObject\",\"inLanguage\":\"en-US\",\"@id\":\"https:\\\/\\\/secure.gravatar.com\\\/avatar\\\/17af7ce1d97fddf2be9fcb6d28b59eda9f84b49e46ceb695d1455b7c5437fcc4?s=96&d=mm&r=g\",\"url\":\"https:\\\/\\\/secure.gravatar.com\\\/avatar\\\/17af7ce1d97fddf2be9fcb6d28b59eda9f84b49e46ceb695d1455b7c5437fcc4?s=96&d=mm&r=g\",\"contentUrl\":\"https:\\\/\\\/secure.gravatar.com\\\/avatar\\\/17af7ce1d97fddf2be9fcb6d28b59eda9f84b49e46ceb695d1455b7c5437fcc4?s=96&d=mm&r=g\",\"caption\":\"jasmine\"},\"url\":\"https:\\\/\\\/www.dansometre.ch\\\/en\\\/author\\\/jasmine\\\/\"}]}<\/script>\n<!-- \/ Yoast SEO plugin. -->","yoast_head_json":{"title":"Journ\u00e9e culturelle en LSF - DANSOM\u00c8TRE - espace de cr\u00e9ation chor\u00e9graphique - VEVEY","robots":{"index":"index","follow":"follow","max-snippet":"max-snippet:-1","max-image-preview":"max-image-preview:large","max-video-preview":"max-video-preview:-1"},"canonical":"https:\/\/www.dansometre.ch\/en\/ateliers\/journee-culturelle-en-lsf-2\/","og_locale":"en_US","og_type":"article","og_title":"Journ\u00e9e culturelle en LSF - DANSOM\u00c8TRE - espace de cr\u00e9ation chor\u00e9graphique - VEVEY","og_description":"Atelier de mouvement, continuant sa lanc\u00e9e sur la qualit\u00e9 de pr\u00e9sence et la cr\u00e9ativit\u00e9 de chacun.e.Nous irons en premier lieu faire une plong\u00e9e au Mus\u00e9e Jenisch afin de s\u2019impr\u00e9gner des traces des peintres.\u00c0 travers un jeu d\u2019aller-retour entre la main dessinant et le corps dansant, nous explorerons le lien entre papier et espace, crayons et [&hellip;]","og_url":"https:\/\/www.dansometre.ch\/en\/ateliers\/journee-culturelle-en-lsf-2\/","og_site_name":"DANSOM\u00c8TRE - espace de cr\u00e9ation chor\u00e9graphique - VEVEY","article_published_time":"2025-09-07T16:58:19+00:00","article_modified_time":"2025-10-08T07:34:41+00:00","og_image":[{"width":2160,"height":2160,"url":"https:\/\/www.dansometre.ch\/wp-content\/uploads\/DANSOMETRE_2025_RS_1080x1080px_09-12.2025_28.08_2.jpg","type":"image\/jpeg"}],"author":"jasmine","twitter_card":"summary_large_image","twitter_misc":{"Written by":"jasmine","Est. reading time":"2 minutes"},"schema":{"@context":"https:\/\/schema.org","@graph":[{"@type":"Article","@id":"https:\/\/www.dansometre.ch\/en\/ateliers\/journee-culturelle-en-lsf-2\/#article","isPartOf":{"@id":"https:\/\/www.dansometre.ch\/en\/ateliers\/journee-culturelle-en-lsf-2\/"},"author":{"name":"jasmine","@id":"https:\/\/www.dansometre.ch\/en\/#\/schema\/person\/e4a492ad0b0cb31374af62cb03e5a050"},"headline":"Journ\u00e9e culturelle en LSF","datePublished":"2025-09-07T16:58:19+00:00","dateModified":"2025-10-08T07:34:41+00:00","mainEntityOfPage":{"@id":"https:\/\/www.dansometre.ch\/en\/ateliers\/journee-culturelle-en-lsf-2\/"},"wordCount":242,"publisher":{"@id":"https:\/\/www.dansometre.ch\/en\/#organization"},"image":{"@id":"https:\/\/www.dansometre.ch\/en\/ateliers\/journee-culturelle-en-lsf-2\/#primaryimage"},"thumbnailUrl":"https:\/\/www.dansometre.ch\/wp-content\/uploads\/DANSOMETRE_2025_RS_1080x1080px_09-12.2025_28.08_2.jpg","articleSection":["Ateliers"],"inLanguage":"en-US"},{"@type":"WebPage","@id":"https:\/\/www.dansometre.ch\/en\/ateliers\/journee-culturelle-en-lsf-2\/","url":"https:\/\/www.dansometre.ch\/en\/ateliers\/journee-culturelle-en-lsf-2\/","name":"Journ\u00e9e culturelle en LSF - DANSOM\u00c8TRE - espace de cr\u00e9ation chor\u00e9graphique - VEVEY","isPartOf":{"@id":"https:\/\/www.dansometre.ch\/en\/#website"},"primaryImageOfPage":{"@id":"https:\/\/www.dansometre.ch\/en\/ateliers\/journee-culturelle-en-lsf-2\/#primaryimage"},"image":{"@id":"https:\/\/www.dansometre.ch\/en\/ateliers\/journee-culturelle-en-lsf-2\/#primaryimage"},"thumbnailUrl":"https:\/\/www.dansometre.ch\/wp-content\/uploads\/DANSOMETRE_2025_RS_1080x1080px_09-12.2025_28.08_2.jpg","datePublished":"2025-09-07T16:58:19+00:00","dateModified":"2025-10-08T07:34:41+00:00","breadcrumb":{"@id":"https:\/\/www.dansometre.ch\/en\/ateliers\/journee-culturelle-en-lsf-2\/#breadcrumb"},"inLanguage":"en-US","potentialAction":[{"@type":"ReadAction","target":["https:\/\/www.dansometre.ch\/en\/ateliers\/journee-culturelle-en-lsf-2\/"]}]},{"@type":"ImageObject","inLanguage":"en-US","@id":"https:\/\/www.dansometre.ch\/en\/ateliers\/journee-culturelle-en-lsf-2\/#primaryimage","url":"https:\/\/www.dansometre.ch\/wp-content\/uploads\/DANSOMETRE_2025_RS_1080x1080px_09-12.2025_28.08_2.jpg","contentUrl":"https:\/\/www.dansometre.ch\/wp-content\/uploads\/DANSOMETRE_2025_RS_1080x1080px_09-12.2025_28.08_2.jpg","width":2160,"height":2160,"caption":"Dansometre_2025_rs_1080x1080px_09-12.2025_28.08_2 DANSOM\u00c8TRE - espace de cr\u00e9ation chor\u00e9graphique - VEVEY"},{"@type":"BreadcrumbList","@id":"https:\/\/www.dansometre.ch\/en\/ateliers\/journee-culturelle-en-lsf-2\/#breadcrumb","itemListElement":[{"@type":"ListItem","position":1,"name":"Accueil","item":"https:\/\/www.dansometre.ch\/en\/"},{"@type":"ListItem","position":2,"name":"Journ\u00e9e culturelle en LSF"}]},{"@type":"WebSite","@id":"https:\/\/www.dansometre.ch\/en\/#website","url":"https:\/\/www.dansometre.ch\/en\/","name":"DANSOM\u00c8TRE - espace de cr\u00e9ation chor\u00e9graphique - VEVEY","description":"","publisher":{"@id":"https:\/\/www.dansometre.ch\/en\/#organization"},"potentialAction":[{"@type":"SearchAction","target":{"@type":"EntryPoint","urlTemplate":"https:\/\/www.dansometre.ch\/en\/?s={search_term_string}"},"query-input":{"@type":"PropertyValueSpecification","valueRequired":true,"valueName":"search_term_string"}}],"inLanguage":"en-US"},{"@type":"Organization","@id":"https:\/\/www.dansometre.ch\/en\/#organization","name":"DANSOM\u00c8TRE - espace de cr\u00e9ation chor\u00e9graphique - VEVEY","url":"https:\/\/www.dansometre.ch\/en\/","logo":{"@type":"ImageObject","inLanguage":"en-US","@id":"https:\/\/www.dansometre.ch\/en\/#\/schema\/logo\/image\/","url":"https:\/\/www.dansometre.ch\/wp-content\/uploads\/favicon.png","contentUrl":"https:\/\/www.dansometre.ch\/wp-content\/uploads\/favicon.png","width":1200,"height":1200,"caption":"DANSOM\u00c8TRE - espace de cr\u00e9ation chor\u00e9graphique - VEVEY"},"image":{"@id":"https:\/\/www.dansometre.ch\/en\/#\/schema\/logo\/image\/"}},{"@type":"Person","@id":"https:\/\/www.dansometre.ch\/en\/#\/schema\/person\/e4a492ad0b0cb31374af62cb03e5a050","name":"jasmine","image":{"@type":"ImageObject","inLanguage":"en-US","@id":"https:\/\/secure.gravatar.com\/avatar\/17af7ce1d97fddf2be9fcb6d28b59eda9f84b49e46ceb695d1455b7c5437fcc4?s=96&d=mm&r=g","url":"https:\/\/secure.gravatar.com\/avatar\/17af7ce1d97fddf2be9fcb6d28b59eda9f84b49e46ceb695d1455b7c5437fcc4?s=96&d=mm&r=g","contentUrl":"https:\/\/secure.gravatar.com\/avatar\/17af7ce1d97fddf2be9fcb6d28b59eda9f84b49e46ceb695d1455b7c5437fcc4?s=96&d=mm&r=g","caption":"jasmine"},"url":"https:\/\/www.dansometre.ch\/en\/author\/jasmine\/"}]}},"mfb_rest_fields":["title","yoast_head","yoast_head_json"],"_links":{"self":[{"href":"https:\/\/www.dansometre.ch\/en\/wp-json\/wp\/v2\/posts\/5574","targetHints":{"allow":["GET"]}}],"collection":[{"href":"https:\/\/www.dansometre.ch\/en\/wp-json\/wp\/v2\/posts"}],"about":[{"href":"https:\/\/www.dansometre.ch\/en\/wp-json\/wp\/v2\/types\/post"}],"author":[{"embeddable":true,"href":"https:\/\/www.dansometre.ch\/en\/wp-json\/wp\/v2\/users\/2"}],"replies":[{"embeddable":true,"href":"https:\/\/www.dansometre.ch\/en\/wp-json\/wp\/v2\/comments?post=5574"}],"version-history":[{"count":4,"href":"https:\/\/www.dansometre.ch\/en\/wp-json\/wp\/v2\/posts\/5574\/revisions"}],"predecessor-version":[{"id":5709,"href":"https:\/\/www.dansometre.ch\/en\/wp-json\/wp\/v2\/posts\/5574\/revisions\/5709"}],"wp:featuredmedia":[{"embeddable":true,"href":"https:\/\/www.dansometre.ch\/en\/wp-json\/wp\/v2\/media\/5575"}],"wp:attachment":[{"href":"https:\/\/www.dansometre.ch\/en\/wp-json\/wp\/v2\/media?parent=5574"}],"wp:term":[{"taxonomy":"category","embeddable":true,"href":"https:\/\/www.dansometre.ch\/en\/wp-json\/wp\/v2\/categories?post=5574"},{"taxonomy":"post_tag","embeddable":true,"href":"https:\/\/www.dansometre.ch\/en\/wp-json\/wp\/v2\/tags?post=5574"}],"curies":[{"name":"wp","href":"https:\/\/api.w.org\/{rel}","templated":true}]}}