{"id":5975,"date":"2026-01-03T15:02:29","date_gmt":"2026-01-03T14:02:29","guid":{"rendered":"https:\/\/www.dansometre.ch\/?p=5975"},"modified":"2026-01-21T13:55:03","modified_gmt":"2026-01-21T12:55:03","slug":"choregraphiques11","status":"publish","type":"post","link":"https:\/\/www.dansometre.ch\/en\/evenement-public\/choregraphiques11\/","title":{"rendered":"Chor\u00e9graphiques#11"},"content":{"rendered":"\n<p><strong>Les Chor\u00e9graphiques#11<br>du 7 au 11 janvier 2026 \u00e0 l&#8217;Oriental-Vevey<\/strong><\/p>\n\n\n\n<p>Me-je-ve 20h | sa 19h | di 17h30<br>R\u00e9servations : 021 925 35 90 ou : <strong><a href=\"https:\/\/www.orientalvevey.ch\/index.php?s=choregraphiques_11&amp;id=270\" target=\"_blank\" rel=\"noreferrer noopener\">ici<\/a><\/strong><br>Oriental-Vevey : Rue d\u2018Italie 22, 1800 Vevey<\/p>\n\n\n\n<p>Le Dansom\u00e8tre et L\u2019Oriental-Vevey pr\u00e9sentent la onzi\u00e8me \u00e9dition des Chor\u00e9graphiques.<\/p>\n\n\n\n<p><strong>COMING SOON<\/strong><br>Soraya Leila Emery<br><br>Coming Soon est le deuxi\u00e8me volet d\u2019une trilogie chor\u00e9graphique sur le plaisir f\u00e9minin, initi\u00e9e avec TURN ON en 2024. Ce solo poursuit l\u2019exploration du plaisir et du regard f\u00e9minin. Inspir\u00e9e par La Grande Odalisque de Ingres, la danseuse revendique et subvertit cette figure embl\u00e9matique, habituellement repr\u00e9sent\u00e9e comme passive et objectiv\u00e9e sous le prisme du male gaze. Avec humour, force et d\u00e9licatesse, Coming Soon transforme le d\u00e9sir en une puissance autonome, lib\u00e9r\u00e9e des regards qui l\u2019enferment.&nbsp;<\/p>\n\n\n\n<figure class=\"wp-block-image size-large\"><a href=\"https:\/\/www.dansometre.ch\/wp-content\/uploads\/odalisque6-credits_Veronika-Kulcsar.jpg\" data-lbwps-width=\"5760\" data-lbwps-height=\"3840\" data-lbwps-srcsmall=\"https:\/\/www.dansometre.ch\/wp-content\/uploads\/odalisque6-credits_Veronika-Kulcsar-300x200.jpg\"><img loading=\"lazy\" decoding=\"async\" width=\"1024\" height=\"683\" src=\"https:\/\/www.dansometre.ch\/wp-content\/uploads\/odalisque6-credits_Veronika-Kulcsar-1024x683.jpg\" alt=\"Odalisque6-credits_veronika Kulcsar DANSOM\u00c8TRE - espace de cr\u00e9ation chor\u00e9graphique - VEVEY\" class=\"wp-image-5978\" srcset=\"https:\/\/www.dansometre.ch\/wp-content\/uploads\/odalisque6-credits_Veronika-Kulcsar-1024x683.jpg 1024w, https:\/\/www.dansometre.ch\/wp-content\/uploads\/odalisque6-credits_Veronika-Kulcsar-300x200.jpg 300w, https:\/\/www.dansometre.ch\/wp-content\/uploads\/odalisque6-credits_Veronika-Kulcsar-768x512.jpg 768w, https:\/\/www.dansometre.ch\/wp-content\/uploads\/odalisque6-credits_Veronika-Kulcsar-1536x1024.jpg 1536w, https:\/\/www.dansometre.ch\/wp-content\/uploads\/odalisque6-credits_Veronika-Kulcsar-2048x1365.jpg 2048w\" sizes=\"auto, (max-width: 1024px) 100vw, 1024px\" \/><\/a><\/figure>\n\n\n\n<p>\u00a9Veronika Kulcsar<\/p>\n\n\n\n<p><strong>Performance, chor\u00e9graphie, direction artistique, concept<\/strong>&nbsp;: Soraya Leila Emery&nbsp;<strong>Costume et sc\u00e9nographie&nbsp;<\/strong>: Moni&nbsp;Wespi&nbsp;<strong>Cr\u00e9ation sonore<\/strong>&nbsp;: Sinan Moses&nbsp;<strong>Cr\u00e9ation lumi\u00e8re<\/strong> :&nbsp;Ursula Degen&nbsp;<strong>Mentorat<\/strong>&nbsp;: Ulduz&nbsp;Ahmadzadeh&nbsp;<strong>Coaching<\/strong>&nbsp;: Georgia Paliogianni&nbsp;<strong>Expertise histoire de l\u2019art<\/strong>&nbsp;: Hortense Belh\u00f4te&nbsp;<strong>Responsable production<\/strong> :&nbsp;Romeo Oliveras&nbsp;<strong>Responsable diffusion<\/strong> :&nbsp;Simon Fleury&nbsp;<strong>Production<\/strong> :&nbsp;hot stuff&nbsp;<strong>Coproduction<\/strong>&nbsp;Tanzhaus Z\u00fcrich&nbsp;<strong>avec le soutien<\/strong>&nbsp;<strong>de<\/strong>&nbsp;Stadt Z\u00fcrich, Fachstelle&nbsp;Kultur&nbsp;Kanton Z\u00fcrich, Anne Marie Schindler Stiftung, Pro Helvetia Swiss Arts Council<\/p>\n\n\n\n<p><strong>+<\/strong><\/p>\n\n\n\n<p><strong>SCARLATTI IN MOVIMENTO<\/strong><br>Cie Nicolas Turicchia<br><br>Domenico Scarlatti est c\u00e9l\u00e8bre pour ses 555 sonates pour clavecin, chefs-d\u2019\u0153uvre de virtuosit\u00e9 et d\u2019expressivit\u00e9. Scarlatti in Movimento propose une exp\u00e9rience qui explore la relation entre les sonates de Scarlatti et la danse. La claveciniste joue un r\u00f4le central, interpr\u00e9tant, d\u00e9coupant, improvisant sur ces sonates alors que les danseurs, tous exp\u00e9riment\u00e9s et \u00e2g\u00e9s de plus de 50 ans traduisent cette musique par le mouvement. Public et danseurs, \u00e9coutons quelques-unes de ces sonates, \u00e9vadons-nous dans des paysages imaginaires et dansons!<\/p>\n\n\n\n<figure class=\"wp-block-image size-large\"><a href=\"https:\/\/www.dansometre.ch\/wp-content\/uploads\/P1155738.jpg\" data-lbwps-width=\"5028\" data-lbwps-height=\"3771\" data-lbwps-srcsmall=\"https:\/\/www.dansometre.ch\/wp-content\/uploads\/P1155738-300x225.jpg\"><img loading=\"lazy\" decoding=\"async\" width=\"1024\" height=\"768\" src=\"https:\/\/www.dansometre.ch\/wp-content\/uploads\/P1155738-1024x768.jpg\" alt=\"P1155738 DANSOM\u00c8TRE - espace de cr\u00e9ation chor\u00e9graphique - VEVEY\" class=\"wp-image-5980\" srcset=\"https:\/\/www.dansometre.ch\/wp-content\/uploads\/P1155738-1024x768.jpg 1024w, https:\/\/www.dansometre.ch\/wp-content\/uploads\/P1155738-300x225.jpg 300w, https:\/\/www.dansometre.ch\/wp-content\/uploads\/P1155738-768x576.jpg 768w, https:\/\/www.dansometre.ch\/wp-content\/uploads\/P1155738-1536x1152.jpg 1536w, https:\/\/www.dansometre.ch\/wp-content\/uploads\/P1155738-2048x1536.jpg 2048w\" sizes=\"auto, (max-width: 1024px) 100vw, 1024px\" \/><\/a><\/figure>\n\n\n\n<p><strong>Concept et chor\u00e9graphique en collaboration avec l&#8217;\u00e9quipe<\/strong> : Nicolas Turicchia&nbsp;<strong>Clavecin<\/strong>&nbsp;: Daniela Numico&nbsp;<strong>Cr\u00e9ation mouvement et interpr\u00e9tation :&nbsp;<\/strong>Fabio Bergamaschi, Krassen&nbsp;Krastev, Nicolas Turicchia&nbsp;<strong>Costumes<\/strong> :&nbsp;Joanie Ecuyer&nbsp;<strong>Conception et dispositif lumi\u00e8re :&nbsp;<\/strong>Nicolas Turicchia&nbsp;<strong>Sc\u00e9nographie<\/strong>&nbsp;: Sylvain Croci-Torti&nbsp;<strong>Oeil&nbsp;ext\u00e9rieur&nbsp;<\/strong>: Julien Mages&nbsp;<strong>Administration<\/strong>&nbsp;: Amandine Dubach&nbsp;<strong>Coproduction et cr\u00e9ation :&nbsp;<\/strong>Th\u00e9\u00e2tre du Crochetan&nbsp;<strong>avec le soutien<\/strong>&nbsp;de l&#8217;Etat du Valais, la Loterie Romande, la Fondation Ernst G\u00f6hner&nbsp;<\/p>\n\n\n\n<p>Pour la saison 25-26 et ses projets, le Dansom\u00e8tre est soutenu par : <\/p>\n\n\n\n<figure class=\"wp-block-image size-full\"><a href=\"https:\/\/www.dansometre.ch\/wp-content\/uploads\/DANSOMETRE_25-26_sponsors_logos_980x110px_07.01.26_bis_1.jpg\" data-lbwps-width=\"4083\" data-lbwps-height=\"458\" data-lbwps-srcsmall=\"https:\/\/www.dansometre.ch\/wp-content\/uploads\/DANSOMETRE_25-26_sponsors_logos_980x110px_07.01.26_bis_1-300x34.jpg\"><img loading=\"lazy\" decoding=\"async\" width=\"2560\" height=\"287\" src=\"https:\/\/www.dansometre.ch\/wp-content\/uploads\/DANSOMETRE_25-26_sponsors_logos_980x110px_07.01.26_bis_1-scaled.jpg\" alt=\"Dansometre_25-26_sponsors_logos_980x110px_07.01.26_bis_1 DANSOM\u00c8TRE - espace de cr\u00e9ation chor\u00e9graphique - VEVEY\" class=\"wp-image-6059\" srcset=\"https:\/\/www.dansometre.ch\/wp-content\/uploads\/DANSOMETRE_25-26_sponsors_logos_980x110px_07.01.26_bis_1-scaled.jpg 2560w, https:\/\/www.dansometre.ch\/wp-content\/uploads\/DANSOMETRE_25-26_sponsors_logos_980x110px_07.01.26_bis_1-300x34.jpg 300w, https:\/\/www.dansometre.ch\/wp-content\/uploads\/DANSOMETRE_25-26_sponsors_logos_980x110px_07.01.26_bis_1-1024x115.jpg 1024w, https:\/\/www.dansometre.ch\/wp-content\/uploads\/DANSOMETRE_25-26_sponsors_logos_980x110px_07.01.26_bis_1-768x86.jpg 768w, https:\/\/www.dansometre.ch\/wp-content\/uploads\/DANSOMETRE_25-26_sponsors_logos_980x110px_07.01.26_bis_1-1536x172.jpg 1536w, https:\/\/www.dansometre.ch\/wp-content\/uploads\/DANSOMETRE_25-26_sponsors_logos_980x110px_07.01.26_bis_1-2048x230.jpg 2048w\" sizes=\"auto, (max-width: 2560px) 100vw, 2560px\" \/><\/a><\/figure>\n\n\n\n<p>Photo et mise en forme : Ultrastudio.<\/p>\n","protected":false},"excerpt":{"rendered":"<p>Les Chor\u00e9graphiques#11du 7 au 11 janvier 2026 \u00e0 l&#8217;Oriental-Vevey Me-je-ve 20h | sa 19h | di 17h30R\u00e9servations : 021 925 35 90 ou : iciOriental-Vevey : Rue d\u2018Italie 22, 1800 Vevey Le Dansom\u00e8tre et L\u2019Oriental-Vevey pr\u00e9sentent la onzi\u00e8me \u00e9dition des Chor\u00e9graphiques. COMING SOONSoraya Leila Emery Coming Soon est le deuxi\u00e8me volet d\u2019une trilogie chor\u00e9graphique sur [&hellip;]<\/p>\n","protected":false},"author":2,"featured_media":5976,"comment_status":"closed","ping_status":"closed","sticky":false,"template":"","format":"standard","meta":{"_acf_changed":false,"inline_featured_image":false,"footnotes":""},"categories":[52,82,81],"tags":[],"class_list":["post-5975","post","type-post","status-publish","format-standard","has-post-thumbnail","hentry","category-evenement-public","category-evenements-paralleles","category-spectacles-soirees"],"acf":[],"mb":[],"yoast_head":"<!-- This site is optimized with the Yoast SEO plugin v27.3 - https:\/\/yoast.com\/product\/yoast-seo-wordpress\/ -->\n<title>Chor\u00e9graphiques#11 - DANSOM\u00c8TRE - espace de cr\u00e9ation chor\u00e9graphique - VEVEY<\/title>\n<meta name=\"robots\" content=\"index, follow, max-snippet:-1, max-image-preview:large, max-video-preview:-1\" \/>\n<link rel=\"canonical\" href=\"https:\/\/www.dansometre.ch\/en\/evenement-public\/choregraphiques11\/\" \/>\n<meta property=\"og:locale\" content=\"en_US\" \/>\n<meta property=\"og:type\" content=\"article\" \/>\n<meta property=\"og:title\" content=\"Chor\u00e9graphiques#11 - DANSOM\u00c8TRE - espace de cr\u00e9ation chor\u00e9graphique - VEVEY\" \/>\n<meta property=\"og:description\" content=\"Les Chor\u00e9graphiques#11du 7 au 11 janvier 2026 \u00e0 l&#8217;Oriental-Vevey Me-je-ve 20h | sa 19h | di 17h30R\u00e9servations : 021 925 35 90 ou : iciOriental-Vevey : Rue d\u2018Italie 22, 1800 Vevey Le Dansom\u00e8tre et L\u2019Oriental-Vevey pr\u00e9sentent la onzi\u00e8me \u00e9dition des Chor\u00e9graphiques. COMING SOONSoraya Leila Emery Coming Soon est le deuxi\u00e8me volet d\u2019une trilogie chor\u00e9graphique sur [&hellip;]\" \/>\n<meta property=\"og:url\" content=\"https:\/\/www.dansometre.ch\/en\/evenement-public\/choregraphiques11\/\" \/>\n<meta property=\"og:site_name\" content=\"DANSOM\u00c8TRE - espace de cr\u00e9ation chor\u00e9graphique - VEVEY\" \/>\n<meta property=\"article:published_time\" content=\"2026-01-03T14:02:29+00:00\" \/>\n<meta property=\"article:modified_time\" content=\"2026-01-21T12:55:03+00:00\" \/>\n<meta property=\"og:image\" content=\"https:\/\/www.dansometre.ch\/wp-content\/uploads\/DANSOMETRE_1080x1080px_29.01.2024_chore-scaled.jpg\" \/>\n\t<meta property=\"og:image:width\" content=\"2560\" \/>\n\t<meta property=\"og:image:height\" content=\"2560\" \/>\n\t<meta property=\"og:image:type\" content=\"image\/jpeg\" \/>\n<meta name=\"author\" content=\"jasmine\" \/>\n<meta name=\"twitter:card\" content=\"summary_large_image\" \/>\n<meta name=\"twitter:label1\" content=\"Written by\" \/>\n\t<meta name=\"twitter:data1\" content=\"jasmine\" \/>\n\t<meta name=\"twitter:label2\" content=\"Est. reading time\" \/>\n\t<meta name=\"twitter:data2\" content=\"3 minutes\" \/>\n<script type=\"application\/ld+json\" class=\"yoast-schema-graph\">{\"@context\":\"https:\\\/\\\/schema.org\",\"@graph\":[{\"@type\":\"Article\",\"@id\":\"https:\\\/\\\/www.dansometre.ch\\\/en\\\/evenement-public\\\/choregraphiques11\\\/#article\",\"isPartOf\":{\"@id\":\"https:\\\/\\\/www.dansometre.ch\\\/en\\\/evenement-public\\\/choregraphiques11\\\/\"},\"author\":{\"name\":\"jasmine\",\"@id\":\"https:\\\/\\\/www.dansometre.ch\\\/en\\\/#\\\/schema\\\/person\\\/e4a492ad0b0cb31374af62cb03e5a050\"},\"headline\":\"Chor\u00e9graphiques#11\",\"datePublished\":\"2026-01-03T14:02:29+00:00\",\"dateModified\":\"2026-01-21T12:55:03+00:00\",\"mainEntityOfPage\":{\"@id\":\"https:\\\/\\\/www.dansometre.ch\\\/en\\\/evenement-public\\\/choregraphiques11\\\/\"},\"wordCount\":449,\"publisher\":{\"@id\":\"https:\\\/\\\/www.dansometre.ch\\\/en\\\/#organization\"},\"image\":{\"@id\":\"https:\\\/\\\/www.dansometre.ch\\\/en\\\/evenement-public\\\/choregraphiques11\\\/#primaryimage\"},\"thumbnailUrl\":\"https:\\\/\\\/www.dansometre.ch\\\/wp-content\\\/uploads\\\/DANSOMETRE_1080x1080px_29.01.2024_chore-scaled.jpg\",\"articleSection\":[\"\u00e9v\u00e9nement public\",\"\u00c9v\u00e9nements parall\u00e8les\",\"Spectacles et soir\u00e9es\"],\"inLanguage\":\"en-US\"},{\"@type\":\"WebPage\",\"@id\":\"https:\\\/\\\/www.dansometre.ch\\\/en\\\/evenement-public\\\/choregraphiques11\\\/\",\"url\":\"https:\\\/\\\/www.dansometre.ch\\\/en\\\/evenement-public\\\/choregraphiques11\\\/\",\"name\":\"Chor\u00e9graphiques#11 - DANSOM\u00c8TRE - espace de cr\u00e9ation chor\u00e9graphique - VEVEY\",\"isPartOf\":{\"@id\":\"https:\\\/\\\/www.dansometre.ch\\\/en\\\/#website\"},\"primaryImageOfPage\":{\"@id\":\"https:\\\/\\\/www.dansometre.ch\\\/en\\\/evenement-public\\\/choregraphiques11\\\/#primaryimage\"},\"image\":{\"@id\":\"https:\\\/\\\/www.dansometre.ch\\\/en\\\/evenement-public\\\/choregraphiques11\\\/#primaryimage\"},\"thumbnailUrl\":\"https:\\\/\\\/www.dansometre.ch\\\/wp-content\\\/uploads\\\/DANSOMETRE_1080x1080px_29.01.2024_chore-scaled.jpg\",\"datePublished\":\"2026-01-03T14:02:29+00:00\",\"dateModified\":\"2026-01-21T12:55:03+00:00\",\"breadcrumb\":{\"@id\":\"https:\\\/\\\/www.dansometre.ch\\\/en\\\/evenement-public\\\/choregraphiques11\\\/#breadcrumb\"},\"inLanguage\":\"en-US\",\"potentialAction\":[{\"@type\":\"ReadAction\",\"target\":[\"https:\\\/\\\/www.dansometre.ch\\\/en\\\/evenement-public\\\/choregraphiques11\\\/\"]}]},{\"@type\":\"ImageObject\",\"inLanguage\":\"en-US\",\"@id\":\"https:\\\/\\\/www.dansometre.ch\\\/en\\\/evenement-public\\\/choregraphiques11\\\/#primaryimage\",\"url\":\"https:\\\/\\\/www.dansometre.ch\\\/wp-content\\\/uploads\\\/DANSOMETRE_1080x1080px_29.01.2024_chore-scaled.jpg\",\"contentUrl\":\"https:\\\/\\\/www.dansometre.ch\\\/wp-content\\\/uploads\\\/DANSOMETRE_1080x1080px_29.01.2024_chore-scaled.jpg\",\"width\":2560,\"height\":2560,\"caption\":\"Dansometre_1080x1080px_29.01.2024_chore DANSOM\u00c8TRE - espace de cr\u00e9ation chor\u00e9graphique - VEVEY\"},{\"@type\":\"BreadcrumbList\",\"@id\":\"https:\\\/\\\/www.dansometre.ch\\\/en\\\/evenement-public\\\/choregraphiques11\\\/#breadcrumb\",\"itemListElement\":[{\"@type\":\"ListItem\",\"position\":1,\"name\":\"Accueil\",\"item\":\"https:\\\/\\\/www.dansometre.ch\\\/en\\\/\"},{\"@type\":\"ListItem\",\"position\":2,\"name\":\"Chor\u00e9graphiques#11\"}]},{\"@type\":\"WebSite\",\"@id\":\"https:\\\/\\\/www.dansometre.ch\\\/en\\\/#website\",\"url\":\"https:\\\/\\\/www.dansometre.ch\\\/en\\\/\",\"name\":\"DANSOM\u00c8TRE - espace de cr\u00e9ation chor\u00e9graphique - VEVEY\",\"description\":\"\",\"publisher\":{\"@id\":\"https:\\\/\\\/www.dansometre.ch\\\/en\\\/#organization\"},\"potentialAction\":[{\"@type\":\"SearchAction\",\"target\":{\"@type\":\"EntryPoint\",\"urlTemplate\":\"https:\\\/\\\/www.dansometre.ch\\\/en\\\/?s={search_term_string}\"},\"query-input\":{\"@type\":\"PropertyValueSpecification\",\"valueRequired\":true,\"valueName\":\"search_term_string\"}}],\"inLanguage\":\"en-US\"},{\"@type\":\"Organization\",\"@id\":\"https:\\\/\\\/www.dansometre.ch\\\/en\\\/#organization\",\"name\":\"DANSOM\u00c8TRE - espace de cr\u00e9ation chor\u00e9graphique - VEVEY\",\"url\":\"https:\\\/\\\/www.dansometre.ch\\\/en\\\/\",\"logo\":{\"@type\":\"ImageObject\",\"inLanguage\":\"en-US\",\"@id\":\"https:\\\/\\\/www.dansometre.ch\\\/en\\\/#\\\/schema\\\/logo\\\/image\\\/\",\"url\":\"https:\\\/\\\/www.dansometre.ch\\\/wp-content\\\/uploads\\\/favicon.png\",\"contentUrl\":\"https:\\\/\\\/www.dansometre.ch\\\/wp-content\\\/uploads\\\/favicon.png\",\"width\":1200,\"height\":1200,\"caption\":\"DANSOM\u00c8TRE - espace de cr\u00e9ation chor\u00e9graphique - VEVEY\"},\"image\":{\"@id\":\"https:\\\/\\\/www.dansometre.ch\\\/en\\\/#\\\/schema\\\/logo\\\/image\\\/\"}},{\"@type\":\"Person\",\"@id\":\"https:\\\/\\\/www.dansometre.ch\\\/en\\\/#\\\/schema\\\/person\\\/e4a492ad0b0cb31374af62cb03e5a050\",\"name\":\"jasmine\",\"image\":{\"@type\":\"ImageObject\",\"inLanguage\":\"en-US\",\"@id\":\"https:\\\/\\\/secure.gravatar.com\\\/avatar\\\/17af7ce1d97fddf2be9fcb6d28b59eda9f84b49e46ceb695d1455b7c5437fcc4?s=96&d=mm&r=g\",\"url\":\"https:\\\/\\\/secure.gravatar.com\\\/avatar\\\/17af7ce1d97fddf2be9fcb6d28b59eda9f84b49e46ceb695d1455b7c5437fcc4?s=96&d=mm&r=g\",\"contentUrl\":\"https:\\\/\\\/secure.gravatar.com\\\/avatar\\\/17af7ce1d97fddf2be9fcb6d28b59eda9f84b49e46ceb695d1455b7c5437fcc4?s=96&d=mm&r=g\",\"caption\":\"jasmine\"},\"url\":\"https:\\\/\\\/www.dansometre.ch\\\/en\\\/author\\\/jasmine\\\/\"}]}<\/script>\n<!-- \/ Yoast SEO plugin. -->","yoast_head_json":{"title":"Chor\u00e9graphiques#11 - DANSOM\u00c8TRE - espace de cr\u00e9ation chor\u00e9graphique - VEVEY","robots":{"index":"index","follow":"follow","max-snippet":"max-snippet:-1","max-image-preview":"max-image-preview:large","max-video-preview":"max-video-preview:-1"},"canonical":"https:\/\/www.dansometre.ch\/en\/evenement-public\/choregraphiques11\/","og_locale":"en_US","og_type":"article","og_title":"Chor\u00e9graphiques#11 - DANSOM\u00c8TRE - espace de cr\u00e9ation chor\u00e9graphique - VEVEY","og_description":"Les Chor\u00e9graphiques#11du 7 au 11 janvier 2026 \u00e0 l&#8217;Oriental-Vevey Me-je-ve 20h | sa 19h | di 17h30R\u00e9servations : 021 925 35 90 ou : iciOriental-Vevey : Rue d\u2018Italie 22, 1800 Vevey Le Dansom\u00e8tre et L\u2019Oriental-Vevey pr\u00e9sentent la onzi\u00e8me \u00e9dition des Chor\u00e9graphiques. COMING SOONSoraya Leila Emery Coming Soon est le deuxi\u00e8me volet d\u2019une trilogie chor\u00e9graphique sur [&hellip;]","og_url":"https:\/\/www.dansometre.ch\/en\/evenement-public\/choregraphiques11\/","og_site_name":"DANSOM\u00c8TRE - espace de cr\u00e9ation chor\u00e9graphique - VEVEY","article_published_time":"2026-01-03T14:02:29+00:00","article_modified_time":"2026-01-21T12:55:03+00:00","og_image":[{"width":2560,"height":2560,"url":"https:\/\/www.dansometre.ch\/wp-content\/uploads\/DANSOMETRE_1080x1080px_29.01.2024_chore-scaled.jpg","type":"image\/jpeg"}],"author":"jasmine","twitter_card":"summary_large_image","twitter_misc":{"Written by":"jasmine","Est. reading time":"3 minutes"},"schema":{"@context":"https:\/\/schema.org","@graph":[{"@type":"Article","@id":"https:\/\/www.dansometre.ch\/en\/evenement-public\/choregraphiques11\/#article","isPartOf":{"@id":"https:\/\/www.dansometre.ch\/en\/evenement-public\/choregraphiques11\/"},"author":{"name":"jasmine","@id":"https:\/\/www.dansometre.ch\/en\/#\/schema\/person\/e4a492ad0b0cb31374af62cb03e5a050"},"headline":"Chor\u00e9graphiques#11","datePublished":"2026-01-03T14:02:29+00:00","dateModified":"2026-01-21T12:55:03+00:00","mainEntityOfPage":{"@id":"https:\/\/www.dansometre.ch\/en\/evenement-public\/choregraphiques11\/"},"wordCount":449,"publisher":{"@id":"https:\/\/www.dansometre.ch\/en\/#organization"},"image":{"@id":"https:\/\/www.dansometre.ch\/en\/evenement-public\/choregraphiques11\/#primaryimage"},"thumbnailUrl":"https:\/\/www.dansometre.ch\/wp-content\/uploads\/DANSOMETRE_1080x1080px_29.01.2024_chore-scaled.jpg","articleSection":["\u00e9v\u00e9nement public","\u00c9v\u00e9nements parall\u00e8les","Spectacles et soir\u00e9es"],"inLanguage":"en-US"},{"@type":"WebPage","@id":"https:\/\/www.dansometre.ch\/en\/evenement-public\/choregraphiques11\/","url":"https:\/\/www.dansometre.ch\/en\/evenement-public\/choregraphiques11\/","name":"Chor\u00e9graphiques#11 - DANSOM\u00c8TRE - espace de cr\u00e9ation chor\u00e9graphique - VEVEY","isPartOf":{"@id":"https:\/\/www.dansometre.ch\/en\/#website"},"primaryImageOfPage":{"@id":"https:\/\/www.dansometre.ch\/en\/evenement-public\/choregraphiques11\/#primaryimage"},"image":{"@id":"https:\/\/www.dansometre.ch\/en\/evenement-public\/choregraphiques11\/#primaryimage"},"thumbnailUrl":"https:\/\/www.dansometre.ch\/wp-content\/uploads\/DANSOMETRE_1080x1080px_29.01.2024_chore-scaled.jpg","datePublished":"2026-01-03T14:02:29+00:00","dateModified":"2026-01-21T12:55:03+00:00","breadcrumb":{"@id":"https:\/\/www.dansometre.ch\/en\/evenement-public\/choregraphiques11\/#breadcrumb"},"inLanguage":"en-US","potentialAction":[{"@type":"ReadAction","target":["https:\/\/www.dansometre.ch\/en\/evenement-public\/choregraphiques11\/"]}]},{"@type":"ImageObject","inLanguage":"en-US","@id":"https:\/\/www.dansometre.ch\/en\/evenement-public\/choregraphiques11\/#primaryimage","url":"https:\/\/www.dansometre.ch\/wp-content\/uploads\/DANSOMETRE_1080x1080px_29.01.2024_chore-scaled.jpg","contentUrl":"https:\/\/www.dansometre.ch\/wp-content\/uploads\/DANSOMETRE_1080x1080px_29.01.2024_chore-scaled.jpg","width":2560,"height":2560,"caption":"Dansometre_1080x1080px_29.01.2024_chore DANSOM\u00c8TRE - espace de cr\u00e9ation chor\u00e9graphique - VEVEY"},{"@type":"BreadcrumbList","@id":"https:\/\/www.dansometre.ch\/en\/evenement-public\/choregraphiques11\/#breadcrumb","itemListElement":[{"@type":"ListItem","position":1,"name":"Accueil","item":"https:\/\/www.dansometre.ch\/en\/"},{"@type":"ListItem","position":2,"name":"Chor\u00e9graphiques#11"}]},{"@type":"WebSite","@id":"https:\/\/www.dansometre.ch\/en\/#website","url":"https:\/\/www.dansometre.ch\/en\/","name":"DANSOM\u00c8TRE - espace de cr\u00e9ation chor\u00e9graphique - VEVEY","description":"","publisher":{"@id":"https:\/\/www.dansometre.ch\/en\/#organization"},"potentialAction":[{"@type":"SearchAction","target":{"@type":"EntryPoint","urlTemplate":"https:\/\/www.dansometre.ch\/en\/?s={search_term_string}"},"query-input":{"@type":"PropertyValueSpecification","valueRequired":true,"valueName":"search_term_string"}}],"inLanguage":"en-US"},{"@type":"Organization","@id":"https:\/\/www.dansometre.ch\/en\/#organization","name":"DANSOM\u00c8TRE - espace de cr\u00e9ation chor\u00e9graphique - VEVEY","url":"https:\/\/www.dansometre.ch\/en\/","logo":{"@type":"ImageObject","inLanguage":"en-US","@id":"https:\/\/www.dansometre.ch\/en\/#\/schema\/logo\/image\/","url":"https:\/\/www.dansometre.ch\/wp-content\/uploads\/favicon.png","contentUrl":"https:\/\/www.dansometre.ch\/wp-content\/uploads\/favicon.png","width":1200,"height":1200,"caption":"DANSOM\u00c8TRE - espace de cr\u00e9ation chor\u00e9graphique - VEVEY"},"image":{"@id":"https:\/\/www.dansometre.ch\/en\/#\/schema\/logo\/image\/"}},{"@type":"Person","@id":"https:\/\/www.dansometre.ch\/en\/#\/schema\/person\/e4a492ad0b0cb31374af62cb03e5a050","name":"jasmine","image":{"@type":"ImageObject","inLanguage":"en-US","@id":"https:\/\/secure.gravatar.com\/avatar\/17af7ce1d97fddf2be9fcb6d28b59eda9f84b49e46ceb695d1455b7c5437fcc4?s=96&d=mm&r=g","url":"https:\/\/secure.gravatar.com\/avatar\/17af7ce1d97fddf2be9fcb6d28b59eda9f84b49e46ceb695d1455b7c5437fcc4?s=96&d=mm&r=g","contentUrl":"https:\/\/secure.gravatar.com\/avatar\/17af7ce1d97fddf2be9fcb6d28b59eda9f84b49e46ceb695d1455b7c5437fcc4?s=96&d=mm&r=g","caption":"jasmine"},"url":"https:\/\/www.dansometre.ch\/en\/author\/jasmine\/"}]}},"mfb_rest_fields":["title","yoast_head","yoast_head_json"],"_links":{"self":[{"href":"https:\/\/www.dansometre.ch\/en\/wp-json\/wp\/v2\/posts\/5975","targetHints":{"allow":["GET"]}}],"collection":[{"href":"https:\/\/www.dansometre.ch\/en\/wp-json\/wp\/v2\/posts"}],"about":[{"href":"https:\/\/www.dansometre.ch\/en\/wp-json\/wp\/v2\/types\/post"}],"author":[{"embeddable":true,"href":"https:\/\/www.dansometre.ch\/en\/wp-json\/wp\/v2\/users\/2"}],"replies":[{"embeddable":true,"href":"https:\/\/www.dansometre.ch\/en\/wp-json\/wp\/v2\/comments?post=5975"}],"version-history":[{"count":8,"href":"https:\/\/www.dansometre.ch\/en\/wp-json\/wp\/v2\/posts\/5975\/revisions"}],"predecessor-version":[{"id":6122,"href":"https:\/\/www.dansometre.ch\/en\/wp-json\/wp\/v2\/posts\/5975\/revisions\/6122"}],"wp:featuredmedia":[{"embeddable":true,"href":"https:\/\/www.dansometre.ch\/en\/wp-json\/wp\/v2\/media\/5976"}],"wp:attachment":[{"href":"https:\/\/www.dansometre.ch\/en\/wp-json\/wp\/v2\/media?parent=5975"}],"wp:term":[{"taxonomy":"category","embeddable":true,"href":"https:\/\/www.dansometre.ch\/en\/wp-json\/wp\/v2\/categories?post=5975"},{"taxonomy":"post_tag","embeddable":true,"href":"https:\/\/www.dansometre.ch\/en\/wp-json\/wp\/v2\/tags?post=5975"}],"curies":[{"name":"wp","href":"https:\/\/api.w.org\/{rel}","templated":true}]}}