{"id":6094,"date":"2026-01-07T11:09:55","date_gmt":"2026-01-07T10:09:55","guid":{"rendered":"https:\/\/www.dansometre.ch\/?p=6094"},"modified":"2026-03-18T10:33:08","modified_gmt":"2026-03-18T09:33:08","slug":"demo-filiere-danse-etudes","status":"publish","type":"post","link":"https:\/\/www.dansometre.ch\/en\/evenements-paralleles\/demo-filiere-danse-etudes\/","title":{"rendered":"D\u00e9mo fili\u00e8re danse-\u00e9tudes"},"content":{"rendered":"\n<p>Fond\u00e9e et dirig\u00e9e par\u00a0<strong>Florence Faure<\/strong>, la fili\u00e8re cantonale <strong>Danse-\u00e9tudes de\u00a0Danse Acad\u00e9mie Vevey (DAV)<\/strong>, situ\u00e9e \u00e0\u00a0Vevey, est un centre de formation en danse classique et contemporaine. La danse y est enseign\u00e9e par des professeur\u00b7e\u00b7s professionnel\u00b7le\u00b7s dipl\u00f4m\u00e9\u00b7e\u00b7s, garantissant un encadrement de haut niveau.<\/p>\n\n\n\n<p>Ouverte aux jeunes d\u00e8s 10 ans et accessible sur audition, cette section s\u2019adresse aux \u00e9l\u00e8ves talentueux\u00b7ses et motiv\u00e9\u00b7e\u00b7s souhaitant concilier scolarit\u00e9 et formation artistique intensive. Gr\u00e2ce \u00e0 des horaires am\u00e9nag\u00e9s, les \u00e9l\u00e8ves peuvent suivre un programme de danse exigeant tout en poursuivant leur cursus scolaire.<\/p>\n\n\n\n<p>Les jeunes danseuses et danseurs b\u00e9n\u00e9ficient d\u2019un enseignement approfondi, participent \u00e0 des concours, auditions et stages internationaux, et d\u00e9veloppent ainsi leur exp\u00e9rience sc\u00e9nique et artistique.<\/p>\n\n\n\n<p>La \u00ab <strong>D\u00e9mo<\/strong> \u00bb, d\u00e9monstration de fin d\u2019ann\u00e9e, offre aux parents et au public l\u2019occasion de d\u00e9couvrir le travail des 30 \u00e9l\u00e8ves de 10 \u00e0 19 ans de la fili\u00e8re Danse-\u00e9tudes.<br>A l\u2019occasion de cet \u00e9v\u00e9nement, iels pr\u00e9senteront des chor\u00e9graphies classiques, contemporaines, jazz, cr\u00e9\u00e9es durant l\u2019ann\u00e9e, des variations classiques ou contemporaines en solo pr\u00e9sent\u00e9es lors de concours.<\/p>\n\n\n\n<p><strong>INFORMATIONS<\/strong><\/p>\n\n\n\n<p><strong>Tout public<\/strong><\/p>\n\n\n\n<p><strong>Deux sessions<\/strong> \u00e0 14h30 et 18h00<\/p>\n\n\n\n<p><strong>Tarifs<\/strong>\u00a0: <br>Adultes : CHF 20.\u2013<br>Enfants : CHF 10.\u2013<\/p>\n\n\n\n<p>&#8211; Un\u00a0<strong>soutien libre<\/strong>\u00a0au-del\u00e0 du prix de base est\u00a0<strong>le bienvenu<\/strong>\u00a0et contribue \u00e0 soutenir l\u2019\u00e9v\u00e9nement.<\/p>\n\n\n\n<p><strong>Renseignement et inscription<\/strong>\u00a0: <a href=\"mailto:info@dansevevey.ch\">info@dansevevey.ch<\/a><\/p>\n\n\n\n<p><strong>Accessibilit\u00e9<\/strong>\u00a0: acc\u00e8s PMR<\/p>\n\n\n\n<p><strong>Lieu :<\/strong>&nbsp;Dansom\u00e8tre, Avenue de Corsier 19, 1800 Vevey&nbsp;<\/p>\n\n\n\n<p>Pour la saison 25-26 et ses projets, le Dansom\u00e8tre est soutenu par :<\/p>\n\n\n\n<figure class=\"wp-block-image size-full\"><a href=\"https:\/\/www.dansometre.ch\/wp-content\/uploads\/DANSOMETRE_25-26_sponsors_logos_980x110px_07.01.26_bis_1.jpg\" data-lbwps-width=\"4083\" data-lbwps-height=\"458\" data-lbwps-srcsmall=\"https:\/\/www.dansometre.ch\/wp-content\/uploads\/DANSOMETRE_25-26_sponsors_logos_980x110px_07.01.26_bis_1-300x34.jpg\"><img loading=\"lazy\" decoding=\"async\" width=\"2560\" height=\"287\" src=\"https:\/\/www.dansometre.ch\/wp-content\/uploads\/DANSOMETRE_25-26_sponsors_logos_980x110px_07.01.26_bis_1-scaled.jpg\" alt=\"Dansometre_25-26_sponsors_logos_980x110px_07.01.26_bis_1 DANSOM\u00c8TRE - espace de cr\u00e9ation chor\u00e9graphique - VEVEY\" class=\"wp-image-6059\" srcset=\"https:\/\/www.dansometre.ch\/wp-content\/uploads\/DANSOMETRE_25-26_sponsors_logos_980x110px_07.01.26_bis_1-scaled.jpg 2560w, https:\/\/www.dansometre.ch\/wp-content\/uploads\/DANSOMETRE_25-26_sponsors_logos_980x110px_07.01.26_bis_1-300x34.jpg 300w, https:\/\/www.dansometre.ch\/wp-content\/uploads\/DANSOMETRE_25-26_sponsors_logos_980x110px_07.01.26_bis_1-1024x115.jpg 1024w, https:\/\/www.dansometre.ch\/wp-content\/uploads\/DANSOMETRE_25-26_sponsors_logos_980x110px_07.01.26_bis_1-768x86.jpg 768w, https:\/\/www.dansometre.ch\/wp-content\/uploads\/DANSOMETRE_25-26_sponsors_logos_980x110px_07.01.26_bis_1-1536x172.jpg 1536w, https:\/\/www.dansometre.ch\/wp-content\/uploads\/DANSOMETRE_25-26_sponsors_logos_980x110px_07.01.26_bis_1-2048x230.jpg 2048w\" sizes=\"auto, (max-width: 2560px) 100vw, 2560px\" \/><\/a><\/figure>\n\n\n\n<p><br>Mise en forme photo : Ultrastudio.ch<\/p>\n","protected":false},"excerpt":{"rendered":"<p>Fond\u00e9e et dirig\u00e9e par\u00a0Florence Faure, la fili\u00e8re cantonale Danse-\u00e9tudes de\u00a0Danse Acad\u00e9mie Vevey (DAV), situ\u00e9e \u00e0\u00a0Vevey, est un centre de formation en danse classique et contemporaine. La danse y est enseign\u00e9e par des professeur\u00b7e\u00b7s professionnel\u00b7le\u00b7s dipl\u00f4m\u00e9\u00b7e\u00b7s, garantissant un encadrement de haut niveau. Ouverte aux jeunes d\u00e8s 10 ans et accessible sur audition, cette section s\u2019adresse aux [&hellip;]<\/p>\n","protected":false},"author":2,"featured_media":6268,"comment_status":"closed","ping_status":"closed","sticky":false,"template":"","format":"standard","meta":{"_acf_changed":false,"inline_featured_image":false,"footnotes":""},"categories":[82],"tags":[],"class_list":["post-6094","post","type-post","status-publish","format-standard","has-post-thumbnail","hentry","category-evenements-paralleles"],"acf":[],"mb":[],"yoast_head":"<!-- This site is optimized with the Yoast SEO plugin v27.3 - https:\/\/yoast.com\/product\/yoast-seo-wordpress\/ -->\n<title>D\u00e9mo fili\u00e8re danse-\u00e9tudes - DANSOM\u00c8TRE - espace de cr\u00e9ation chor\u00e9graphique - VEVEY<\/title>\n<meta name=\"robots\" content=\"index, follow, max-snippet:-1, max-image-preview:large, max-video-preview:-1\" \/>\n<link rel=\"canonical\" href=\"https:\/\/www.dansometre.ch\/en\/evenements-paralleles\/demo-filiere-danse-etudes\/\" \/>\n<meta property=\"og:locale\" content=\"en_US\" \/>\n<meta property=\"og:type\" content=\"article\" \/>\n<meta property=\"og:title\" content=\"D\u00e9mo fili\u00e8re danse-\u00e9tudes - DANSOM\u00c8TRE - espace de cr\u00e9ation chor\u00e9graphique - VEVEY\" \/>\n<meta property=\"og:description\" content=\"Fond\u00e9e et dirig\u00e9e par\u00a0Florence Faure, la fili\u00e8re cantonale Danse-\u00e9tudes de\u00a0Danse Acad\u00e9mie Vevey (DAV), situ\u00e9e \u00e0\u00a0Vevey, est un centre de formation en danse classique et contemporaine. La danse y est enseign\u00e9e par des professeur\u00b7e\u00b7s professionnel\u00b7le\u00b7s dipl\u00f4m\u00e9\u00b7e\u00b7s, garantissant un encadrement de haut niveau. Ouverte aux jeunes d\u00e8s 10 ans et accessible sur audition, cette section s\u2019adresse aux [&hellip;]\" \/>\n<meta property=\"og:url\" content=\"https:\/\/www.dansometre.ch\/en\/evenements-paralleles\/demo-filiere-danse-etudes\/\" \/>\n<meta property=\"og:site_name\" content=\"DANSOM\u00c8TRE - espace de cr\u00e9ation chor\u00e9graphique - VEVEY\" \/>\n<meta property=\"article:published_time\" content=\"2026-01-07T10:09:55+00:00\" \/>\n<meta property=\"article:modified_time\" content=\"2026-03-18T09:33:08+00:00\" \/>\n<meta property=\"og:image\" content=\"https:\/\/www.dansometre.ch\/wp-content\/uploads\/DANSOMETRE_2026_RS_1080x1080px_12.03.2026-scaled.jpg\" \/>\n\t<meta property=\"og:image:width\" content=\"2560\" \/>\n\t<meta property=\"og:image:height\" content=\"2560\" \/>\n\t<meta property=\"og:image:type\" content=\"image\/jpeg\" \/>\n<meta name=\"author\" content=\"jasmine\" \/>\n<meta name=\"twitter:card\" content=\"summary_large_image\" \/>\n<meta name=\"twitter:label1\" content=\"Written by\" \/>\n\t<meta name=\"twitter:data1\" content=\"jasmine\" \/>\n\t<meta name=\"twitter:label2\" content=\"Est. reading time\" \/>\n\t<meta name=\"twitter:data2\" content=\"2 minutes\" \/>\n<script type=\"application\/ld+json\" class=\"yoast-schema-graph\">{\"@context\":\"https:\\\/\\\/schema.org\",\"@graph\":[{\"@type\":\"Article\",\"@id\":\"https:\\\/\\\/www.dansometre.ch\\\/en\\\/evenements-paralleles\\\/demo-filiere-danse-etudes\\\/#article\",\"isPartOf\":{\"@id\":\"https:\\\/\\\/www.dansometre.ch\\\/en\\\/evenements-paralleles\\\/demo-filiere-danse-etudes\\\/\"},\"author\":{\"name\":\"jasmine\",\"@id\":\"https:\\\/\\\/www.dansometre.ch\\\/en\\\/#\\\/schema\\\/person\\\/e4a492ad0b0cb31374af62cb03e5a050\"},\"headline\":\"D\u00e9mo fili\u00e8re danse-\u00e9tudes\",\"datePublished\":\"2026-01-07T10:09:55+00:00\",\"dateModified\":\"2026-03-18T09:33:08+00:00\",\"mainEntityOfPage\":{\"@id\":\"https:\\\/\\\/www.dansometre.ch\\\/en\\\/evenements-paralleles\\\/demo-filiere-danse-etudes\\\/\"},\"wordCount\":284,\"publisher\":{\"@id\":\"https:\\\/\\\/www.dansometre.ch\\\/en\\\/#organization\"},\"image\":{\"@id\":\"https:\\\/\\\/www.dansometre.ch\\\/en\\\/evenements-paralleles\\\/demo-filiere-danse-etudes\\\/#primaryimage\"},\"thumbnailUrl\":\"https:\\\/\\\/www.dansometre.ch\\\/wp-content\\\/uploads\\\/DANSOMETRE_2026_RS_1080x1080px_12.03.2026-scaled.jpg\",\"articleSection\":[\"\u00c9v\u00e9nements parall\u00e8les\"],\"inLanguage\":\"en-US\"},{\"@type\":\"WebPage\",\"@id\":\"https:\\\/\\\/www.dansometre.ch\\\/en\\\/evenements-paralleles\\\/demo-filiere-danse-etudes\\\/\",\"url\":\"https:\\\/\\\/www.dansometre.ch\\\/en\\\/evenements-paralleles\\\/demo-filiere-danse-etudes\\\/\",\"name\":\"D\u00e9mo fili\u00e8re danse-\u00e9tudes - DANSOM\u00c8TRE - espace de cr\u00e9ation chor\u00e9graphique - VEVEY\",\"isPartOf\":{\"@id\":\"https:\\\/\\\/www.dansometre.ch\\\/en\\\/#website\"},\"primaryImageOfPage\":{\"@id\":\"https:\\\/\\\/www.dansometre.ch\\\/en\\\/evenements-paralleles\\\/demo-filiere-danse-etudes\\\/#primaryimage\"},\"image\":{\"@id\":\"https:\\\/\\\/www.dansometre.ch\\\/en\\\/evenements-paralleles\\\/demo-filiere-danse-etudes\\\/#primaryimage\"},\"thumbnailUrl\":\"https:\\\/\\\/www.dansometre.ch\\\/wp-content\\\/uploads\\\/DANSOMETRE_2026_RS_1080x1080px_12.03.2026-scaled.jpg\",\"datePublished\":\"2026-01-07T10:09:55+00:00\",\"dateModified\":\"2026-03-18T09:33:08+00:00\",\"breadcrumb\":{\"@id\":\"https:\\\/\\\/www.dansometre.ch\\\/en\\\/evenements-paralleles\\\/demo-filiere-danse-etudes\\\/#breadcrumb\"},\"inLanguage\":\"en-US\",\"potentialAction\":[{\"@type\":\"ReadAction\",\"target\":[\"https:\\\/\\\/www.dansometre.ch\\\/en\\\/evenements-paralleles\\\/demo-filiere-danse-etudes\\\/\"]}]},{\"@type\":\"ImageObject\",\"inLanguage\":\"en-US\",\"@id\":\"https:\\\/\\\/www.dansometre.ch\\\/en\\\/evenements-paralleles\\\/demo-filiere-danse-etudes\\\/#primaryimage\",\"url\":\"https:\\\/\\\/www.dansometre.ch\\\/wp-content\\\/uploads\\\/DANSOMETRE_2026_RS_1080x1080px_12.03.2026-scaled.jpg\",\"contentUrl\":\"https:\\\/\\\/www.dansometre.ch\\\/wp-content\\\/uploads\\\/DANSOMETRE_2026_RS_1080x1080px_12.03.2026-scaled.jpg\",\"width\":2560,\"height\":2560,\"caption\":\"Dansometre_2026_rs_1080x1080px_12.03.2026 DANSOM\u00c8TRE - espace de cr\u00e9ation chor\u00e9graphique - VEVEY\"},{\"@type\":\"BreadcrumbList\",\"@id\":\"https:\\\/\\\/www.dansometre.ch\\\/en\\\/evenements-paralleles\\\/demo-filiere-danse-etudes\\\/#breadcrumb\",\"itemListElement\":[{\"@type\":\"ListItem\",\"position\":1,\"name\":\"Accueil\",\"item\":\"https:\\\/\\\/www.dansometre.ch\\\/en\\\/\"},{\"@type\":\"ListItem\",\"position\":2,\"name\":\"D\u00e9mo fili\u00e8re danse-\u00e9tudes\"}]},{\"@type\":\"WebSite\",\"@id\":\"https:\\\/\\\/www.dansometre.ch\\\/en\\\/#website\",\"url\":\"https:\\\/\\\/www.dansometre.ch\\\/en\\\/\",\"name\":\"DANSOM\u00c8TRE - espace de cr\u00e9ation chor\u00e9graphique - VEVEY\",\"description\":\"\",\"publisher\":{\"@id\":\"https:\\\/\\\/www.dansometre.ch\\\/en\\\/#organization\"},\"potentialAction\":[{\"@type\":\"SearchAction\",\"target\":{\"@type\":\"EntryPoint\",\"urlTemplate\":\"https:\\\/\\\/www.dansometre.ch\\\/en\\\/?s={search_term_string}\"},\"query-input\":{\"@type\":\"PropertyValueSpecification\",\"valueRequired\":true,\"valueName\":\"search_term_string\"}}],\"inLanguage\":\"en-US\"},{\"@type\":\"Organization\",\"@id\":\"https:\\\/\\\/www.dansometre.ch\\\/en\\\/#organization\",\"name\":\"DANSOM\u00c8TRE - espace de cr\u00e9ation chor\u00e9graphique - VEVEY\",\"url\":\"https:\\\/\\\/www.dansometre.ch\\\/en\\\/\",\"logo\":{\"@type\":\"ImageObject\",\"inLanguage\":\"en-US\",\"@id\":\"https:\\\/\\\/www.dansometre.ch\\\/en\\\/#\\\/schema\\\/logo\\\/image\\\/\",\"url\":\"https:\\\/\\\/www.dansometre.ch\\\/wp-content\\\/uploads\\\/favicon.png\",\"contentUrl\":\"https:\\\/\\\/www.dansometre.ch\\\/wp-content\\\/uploads\\\/favicon.png\",\"width\":1200,\"height\":1200,\"caption\":\"DANSOM\u00c8TRE - espace de cr\u00e9ation chor\u00e9graphique - VEVEY\"},\"image\":{\"@id\":\"https:\\\/\\\/www.dansometre.ch\\\/en\\\/#\\\/schema\\\/logo\\\/image\\\/\"}},{\"@type\":\"Person\",\"@id\":\"https:\\\/\\\/www.dansometre.ch\\\/en\\\/#\\\/schema\\\/person\\\/e4a492ad0b0cb31374af62cb03e5a050\",\"name\":\"jasmine\",\"image\":{\"@type\":\"ImageObject\",\"inLanguage\":\"en-US\",\"@id\":\"https:\\\/\\\/secure.gravatar.com\\\/avatar\\\/17af7ce1d97fddf2be9fcb6d28b59eda9f84b49e46ceb695d1455b7c5437fcc4?s=96&d=mm&r=g\",\"url\":\"https:\\\/\\\/secure.gravatar.com\\\/avatar\\\/17af7ce1d97fddf2be9fcb6d28b59eda9f84b49e46ceb695d1455b7c5437fcc4?s=96&d=mm&r=g\",\"contentUrl\":\"https:\\\/\\\/secure.gravatar.com\\\/avatar\\\/17af7ce1d97fddf2be9fcb6d28b59eda9f84b49e46ceb695d1455b7c5437fcc4?s=96&d=mm&r=g\",\"caption\":\"jasmine\"},\"url\":\"https:\\\/\\\/www.dansometre.ch\\\/en\\\/author\\\/jasmine\\\/\"}]}<\/script>\n<!-- \/ Yoast SEO plugin. -->","yoast_head_json":{"title":"D\u00e9mo fili\u00e8re danse-\u00e9tudes - DANSOM\u00c8TRE - espace de cr\u00e9ation chor\u00e9graphique - VEVEY","robots":{"index":"index","follow":"follow","max-snippet":"max-snippet:-1","max-image-preview":"max-image-preview:large","max-video-preview":"max-video-preview:-1"},"canonical":"https:\/\/www.dansometre.ch\/en\/evenements-paralleles\/demo-filiere-danse-etudes\/","og_locale":"en_US","og_type":"article","og_title":"D\u00e9mo fili\u00e8re danse-\u00e9tudes - DANSOM\u00c8TRE - espace de cr\u00e9ation chor\u00e9graphique - VEVEY","og_description":"Fond\u00e9e et dirig\u00e9e par\u00a0Florence Faure, la fili\u00e8re cantonale Danse-\u00e9tudes de\u00a0Danse Acad\u00e9mie Vevey (DAV), situ\u00e9e \u00e0\u00a0Vevey, est un centre de formation en danse classique et contemporaine. La danse y est enseign\u00e9e par des professeur\u00b7e\u00b7s professionnel\u00b7le\u00b7s dipl\u00f4m\u00e9\u00b7e\u00b7s, garantissant un encadrement de haut niveau. Ouverte aux jeunes d\u00e8s 10 ans et accessible sur audition, cette section s\u2019adresse aux [&hellip;]","og_url":"https:\/\/www.dansometre.ch\/en\/evenements-paralleles\/demo-filiere-danse-etudes\/","og_site_name":"DANSOM\u00c8TRE - espace de cr\u00e9ation chor\u00e9graphique - VEVEY","article_published_time":"2026-01-07T10:09:55+00:00","article_modified_time":"2026-03-18T09:33:08+00:00","og_image":[{"width":2560,"height":2560,"url":"https:\/\/www.dansometre.ch\/wp-content\/uploads\/DANSOMETRE_2026_RS_1080x1080px_12.03.2026-scaled.jpg","type":"image\/jpeg"}],"author":"jasmine","twitter_card":"summary_large_image","twitter_misc":{"Written by":"jasmine","Est. reading time":"2 minutes"},"schema":{"@context":"https:\/\/schema.org","@graph":[{"@type":"Article","@id":"https:\/\/www.dansometre.ch\/en\/evenements-paralleles\/demo-filiere-danse-etudes\/#article","isPartOf":{"@id":"https:\/\/www.dansometre.ch\/en\/evenements-paralleles\/demo-filiere-danse-etudes\/"},"author":{"name":"jasmine","@id":"https:\/\/www.dansometre.ch\/en\/#\/schema\/person\/e4a492ad0b0cb31374af62cb03e5a050"},"headline":"D\u00e9mo fili\u00e8re danse-\u00e9tudes","datePublished":"2026-01-07T10:09:55+00:00","dateModified":"2026-03-18T09:33:08+00:00","mainEntityOfPage":{"@id":"https:\/\/www.dansometre.ch\/en\/evenements-paralleles\/demo-filiere-danse-etudes\/"},"wordCount":284,"publisher":{"@id":"https:\/\/www.dansometre.ch\/en\/#organization"},"image":{"@id":"https:\/\/www.dansometre.ch\/en\/evenements-paralleles\/demo-filiere-danse-etudes\/#primaryimage"},"thumbnailUrl":"https:\/\/www.dansometre.ch\/wp-content\/uploads\/DANSOMETRE_2026_RS_1080x1080px_12.03.2026-scaled.jpg","articleSection":["\u00c9v\u00e9nements parall\u00e8les"],"inLanguage":"en-US"},{"@type":"WebPage","@id":"https:\/\/www.dansometre.ch\/en\/evenements-paralleles\/demo-filiere-danse-etudes\/","url":"https:\/\/www.dansometre.ch\/en\/evenements-paralleles\/demo-filiere-danse-etudes\/","name":"D\u00e9mo fili\u00e8re danse-\u00e9tudes - DANSOM\u00c8TRE - espace de cr\u00e9ation chor\u00e9graphique - VEVEY","isPartOf":{"@id":"https:\/\/www.dansometre.ch\/en\/#website"},"primaryImageOfPage":{"@id":"https:\/\/www.dansometre.ch\/en\/evenements-paralleles\/demo-filiere-danse-etudes\/#primaryimage"},"image":{"@id":"https:\/\/www.dansometre.ch\/en\/evenements-paralleles\/demo-filiere-danse-etudes\/#primaryimage"},"thumbnailUrl":"https:\/\/www.dansometre.ch\/wp-content\/uploads\/DANSOMETRE_2026_RS_1080x1080px_12.03.2026-scaled.jpg","datePublished":"2026-01-07T10:09:55+00:00","dateModified":"2026-03-18T09:33:08+00:00","breadcrumb":{"@id":"https:\/\/www.dansometre.ch\/en\/evenements-paralleles\/demo-filiere-danse-etudes\/#breadcrumb"},"inLanguage":"en-US","potentialAction":[{"@type":"ReadAction","target":["https:\/\/www.dansometre.ch\/en\/evenements-paralleles\/demo-filiere-danse-etudes\/"]}]},{"@type":"ImageObject","inLanguage":"en-US","@id":"https:\/\/www.dansometre.ch\/en\/evenements-paralleles\/demo-filiere-danse-etudes\/#primaryimage","url":"https:\/\/www.dansometre.ch\/wp-content\/uploads\/DANSOMETRE_2026_RS_1080x1080px_12.03.2026-scaled.jpg","contentUrl":"https:\/\/www.dansometre.ch\/wp-content\/uploads\/DANSOMETRE_2026_RS_1080x1080px_12.03.2026-scaled.jpg","width":2560,"height":2560,"caption":"Dansometre_2026_rs_1080x1080px_12.03.2026 DANSOM\u00c8TRE - espace de cr\u00e9ation chor\u00e9graphique - VEVEY"},{"@type":"BreadcrumbList","@id":"https:\/\/www.dansometre.ch\/en\/evenements-paralleles\/demo-filiere-danse-etudes\/#breadcrumb","itemListElement":[{"@type":"ListItem","position":1,"name":"Accueil","item":"https:\/\/www.dansometre.ch\/en\/"},{"@type":"ListItem","position":2,"name":"D\u00e9mo fili\u00e8re danse-\u00e9tudes"}]},{"@type":"WebSite","@id":"https:\/\/www.dansometre.ch\/en\/#website","url":"https:\/\/www.dansometre.ch\/en\/","name":"DANSOM\u00c8TRE - espace de cr\u00e9ation chor\u00e9graphique - VEVEY","description":"","publisher":{"@id":"https:\/\/www.dansometre.ch\/en\/#organization"},"potentialAction":[{"@type":"SearchAction","target":{"@type":"EntryPoint","urlTemplate":"https:\/\/www.dansometre.ch\/en\/?s={search_term_string}"},"query-input":{"@type":"PropertyValueSpecification","valueRequired":true,"valueName":"search_term_string"}}],"inLanguage":"en-US"},{"@type":"Organization","@id":"https:\/\/www.dansometre.ch\/en\/#organization","name":"DANSOM\u00c8TRE - espace de cr\u00e9ation chor\u00e9graphique - VEVEY","url":"https:\/\/www.dansometre.ch\/en\/","logo":{"@type":"ImageObject","inLanguage":"en-US","@id":"https:\/\/www.dansometre.ch\/en\/#\/schema\/logo\/image\/","url":"https:\/\/www.dansometre.ch\/wp-content\/uploads\/favicon.png","contentUrl":"https:\/\/www.dansometre.ch\/wp-content\/uploads\/favicon.png","width":1200,"height":1200,"caption":"DANSOM\u00c8TRE - espace de cr\u00e9ation chor\u00e9graphique - VEVEY"},"image":{"@id":"https:\/\/www.dansometre.ch\/en\/#\/schema\/logo\/image\/"}},{"@type":"Person","@id":"https:\/\/www.dansometre.ch\/en\/#\/schema\/person\/e4a492ad0b0cb31374af62cb03e5a050","name":"jasmine","image":{"@type":"ImageObject","inLanguage":"en-US","@id":"https:\/\/secure.gravatar.com\/avatar\/17af7ce1d97fddf2be9fcb6d28b59eda9f84b49e46ceb695d1455b7c5437fcc4?s=96&d=mm&r=g","url":"https:\/\/secure.gravatar.com\/avatar\/17af7ce1d97fddf2be9fcb6d28b59eda9f84b49e46ceb695d1455b7c5437fcc4?s=96&d=mm&r=g","contentUrl":"https:\/\/secure.gravatar.com\/avatar\/17af7ce1d97fddf2be9fcb6d28b59eda9f84b49e46ceb695d1455b7c5437fcc4?s=96&d=mm&r=g","caption":"jasmine"},"url":"https:\/\/www.dansometre.ch\/en\/author\/jasmine\/"}]}},"mfb_rest_fields":["title","yoast_head","yoast_head_json"],"_links":{"self":[{"href":"https:\/\/www.dansometre.ch\/en\/wp-json\/wp\/v2\/posts\/6094","targetHints":{"allow":["GET"]}}],"collection":[{"href":"https:\/\/www.dansometre.ch\/en\/wp-json\/wp\/v2\/posts"}],"about":[{"href":"https:\/\/www.dansometre.ch\/en\/wp-json\/wp\/v2\/types\/post"}],"author":[{"embeddable":true,"href":"https:\/\/www.dansometre.ch\/en\/wp-json\/wp\/v2\/users\/2"}],"replies":[{"embeddable":true,"href":"https:\/\/www.dansometre.ch\/en\/wp-json\/wp\/v2\/comments?post=6094"}],"version-history":[{"count":5,"href":"https:\/\/www.dansometre.ch\/en\/wp-json\/wp\/v2\/posts\/6094\/revisions"}],"predecessor-version":[{"id":6274,"href":"https:\/\/www.dansometre.ch\/en\/wp-json\/wp\/v2\/posts\/6094\/revisions\/6274"}],"wp:featuredmedia":[{"embeddable":true,"href":"https:\/\/www.dansometre.ch\/en\/wp-json\/wp\/v2\/media\/6268"}],"wp:attachment":[{"href":"https:\/\/www.dansometre.ch\/en\/wp-json\/wp\/v2\/media?parent=6094"}],"wp:term":[{"taxonomy":"category","embeddable":true,"href":"https:\/\/www.dansometre.ch\/en\/wp-json\/wp\/v2\/categories?post=6094"},{"taxonomy":"post_tag","embeddable":true,"href":"https:\/\/www.dansometre.ch\/en\/wp-json\/wp\/v2\/tags?post=6094"}],"curies":[{"name":"wp","href":"https:\/\/api.w.org\/{rel}","templated":true}]}}