{"id":6235,"date":"2026-03-12T12:33:57","date_gmt":"2026-03-12T11:33:57","guid":{"rendered":"https:\/\/www.dansometre.ch\/?p=6235"},"modified":"2026-04-01T11:09:48","modified_gmt":"2026-04-01T09:09:48","slug":"appel-a-projet-pour-les-presences-performatives","status":"publish","type":"post","link":"https:\/\/www.dansometre.ch\/en\/rdv-pro\/appel-a-projet-pour-les-presences-performatives\/","title":{"rendered":"Appel \u00e0 projet pour les Pr\u00e9sences Performatives"},"content":{"rendered":"\n<p>Le Dansom\u00e8tre lance un appel pour la programmation de pi\u00e8ces chor\u00e9graphiques contemporaines qui auront lieu le 30 octobre 2026.<\/p>\n\n\n\n<p><strong>Conditions<\/strong><\/p>\n\n\n\n<ul class=\"wp-block-list\">\n<li>Avoir une compagnie professionnelle bas\u00e9e en Suisse\u00a0;<\/li>\n\n\n\n<li>\u00catre une compagnie \u00e9mergente ou confirm\u00e9e ;<\/li>\n\n\n\n<li>Tous les formats du champs chor\u00e9graphiques contemporains sont admis (contemporain, danse urbaine, etc.)\u00a0;<\/li>\n\n\n\n<li>Dur\u00e9e entre 20 et 40 minutes\u00a0;<\/li>\n\n\n\n<li>La proposition doit s\u2019adapter \u00e0 des conditions techniques l\u00e9g\u00e8res\u00a0et \u00e0 un partage de plateau ;<\/li>\n\n\n\n<li>Chaque projet s\u00e9lectionn\u00e9 re\u00e7oit une enveloppe forfaitaire, toutes charges incluses, entre CHF 600.- et CHF 800.- (selon la dur\u00e9e) ;<\/li>\n\n\n\n<li>Mise \u00e0 disposition de l\u2019espace du Dansom\u00e8tre durant la semaine du 26 octobre, en coordination avec les autres compagnies\u00a0;<\/li>\n\n\n\n<li>Les droits d\u2019auteurs sont pris en charge par le Dansom\u00e8tre\u00a0selon les conditions de la SAA ;<\/li>\n\n\n\n<li>Des photos promotionnelles de la soir\u00e9e sont transmises aux compagnies.<\/li>\n<\/ul>\n\n\n\n<p>Le dossier (en un seul pdf) doit contenir une br\u00e8ve pr\u00e9sentation de la compagnie, bios des intervenant\u00b7e\u00b7s, descriptif du projet (1 page max) avec un lien vid\u00e9o du projet en question ou d\u2019un autre travail. En annexe 3-4 photos pour la communication (format vertical et horizontal).<\/p>\n\n\n\n<p><strong>Dossier \u00e0 envoyer \u00e0 <a href=\"mailto:info@dansometre.ch\">info@dansometre.ch<\/a><\/strong> au plus tard le <strong>31 mars 2026<\/strong>.<br>\u00a9Yuri Sory<\/p>\n\n\n\n<p><\/p>\n","protected":false},"excerpt":{"rendered":"<p>Le Dansom\u00e8tre lance un appel pour la programmation de pi\u00e8ces chor\u00e9graphiques contemporaines qui auront lieu le 30 octobre 2026. Conditions Le dossier (en un seul pdf) doit contenir une br\u00e8ve pr\u00e9sentation de la compagnie, bios des intervenant\u00b7e\u00b7s, descriptif du projet (1 page max) avec un lien vid\u00e9o du projet en question ou d\u2019un autre travail. [&hellip;]<\/p>\n","protected":false},"author":2,"featured_media":5483,"comment_status":"closed","ping_status":"closed","sticky":false,"template":"","format":"standard","meta":{"_acf_changed":false,"inline_featured_image":false,"footnotes":""},"categories":[83],"tags":[],"class_list":["post-6235","post","type-post","status-publish","format-standard","has-post-thumbnail","hentry","category-rdv-pro"],"acf":[],"mb":[],"yoast_head":"<!-- This site is optimized with the Yoast SEO plugin v27.3 - https:\/\/yoast.com\/product\/yoast-seo-wordpress\/ -->\n<title>Appel \u00e0 projet pour les Pr\u00e9sences Performatives - DANSOM\u00c8TRE - espace de cr\u00e9ation chor\u00e9graphique - VEVEY<\/title>\n<meta name=\"robots\" content=\"index, follow, max-snippet:-1, max-image-preview:large, max-video-preview:-1\" \/>\n<link rel=\"canonical\" href=\"https:\/\/www.dansometre.ch\/en\/rdv-pro\/appel-a-projet-pour-les-presences-performatives\/\" \/>\n<meta property=\"og:locale\" content=\"en_US\" \/>\n<meta property=\"og:type\" content=\"article\" \/>\n<meta property=\"og:title\" content=\"Appel \u00e0 projet pour les Pr\u00e9sences Performatives - DANSOM\u00c8TRE - espace de cr\u00e9ation chor\u00e9graphique - VEVEY\" \/>\n<meta property=\"og:description\" content=\"Le Dansom\u00e8tre lance un appel pour la programmation de pi\u00e8ces chor\u00e9graphiques contemporaines qui auront lieu le 30 octobre 2026. Conditions Le dossier (en un seul pdf) doit contenir une br\u00e8ve pr\u00e9sentation de la compagnie, bios des intervenant\u00b7e\u00b7s, descriptif du projet (1 page max) avec un lien vid\u00e9o du projet en question ou d\u2019un autre travail. [&hellip;]\" \/>\n<meta property=\"og:url\" content=\"https:\/\/www.dansometre.ch\/en\/rdv-pro\/appel-a-projet-pour-les-presences-performatives\/\" \/>\n<meta property=\"og:site_name\" content=\"DANSOM\u00c8TRE - espace de cr\u00e9ation chor\u00e9graphique - VEVEY\" \/>\n<meta property=\"article:published_time\" content=\"2026-03-12T11:33:57+00:00\" \/>\n<meta property=\"article:modified_time\" content=\"2026-04-01T09:09:48+00:00\" \/>\n<meta property=\"og:image\" content=\"https:\/\/www.dansometre.ch\/wp-content\/uploads\/TF24_vevey_\u00a9Yuri-Sory_Anthro-10-scaled.jpg\" \/>\n\t<meta property=\"og:image:width\" content=\"2560\" \/>\n\t<meta property=\"og:image:height\" content=\"1707\" \/>\n\t<meta property=\"og:image:type\" content=\"image\/jpeg\" \/>\n<meta name=\"author\" content=\"jasmine\" \/>\n<meta name=\"twitter:card\" content=\"summary_large_image\" \/>\n<meta name=\"twitter:label1\" content=\"Written by\" \/>\n\t<meta name=\"twitter:data1\" content=\"jasmine\" \/>\n\t<meta name=\"twitter:label2\" content=\"Est. reading time\" \/>\n\t<meta name=\"twitter:data2\" content=\"2 minutes\" \/>\n<script type=\"application\/ld+json\" class=\"yoast-schema-graph\">{\"@context\":\"https:\\\/\\\/schema.org\",\"@graph\":[{\"@type\":\"Article\",\"@id\":\"https:\\\/\\\/www.dansometre.ch\\\/en\\\/rdv-pro\\\/appel-a-projet-pour-les-presences-performatives\\\/#article\",\"isPartOf\":{\"@id\":\"https:\\\/\\\/www.dansometre.ch\\\/en\\\/rdv-pro\\\/appel-a-projet-pour-les-presences-performatives\\\/\"},\"author\":{\"name\":\"jasmine\",\"@id\":\"https:\\\/\\\/www.dansometre.ch\\\/en\\\/#\\\/schema\\\/person\\\/e4a492ad0b0cb31374af62cb03e5a050\"},\"headline\":\"Appel \u00e0 projet pour les Pr\u00e9sences Performatives\",\"datePublished\":\"2026-03-12T11:33:57+00:00\",\"dateModified\":\"2026-04-01T09:09:48+00:00\",\"mainEntityOfPage\":{\"@id\":\"https:\\\/\\\/www.dansometre.ch\\\/en\\\/rdv-pro\\\/appel-a-projet-pour-les-presences-performatives\\\/\"},\"wordCount\":211,\"publisher\":{\"@id\":\"https:\\\/\\\/www.dansometre.ch\\\/en\\\/#organization\"},\"image\":{\"@id\":\"https:\\\/\\\/www.dansometre.ch\\\/en\\\/rdv-pro\\\/appel-a-projet-pour-les-presences-performatives\\\/#primaryimage\"},\"thumbnailUrl\":\"https:\\\/\\\/www.dansometre.ch\\\/wp-content\\\/uploads\\\/TF24_vevey_\u00a9Yuri-Sory_Anthro-10-scaled.jpg\",\"articleSection\":[\"Rendez-vous pro\"],\"inLanguage\":\"en-US\"},{\"@type\":\"WebPage\",\"@id\":\"https:\\\/\\\/www.dansometre.ch\\\/en\\\/rdv-pro\\\/appel-a-projet-pour-les-presences-performatives\\\/\",\"url\":\"https:\\\/\\\/www.dansometre.ch\\\/en\\\/rdv-pro\\\/appel-a-projet-pour-les-presences-performatives\\\/\",\"name\":\"Appel \u00e0 projet pour les Pr\u00e9sences Performatives - DANSOM\u00c8TRE - espace de cr\u00e9ation chor\u00e9graphique - VEVEY\",\"isPartOf\":{\"@id\":\"https:\\\/\\\/www.dansometre.ch\\\/en\\\/#website\"},\"primaryImageOfPage\":{\"@id\":\"https:\\\/\\\/www.dansometre.ch\\\/en\\\/rdv-pro\\\/appel-a-projet-pour-les-presences-performatives\\\/#primaryimage\"},\"image\":{\"@id\":\"https:\\\/\\\/www.dansometre.ch\\\/en\\\/rdv-pro\\\/appel-a-projet-pour-les-presences-performatives\\\/#primaryimage\"},\"thumbnailUrl\":\"https:\\\/\\\/www.dansometre.ch\\\/wp-content\\\/uploads\\\/TF24_vevey_\u00a9Yuri-Sory_Anthro-10-scaled.jpg\",\"datePublished\":\"2026-03-12T11:33:57+00:00\",\"dateModified\":\"2026-04-01T09:09:48+00:00\",\"breadcrumb\":{\"@id\":\"https:\\\/\\\/www.dansometre.ch\\\/en\\\/rdv-pro\\\/appel-a-projet-pour-les-presences-performatives\\\/#breadcrumb\"},\"inLanguage\":\"en-US\",\"potentialAction\":[{\"@type\":\"ReadAction\",\"target\":[\"https:\\\/\\\/www.dansometre.ch\\\/en\\\/rdv-pro\\\/appel-a-projet-pour-les-presences-performatives\\\/\"]}]},{\"@type\":\"ImageObject\",\"inLanguage\":\"en-US\",\"@id\":\"https:\\\/\\\/www.dansometre.ch\\\/en\\\/rdv-pro\\\/appel-a-projet-pour-les-presences-performatives\\\/#primaryimage\",\"url\":\"https:\\\/\\\/www.dansometre.ch\\\/wp-content\\\/uploads\\\/TF24_vevey_\u00a9Yuri-Sory_Anthro-10-scaled.jpg\",\"contentUrl\":\"https:\\\/\\\/www.dansometre.ch\\\/wp-content\\\/uploads\\\/TF24_vevey_\u00a9Yuri-Sory_Anthro-10-scaled.jpg\",\"width\":2560,\"height\":1707,\"caption\":\"Tf24_vevey_\u00a9yuri Sory_anthro-10 DANSOM\u00c8TRE - espace de cr\u00e9ation chor\u00e9graphique - VEVEY\"},{\"@type\":\"BreadcrumbList\",\"@id\":\"https:\\\/\\\/www.dansometre.ch\\\/en\\\/rdv-pro\\\/appel-a-projet-pour-les-presences-performatives\\\/#breadcrumb\",\"itemListElement\":[{\"@type\":\"ListItem\",\"position\":1,\"name\":\"Accueil\",\"item\":\"https:\\\/\\\/www.dansometre.ch\\\/en\\\/\"},{\"@type\":\"ListItem\",\"position\":2,\"name\":\"Appel \u00e0 projet pour les Pr\u00e9sences Performatives\"}]},{\"@type\":\"WebSite\",\"@id\":\"https:\\\/\\\/www.dansometre.ch\\\/en\\\/#website\",\"url\":\"https:\\\/\\\/www.dansometre.ch\\\/en\\\/\",\"name\":\"DANSOM\u00c8TRE - espace de cr\u00e9ation chor\u00e9graphique - VEVEY\",\"description\":\"\",\"publisher\":{\"@id\":\"https:\\\/\\\/www.dansometre.ch\\\/en\\\/#organization\"},\"potentialAction\":[{\"@type\":\"SearchAction\",\"target\":{\"@type\":\"EntryPoint\",\"urlTemplate\":\"https:\\\/\\\/www.dansometre.ch\\\/en\\\/?s={search_term_string}\"},\"query-input\":{\"@type\":\"PropertyValueSpecification\",\"valueRequired\":true,\"valueName\":\"search_term_string\"}}],\"inLanguage\":\"en-US\"},{\"@type\":\"Organization\",\"@id\":\"https:\\\/\\\/www.dansometre.ch\\\/en\\\/#organization\",\"name\":\"DANSOM\u00c8TRE - espace de cr\u00e9ation chor\u00e9graphique - VEVEY\",\"url\":\"https:\\\/\\\/www.dansometre.ch\\\/en\\\/\",\"logo\":{\"@type\":\"ImageObject\",\"inLanguage\":\"en-US\",\"@id\":\"https:\\\/\\\/www.dansometre.ch\\\/en\\\/#\\\/schema\\\/logo\\\/image\\\/\",\"url\":\"https:\\\/\\\/www.dansometre.ch\\\/wp-content\\\/uploads\\\/favicon.png\",\"contentUrl\":\"https:\\\/\\\/www.dansometre.ch\\\/wp-content\\\/uploads\\\/favicon.png\",\"width\":1200,\"height\":1200,\"caption\":\"DANSOM\u00c8TRE - espace de cr\u00e9ation chor\u00e9graphique - VEVEY\"},\"image\":{\"@id\":\"https:\\\/\\\/www.dansometre.ch\\\/en\\\/#\\\/schema\\\/logo\\\/image\\\/\"}},{\"@type\":\"Person\",\"@id\":\"https:\\\/\\\/www.dansometre.ch\\\/en\\\/#\\\/schema\\\/person\\\/e4a492ad0b0cb31374af62cb03e5a050\",\"name\":\"jasmine\",\"image\":{\"@type\":\"ImageObject\",\"inLanguage\":\"en-US\",\"@id\":\"https:\\\/\\\/secure.gravatar.com\\\/avatar\\\/17af7ce1d97fddf2be9fcb6d28b59eda9f84b49e46ceb695d1455b7c5437fcc4?s=96&d=mm&r=g\",\"url\":\"https:\\\/\\\/secure.gravatar.com\\\/avatar\\\/17af7ce1d97fddf2be9fcb6d28b59eda9f84b49e46ceb695d1455b7c5437fcc4?s=96&d=mm&r=g\",\"contentUrl\":\"https:\\\/\\\/secure.gravatar.com\\\/avatar\\\/17af7ce1d97fddf2be9fcb6d28b59eda9f84b49e46ceb695d1455b7c5437fcc4?s=96&d=mm&r=g\",\"caption\":\"jasmine\"},\"url\":\"https:\\\/\\\/www.dansometre.ch\\\/en\\\/author\\\/jasmine\\\/\"}]}<\/script>\n<!-- \/ Yoast SEO plugin. -->","yoast_head_json":{"title":"Appel \u00e0 projet pour les Pr\u00e9sences Performatives - DANSOM\u00c8TRE - espace de cr\u00e9ation chor\u00e9graphique - VEVEY","robots":{"index":"index","follow":"follow","max-snippet":"max-snippet:-1","max-image-preview":"max-image-preview:large","max-video-preview":"max-video-preview:-1"},"canonical":"https:\/\/www.dansometre.ch\/en\/rdv-pro\/appel-a-projet-pour-les-presences-performatives\/","og_locale":"en_US","og_type":"article","og_title":"Appel \u00e0 projet pour les Pr\u00e9sences Performatives - DANSOM\u00c8TRE - espace de cr\u00e9ation chor\u00e9graphique - VEVEY","og_description":"Le Dansom\u00e8tre lance un appel pour la programmation de pi\u00e8ces chor\u00e9graphiques contemporaines qui auront lieu le 30 octobre 2026. Conditions Le dossier (en un seul pdf) doit contenir une br\u00e8ve pr\u00e9sentation de la compagnie, bios des intervenant\u00b7e\u00b7s, descriptif du projet (1 page max) avec un lien vid\u00e9o du projet en question ou d\u2019un autre travail. [&hellip;]","og_url":"https:\/\/www.dansometre.ch\/en\/rdv-pro\/appel-a-projet-pour-les-presences-performatives\/","og_site_name":"DANSOM\u00c8TRE - espace de cr\u00e9ation chor\u00e9graphique - VEVEY","article_published_time":"2026-03-12T11:33:57+00:00","article_modified_time":"2026-04-01T09:09:48+00:00","og_image":[{"width":2560,"height":1707,"url":"https:\/\/www.dansometre.ch\/wp-content\/uploads\/TF24_vevey_\u00a9Yuri-Sory_Anthro-10-scaled.jpg","type":"image\/jpeg"}],"author":"jasmine","twitter_card":"summary_large_image","twitter_misc":{"Written by":"jasmine","Est. reading time":"2 minutes"},"schema":{"@context":"https:\/\/schema.org","@graph":[{"@type":"Article","@id":"https:\/\/www.dansometre.ch\/en\/rdv-pro\/appel-a-projet-pour-les-presences-performatives\/#article","isPartOf":{"@id":"https:\/\/www.dansometre.ch\/en\/rdv-pro\/appel-a-projet-pour-les-presences-performatives\/"},"author":{"name":"jasmine","@id":"https:\/\/www.dansometre.ch\/en\/#\/schema\/person\/e4a492ad0b0cb31374af62cb03e5a050"},"headline":"Appel \u00e0 projet pour les Pr\u00e9sences Performatives","datePublished":"2026-03-12T11:33:57+00:00","dateModified":"2026-04-01T09:09:48+00:00","mainEntityOfPage":{"@id":"https:\/\/www.dansometre.ch\/en\/rdv-pro\/appel-a-projet-pour-les-presences-performatives\/"},"wordCount":211,"publisher":{"@id":"https:\/\/www.dansometre.ch\/en\/#organization"},"image":{"@id":"https:\/\/www.dansometre.ch\/en\/rdv-pro\/appel-a-projet-pour-les-presences-performatives\/#primaryimage"},"thumbnailUrl":"https:\/\/www.dansometre.ch\/wp-content\/uploads\/TF24_vevey_\u00a9Yuri-Sory_Anthro-10-scaled.jpg","articleSection":["Rendez-vous pro"],"inLanguage":"en-US"},{"@type":"WebPage","@id":"https:\/\/www.dansometre.ch\/en\/rdv-pro\/appel-a-projet-pour-les-presences-performatives\/","url":"https:\/\/www.dansometre.ch\/en\/rdv-pro\/appel-a-projet-pour-les-presences-performatives\/","name":"Appel \u00e0 projet pour les Pr\u00e9sences Performatives - DANSOM\u00c8TRE - espace de cr\u00e9ation chor\u00e9graphique - VEVEY","isPartOf":{"@id":"https:\/\/www.dansometre.ch\/en\/#website"},"primaryImageOfPage":{"@id":"https:\/\/www.dansometre.ch\/en\/rdv-pro\/appel-a-projet-pour-les-presences-performatives\/#primaryimage"},"image":{"@id":"https:\/\/www.dansometre.ch\/en\/rdv-pro\/appel-a-projet-pour-les-presences-performatives\/#primaryimage"},"thumbnailUrl":"https:\/\/www.dansometre.ch\/wp-content\/uploads\/TF24_vevey_\u00a9Yuri-Sory_Anthro-10-scaled.jpg","datePublished":"2026-03-12T11:33:57+00:00","dateModified":"2026-04-01T09:09:48+00:00","breadcrumb":{"@id":"https:\/\/www.dansometre.ch\/en\/rdv-pro\/appel-a-projet-pour-les-presences-performatives\/#breadcrumb"},"inLanguage":"en-US","potentialAction":[{"@type":"ReadAction","target":["https:\/\/www.dansometre.ch\/en\/rdv-pro\/appel-a-projet-pour-les-presences-performatives\/"]}]},{"@type":"ImageObject","inLanguage":"en-US","@id":"https:\/\/www.dansometre.ch\/en\/rdv-pro\/appel-a-projet-pour-les-presences-performatives\/#primaryimage","url":"https:\/\/www.dansometre.ch\/wp-content\/uploads\/TF24_vevey_\u00a9Yuri-Sory_Anthro-10-scaled.jpg","contentUrl":"https:\/\/www.dansometre.ch\/wp-content\/uploads\/TF24_vevey_\u00a9Yuri-Sory_Anthro-10-scaled.jpg","width":2560,"height":1707,"caption":"Tf24_vevey_\u00a9yuri Sory_anthro-10 DANSOM\u00c8TRE - espace de cr\u00e9ation chor\u00e9graphique - VEVEY"},{"@type":"BreadcrumbList","@id":"https:\/\/www.dansometre.ch\/en\/rdv-pro\/appel-a-projet-pour-les-presences-performatives\/#breadcrumb","itemListElement":[{"@type":"ListItem","position":1,"name":"Accueil","item":"https:\/\/www.dansometre.ch\/en\/"},{"@type":"ListItem","position":2,"name":"Appel \u00e0 projet pour les Pr\u00e9sences Performatives"}]},{"@type":"WebSite","@id":"https:\/\/www.dansometre.ch\/en\/#website","url":"https:\/\/www.dansometre.ch\/en\/","name":"DANSOM\u00c8TRE - espace de cr\u00e9ation chor\u00e9graphique - VEVEY","description":"","publisher":{"@id":"https:\/\/www.dansometre.ch\/en\/#organization"},"potentialAction":[{"@type":"SearchAction","target":{"@type":"EntryPoint","urlTemplate":"https:\/\/www.dansometre.ch\/en\/?s={search_term_string}"},"query-input":{"@type":"PropertyValueSpecification","valueRequired":true,"valueName":"search_term_string"}}],"inLanguage":"en-US"},{"@type":"Organization","@id":"https:\/\/www.dansometre.ch\/en\/#organization","name":"DANSOM\u00c8TRE - espace de cr\u00e9ation chor\u00e9graphique - VEVEY","url":"https:\/\/www.dansometre.ch\/en\/","logo":{"@type":"ImageObject","inLanguage":"en-US","@id":"https:\/\/www.dansometre.ch\/en\/#\/schema\/logo\/image\/","url":"https:\/\/www.dansometre.ch\/wp-content\/uploads\/favicon.png","contentUrl":"https:\/\/www.dansometre.ch\/wp-content\/uploads\/favicon.png","width":1200,"height":1200,"caption":"DANSOM\u00c8TRE - espace de cr\u00e9ation chor\u00e9graphique - VEVEY"},"image":{"@id":"https:\/\/www.dansometre.ch\/en\/#\/schema\/logo\/image\/"}},{"@type":"Person","@id":"https:\/\/www.dansometre.ch\/en\/#\/schema\/person\/e4a492ad0b0cb31374af62cb03e5a050","name":"jasmine","image":{"@type":"ImageObject","inLanguage":"en-US","@id":"https:\/\/secure.gravatar.com\/avatar\/17af7ce1d97fddf2be9fcb6d28b59eda9f84b49e46ceb695d1455b7c5437fcc4?s=96&d=mm&r=g","url":"https:\/\/secure.gravatar.com\/avatar\/17af7ce1d97fddf2be9fcb6d28b59eda9f84b49e46ceb695d1455b7c5437fcc4?s=96&d=mm&r=g","contentUrl":"https:\/\/secure.gravatar.com\/avatar\/17af7ce1d97fddf2be9fcb6d28b59eda9f84b49e46ceb695d1455b7c5437fcc4?s=96&d=mm&r=g","caption":"jasmine"},"url":"https:\/\/www.dansometre.ch\/en\/author\/jasmine\/"}]}},"mfb_rest_fields":["title","yoast_head","yoast_head_json"],"_links":{"self":[{"href":"https:\/\/www.dansometre.ch\/en\/wp-json\/wp\/v2\/posts\/6235","targetHints":{"allow":["GET"]}}],"collection":[{"href":"https:\/\/www.dansometre.ch\/en\/wp-json\/wp\/v2\/posts"}],"about":[{"href":"https:\/\/www.dansometre.ch\/en\/wp-json\/wp\/v2\/types\/post"}],"author":[{"embeddable":true,"href":"https:\/\/www.dansometre.ch\/en\/wp-json\/wp\/v2\/users\/2"}],"replies":[{"embeddable":true,"href":"https:\/\/www.dansometre.ch\/en\/wp-json\/wp\/v2\/comments?post=6235"}],"version-history":[{"count":1,"href":"https:\/\/www.dansometre.ch\/en\/wp-json\/wp\/v2\/posts\/6235\/revisions"}],"predecessor-version":[{"id":6236,"href":"https:\/\/www.dansometre.ch\/en\/wp-json\/wp\/v2\/posts\/6235\/revisions\/6236"}],"wp:featuredmedia":[{"embeddable":true,"href":"https:\/\/www.dansometre.ch\/en\/wp-json\/wp\/v2\/media\/5483"}],"wp:attachment":[{"href":"https:\/\/www.dansometre.ch\/en\/wp-json\/wp\/v2\/media?parent=6235"}],"wp:term":[{"taxonomy":"category","embeddable":true,"href":"https:\/\/www.dansometre.ch\/en\/wp-json\/wp\/v2\/categories?post=6235"},{"taxonomy":"post_tag","embeddable":true,"href":"https:\/\/www.dansometre.ch\/en\/wp-json\/wp\/v2\/tags?post=6235"}],"curies":[{"name":"wp","href":"https:\/\/api.w.org\/{rel}","templated":true}]}}