{"id":6846,"date":"2026-08-19T13:53:31","date_gmt":"2026-08-19T11:53:31","guid":{"rendered":"https:\/\/www.dansometre.ch\/?p=6846"},"modified":"2026-08-19T13:53:44","modified_gmt":"2026-08-19T11:53:44","slug":"atelier-inclusif-danse-assise-2","status":"publish","type":"post","link":"https:\/\/www.dansometre.ch\/en\/ateliers\/atelier-inclusif-danse-assise-2\/","title":{"rendered":"Atelier inclusif :\u00a0danse assise"},"content":{"rendered":"\n<p>Lors de cet atelier de mouvement, vous serez invit\u00e9\u2219x\u2219es \u00e0 :&nbsp;explorer vos sensations en douceur et avec bienveillance,&nbsp;exercer votre mobilit\u00e9 selon vos possibilit\u00e9s,&nbsp;danser assis\u00b7s\u00b7es ou debout sur de la musique selon vos envies,&nbsp;improviser de mani\u00e8re ludique \u00e0 deux, trois ou plus.&nbsp;<\/p>\n\n\n\n<p><strong>Laura Gaillard<\/strong> d\u00e9cide de s&#8217;orienter vers la danse contemporaine, apr\u00e8s un master universitaire en sociologie et \u00e9conomie.&nbsp;<br>Elle \u00e9tudie \u00e0 la Manufacture, Haute \u00e9cole des arts de la sc\u00e8ne (HEARTS) \u00e0 Lausanne.&nbsp;<br>En tant qu\u2019interpr\u00e8te, elle travaille entre autres pour J\u00e9r\u00f4me Bel, Foofwa d\u2019Imobilit\u00e9, Massimo Furlan, Nicolas Turicchia, Mirjam Gurtner, Isis Fahmy &amp; Beno\u00eet Renaudin, Marion Baeriswyl, Yasmine Hugonnet et Nicole Seiler.&nbsp;<br>Depuis 2019, elle contribue au d\u00e9veloppement de plusieurs projets artistiques et de m\u00e9diation culturelle articulant le mouvement et la voix, parfois autour de textes ou encore de l\u2019\u00e9criture.&nbsp;<br>En 2022 et 2023, elle occupe le poste d&#8217;assistante de recherche et d&#8217;enseignement \u00e0 la Manufacture (HEARTS). En 2024\u20132025, elle m\u00e8ne le projet de recherche \u00ab les voix du mouvement dans\u00e9 \u00bb \u00e0 la Manufacture en partenariat avec le Dansom\u00e8tre, le Th\u00e9\u00e2tre de S\u00e9velin 36 et le Far\u00b0 Nyon.<\/p>\n\n\n\n<p><strong>INFORMATIONS<\/strong><\/p>\n\n\n\n<p><strong>Atelier tout public<\/strong> : PMR et accompagnant\u00b7e\u00b7s, seniors bienvenus aussi avec ou sans accompagnant\u00b7e\u00b7s et\/ou leurs enfants.<\/p>\n\n\n\n<p><strong>Tarifs<\/strong>&nbsp;(prix conseill\u00e9) : CHF 20.- (adulte) \/ CHF 10.- (membres avdc, Association Genevoise des M\u00e9tiers de la Danse &#8211; AGMD et Action-Danse Fribourg) <\/p>\n\n\n\n<p>\u2013 Gratuit sur pr\u00e9sentation de la carte culture Caritas et la carte S\u00e9same.<br>\u2013 Mode de payement : en cash ou par Twint sur place<\/p>\n\n\n\n<p><strong>Renseignement et inscription<\/strong>&nbsp;:&nbsp;<a href=\"mailto:info@dansometre.ch\"><strong>info@dansometre.ch<\/strong><\/a><\/p>\n\n\n\n<p><em>Inscription recommand\u00e9e, mais il est \u00e9galement possible de venir sur place directement.<\/em><\/p>\n\n\n\n<p><strong>Accessibilit\u00e9<\/strong>&nbsp;: acc\u00e8s PMR<\/p>\n\n\n\n<p><strong>Lieu :<\/strong>&nbsp;Dansom\u00e8tre, Avenue de Corsier 19, 1800 Vevey<\/p>\n\n\n\n<p>Pour la saison 26-27 et ses projets, le Dansom\u00e8tre est soutenu par :<\/p>\n\n\n\n<figure class=\"wp-block-image size-large\"><a href=\"https:\/\/www.dansometre.ch\/wp-content\/uploads\/DANSOMETRE_26-27_sponsor_logos_980x110px_29.07_1-1.png\" data-lbwps-width=\"4083\" data-lbwps-height=\"458\" data-lbwps-srcsmall=\"https:\/\/www.dansometre.ch\/wp-content\/uploads\/DANSOMETRE_26-27_sponsor_logos_980x110px_29.07_1-1-300x34.png\"><img loading=\"lazy\" decoding=\"async\" width=\"1024\" height=\"115\" src=\"https:\/\/www.dansometre.ch\/wp-content\/uploads\/DANSOMETRE_26-27_sponsor_logos_980x110px_29.07_1-1-1024x115.png\" alt=\"Dansometre_26-27_sponsor_logos_980x110px_29.07_1 DANSOM\u00c8TRE - espace de cr\u00e9ation chor\u00e9graphique - VEVEY\" class=\"wp-image-6812\" srcset=\"https:\/\/www.dansometre.ch\/wp-content\/uploads\/DANSOMETRE_26-27_sponsor_logos_980x110px_29.07_1-1-1024x115.png 1024w, https:\/\/www.dansometre.ch\/wp-content\/uploads\/DANSOMETRE_26-27_sponsor_logos_980x110px_29.07_1-1-300x34.png 300w, https:\/\/www.dansometre.ch\/wp-content\/uploads\/DANSOMETRE_26-27_sponsor_logos_980x110px_29.07_1-1-768x86.png 768w, https:\/\/www.dansometre.ch\/wp-content\/uploads\/DANSOMETRE_26-27_sponsor_logos_980x110px_29.07_1-1-1536x172.png 1536w, https:\/\/www.dansometre.ch\/wp-content\/uploads\/DANSOMETRE_26-27_sponsor_logos_980x110px_29.07_1-1-2048x230.png 2048w\" sizes=\"auto, (max-width: 1024px) 100vw, 1024px\" \/><\/a><\/figure>\n\n\n\n<p>Photo : \u00a9L\u00e6titia Gessler<br>Mise en forme : Ultrastudio.ch<\/p>\n","protected":false},"excerpt":{"rendered":"<p>Lors de cet atelier de mouvement, vous serez invit\u00e9\u2219x\u2219es \u00e0 :&nbsp;explorer vos sensations en douceur et avec bienveillance,&nbsp;exercer votre mobilit\u00e9 selon vos possibilit\u00e9s,&nbsp;danser assis\u00b7s\u00b7es ou debout sur de la musique selon vos envies,&nbsp;improviser de mani\u00e8re ludique \u00e0 deux, trois ou plus.&nbsp; Laura Gaillard d\u00e9cide de s&#8217;orienter vers la danse contemporaine, apr\u00e8s un master universitaire en [&hellip;]<\/p>\n","protected":false},"author":2,"featured_media":6847,"comment_status":"closed","ping_status":"closed","sticky":false,"template":"","format":"standard","meta":{"_acf_changed":false,"inline_featured_image":false,"footnotes":""},"categories":[80],"tags":[],"class_list":["post-6846","post","type-post","status-publish","format-standard","has-post-thumbnail","hentry","category-ateliers"],"acf":[],"mb":[],"yoast_head":"<!-- This site is optimized with the Yoast SEO plugin v28.3 - https:\/\/yoast.com\/product\/yoast-seo-wordpress\/ -->\n<title>Atelier inclusif :\u00a0danse assise - DANSOM\u00c8TRE - espace de cr\u00e9ation chor\u00e9graphique - VEVEY<\/title>\n<meta name=\"robots\" content=\"index, follow, max-snippet:-1, max-image-preview:large, max-video-preview:-1\" \/>\n<link rel=\"canonical\" href=\"https:\/\/www.dansometre.ch\/en\/ateliers\/atelier-inclusif-danse-assise-2\/\" \/>\n<meta property=\"og:locale\" content=\"en_US\" \/>\n<meta property=\"og:type\" content=\"article\" \/>\n<meta property=\"og:title\" content=\"Atelier inclusif :\u00a0danse assise - DANSOM\u00c8TRE - espace de cr\u00e9ation chor\u00e9graphique - VEVEY\" \/>\n<meta property=\"og:description\" content=\"Lors de cet atelier de mouvement, vous serez invit\u00e9\u2219x\u2219es \u00e0 :&nbsp;explorer vos sensations en douceur et avec bienveillance,&nbsp;exercer votre mobilit\u00e9 selon vos possibilit\u00e9s,&nbsp;danser assis\u00b7s\u00b7es ou debout sur de la musique selon vos envies,&nbsp;improviser de mani\u00e8re ludique \u00e0 deux, trois ou plus.&nbsp; Laura Gaillard d\u00e9cide de s&#8217;orienter vers la danse contemporaine, apr\u00e8s un master universitaire en [&hellip;]\" \/>\n<meta property=\"og:url\" content=\"https:\/\/www.dansometre.ch\/en\/ateliers\/atelier-inclusif-danse-assise-2\/\" \/>\n<meta property=\"og:site_name\" content=\"DANSOM\u00c8TRE - espace de cr\u00e9ation chor\u00e9graphique - VEVEY\" \/>\n<meta property=\"article:published_time\" content=\"2026-08-19T11:53:31+00:00\" \/>\n<meta property=\"article:modified_time\" content=\"2026-08-19T11:53:44+00:00\" \/>\n<meta property=\"og:image\" content=\"https:\/\/www.dansometre.ch\/wp-content\/uploads\/DANSOMETRE_2026_RS_1080x1080px_15.07.2026_4-1024x1024.jpg\" \/>\n\t<meta property=\"og:image:width\" content=\"1024\" \/>\n\t<meta property=\"og:image:height\" content=\"1024\" \/>\n\t<meta property=\"og:image:type\" content=\"image\/jpeg\" \/>\n<meta name=\"author\" content=\"jasmine\" \/>\n<meta name=\"twitter:card\" content=\"summary_large_image\" \/>\n<meta name=\"twitter:label1\" content=\"Written by\" \/>\n\t<meta name=\"twitter:data1\" content=\"jasmine\" \/>\n\t<meta name=\"twitter:label2\" content=\"Est. reading time\" \/>\n\t<meta name=\"twitter:data2\" content=\"2 minutes\" \/>\n<script type=\"application\/ld+json\" class=\"yoast-schema-graph\">{\"@context\":\"https:\\\/\\\/schema.org\",\"@graph\":[{\"@type\":\"Article\",\"@id\":\"https:\\\/\\\/www.dansometre.ch\\\/en\\\/ateliers\\\/atelier-inclusif-danse-assise-2\\\/#article\",\"isPartOf\":{\"@id\":\"https:\\\/\\\/www.dansometre.ch\\\/en\\\/ateliers\\\/atelier-inclusif-danse-assise-2\\\/\"},\"author\":{\"name\":\"jasmine\",\"@id\":\"https:\\\/\\\/www.dansometre.ch\\\/en\\\/#\\\/schema\\\/person\\\/e4a492ad0b0cb31374af62cb03e5a050\"},\"headline\":\"Atelier inclusif :\u00a0danse assise\",\"datePublished\":\"2026-08-19T11:53:31+00:00\",\"dateModified\":\"2026-08-19T11:53:44+00:00\",\"mainEntityOfPage\":{\"@id\":\"https:\\\/\\\/www.dansometre.ch\\\/en\\\/ateliers\\\/atelier-inclusif-danse-assise-2\\\/\"},\"wordCount\":333,\"publisher\":{\"@id\":\"https:\\\/\\\/www.dansometre.ch\\\/en\\\/#organization\"},\"image\":{\"@id\":\"https:\\\/\\\/www.dansometre.ch\\\/en\\\/ateliers\\\/atelier-inclusif-danse-assise-2\\\/#primaryimage\"},\"thumbnailUrl\":\"https:\\\/\\\/www.dansometre.ch\\\/wp-content\\\/uploads\\\/DANSOMETRE_2026_RS_1080x1080px_15.07.2026_4.jpg\",\"articleSection\":[\"Ateliers\"],\"inLanguage\":\"en-US\"},{\"@type\":\"WebPage\",\"@id\":\"https:\\\/\\\/www.dansometre.ch\\\/en\\\/ateliers\\\/atelier-inclusif-danse-assise-2\\\/\",\"url\":\"https:\\\/\\\/www.dansometre.ch\\\/en\\\/ateliers\\\/atelier-inclusif-danse-assise-2\\\/\",\"name\":\"Atelier inclusif :\u00a0danse assise - DANSOM\u00c8TRE - espace de cr\u00e9ation chor\u00e9graphique - VEVEY\",\"isPartOf\":{\"@id\":\"https:\\\/\\\/www.dansometre.ch\\\/en\\\/#website\"},\"primaryImageOfPage\":{\"@id\":\"https:\\\/\\\/www.dansometre.ch\\\/en\\\/ateliers\\\/atelier-inclusif-danse-assise-2\\\/#primaryimage\"},\"image\":{\"@id\":\"https:\\\/\\\/www.dansometre.ch\\\/en\\\/ateliers\\\/atelier-inclusif-danse-assise-2\\\/#primaryimage\"},\"thumbnailUrl\":\"https:\\\/\\\/www.dansometre.ch\\\/wp-content\\\/uploads\\\/DANSOMETRE_2026_RS_1080x1080px_15.07.2026_4.jpg\",\"datePublished\":\"2026-08-19T11:53:31+00:00\",\"dateModified\":\"2026-08-19T11:53:44+00:00\",\"breadcrumb\":{\"@id\":\"https:\\\/\\\/www.dansometre.ch\\\/en\\\/ateliers\\\/atelier-inclusif-danse-assise-2\\\/#breadcrumb\"},\"inLanguage\":\"en-US\",\"potentialAction\":[{\"@type\":\"ReadAction\",\"target\":[\"https:\\\/\\\/www.dansometre.ch\\\/en\\\/ateliers\\\/atelier-inclusif-danse-assise-2\\\/\"]}]},{\"@type\":\"ImageObject\",\"inLanguage\":\"en-US\",\"@id\":\"https:\\\/\\\/www.dansometre.ch\\\/en\\\/ateliers\\\/atelier-inclusif-danse-assise-2\\\/#primaryimage\",\"url\":\"https:\\\/\\\/www.dansometre.ch\\\/wp-content\\\/uploads\\\/DANSOMETRE_2026_RS_1080x1080px_15.07.2026_4.jpg\",\"contentUrl\":\"https:\\\/\\\/www.dansometre.ch\\\/wp-content\\\/uploads\\\/DANSOMETRE_2026_RS_1080x1080px_15.07.2026_4.jpg\",\"width\":2250,\"height\":2250,\"caption\":\"Dansometre_2026_rs_1080x1080px_15.07.2026_4 DANSOM\u00c8TRE - espace de cr\u00e9ation chor\u00e9graphique - VEVEY\"},{\"@type\":\"BreadcrumbList\",\"@id\":\"https:\\\/\\\/www.dansometre.ch\\\/en\\\/ateliers\\\/atelier-inclusif-danse-assise-2\\\/#breadcrumb\",\"itemListElement\":[{\"@type\":\"ListItem\",\"position\":1,\"name\":\"Accueil\",\"item\":\"https:\\\/\\\/www.dansometre.ch\\\/en\\\/\"},{\"@type\":\"ListItem\",\"position\":2,\"name\":\"Atelier inclusif :\u00a0danse assise\"}]},{\"@type\":\"WebSite\",\"@id\":\"https:\\\/\\\/www.dansometre.ch\\\/en\\\/#website\",\"url\":\"https:\\\/\\\/www.dansometre.ch\\\/en\\\/\",\"name\":\"DANSOM\u00c8TRE - espace de cr\u00e9ation chor\u00e9graphique - VEVEY\",\"description\":\"\",\"publisher\":{\"@id\":\"https:\\\/\\\/www.dansometre.ch\\\/en\\\/#organization\"},\"potentialAction\":[{\"@type\":\"SearchAction\",\"target\":{\"@type\":\"EntryPoint\",\"urlTemplate\":\"https:\\\/\\\/www.dansometre.ch\\\/en\\\/?s={search_term_string}\"},\"query-input\":{\"@type\":\"PropertyValueSpecification\",\"valueRequired\":true,\"valueName\":\"search_term_string\"}}],\"inLanguage\":\"en-US\"},{\"@type\":\"Organization\",\"@id\":\"https:\\\/\\\/www.dansometre.ch\\\/en\\\/#organization\",\"name\":\"DANSOM\u00c8TRE - espace de cr\u00e9ation chor\u00e9graphique - VEVEY\",\"url\":\"https:\\\/\\\/www.dansometre.ch\\\/en\\\/\",\"logo\":{\"@type\":\"ImageObject\",\"inLanguage\":\"en-US\",\"@id\":\"https:\\\/\\\/www.dansometre.ch\\\/en\\\/#\\\/schema\\\/logo\\\/image\\\/\",\"url\":\"https:\\\/\\\/www.dansometre.ch\\\/wp-content\\\/uploads\\\/favicon.png\",\"contentUrl\":\"https:\\\/\\\/www.dansometre.ch\\\/wp-content\\\/uploads\\\/favicon.png\",\"width\":1200,\"height\":1200,\"caption\":\"DANSOM\u00c8TRE - espace de cr\u00e9ation chor\u00e9graphique - VEVEY\"},\"image\":{\"@id\":\"https:\\\/\\\/www.dansometre.ch\\\/en\\\/#\\\/schema\\\/logo\\\/image\\\/\"}},{\"@type\":\"Person\",\"@id\":\"https:\\\/\\\/www.dansometre.ch\\\/en\\\/#\\\/schema\\\/person\\\/e4a492ad0b0cb31374af62cb03e5a050\",\"name\":\"jasmine\",\"image\":{\"@type\":\"ImageObject\",\"inLanguage\":\"en-US\",\"@id\":\"https:\\\/\\\/secure.gravatar.com\\\/avatar\\\/17af7ce1d97fddf2be9fcb6d28b59eda9f84b49e46ceb695d1455b7c5437fcc4?s=96&d=mm&r=g\",\"url\":\"https:\\\/\\\/secure.gravatar.com\\\/avatar\\\/17af7ce1d97fddf2be9fcb6d28b59eda9f84b49e46ceb695d1455b7c5437fcc4?s=96&d=mm&r=g\",\"contentUrl\":\"https:\\\/\\\/secure.gravatar.com\\\/avatar\\\/17af7ce1d97fddf2be9fcb6d28b59eda9f84b49e46ceb695d1455b7c5437fcc4?s=96&d=mm&r=g\",\"caption\":\"jasmine\"},\"url\":\"https:\\\/\\\/www.dansometre.ch\\\/en\\\/author\\\/jasmine\\\/\"}]}<\/script>\n<!-- \/ Yoast SEO plugin. -->","yoast_head_json":{"title":"Atelier inclusif :\u00a0danse assise - DANSOM\u00c8TRE - espace de cr\u00e9ation chor\u00e9graphique - VEVEY","robots":{"index":"index","follow":"follow","max-snippet":"max-snippet:-1","max-image-preview":"max-image-preview:large","max-video-preview":"max-video-preview:-1"},"canonical":"https:\/\/www.dansometre.ch\/en\/ateliers\/atelier-inclusif-danse-assise-2\/","og_locale":"en_US","og_type":"article","og_title":"Atelier inclusif :\u00a0danse assise - DANSOM\u00c8TRE - espace de cr\u00e9ation chor\u00e9graphique - VEVEY","og_description":"Lors de cet atelier de mouvement, vous serez invit\u00e9\u2219x\u2219es \u00e0 :&nbsp;explorer vos sensations en douceur et avec bienveillance,&nbsp;exercer votre mobilit\u00e9 selon vos possibilit\u00e9s,&nbsp;danser assis\u00b7s\u00b7es ou debout sur de la musique selon vos envies,&nbsp;improviser de mani\u00e8re ludique \u00e0 deux, trois ou plus.&nbsp; Laura Gaillard d\u00e9cide de s&#8217;orienter vers la danse contemporaine, apr\u00e8s un master universitaire en [&hellip;]","og_url":"https:\/\/www.dansometre.ch\/en\/ateliers\/atelier-inclusif-danse-assise-2\/","og_site_name":"DANSOM\u00c8TRE - espace de cr\u00e9ation chor\u00e9graphique - VEVEY","article_published_time":"2026-08-19T11:53:31+00:00","article_modified_time":"2026-08-19T11:53:44+00:00","og_image":[{"width":1024,"height":1024,"url":"https:\/\/www.dansometre.ch\/wp-content\/uploads\/DANSOMETRE_2026_RS_1080x1080px_15.07.2026_4-1024x1024.jpg","type":"image\/jpeg"}],"author":"jasmine","twitter_card":"summary_large_image","twitter_misc":{"Written by":"jasmine","Est. reading time":"2 minutes"},"schema":{"@context":"https:\/\/schema.org","@graph":[{"@type":"Article","@id":"https:\/\/www.dansometre.ch\/en\/ateliers\/atelier-inclusif-danse-assise-2\/#article","isPartOf":{"@id":"https:\/\/www.dansometre.ch\/en\/ateliers\/atelier-inclusif-danse-assise-2\/"},"author":{"name":"jasmine","@id":"https:\/\/www.dansometre.ch\/en\/#\/schema\/person\/e4a492ad0b0cb31374af62cb03e5a050"},"headline":"Atelier inclusif :\u00a0danse assise","datePublished":"2026-08-19T11:53:31+00:00","dateModified":"2026-08-19T11:53:44+00:00","mainEntityOfPage":{"@id":"https:\/\/www.dansometre.ch\/en\/ateliers\/atelier-inclusif-danse-assise-2\/"},"wordCount":333,"publisher":{"@id":"https:\/\/www.dansometre.ch\/en\/#organization"},"image":{"@id":"https:\/\/www.dansometre.ch\/en\/ateliers\/atelier-inclusif-danse-assise-2\/#primaryimage"},"thumbnailUrl":"https:\/\/www.dansometre.ch\/wp-content\/uploads\/DANSOMETRE_2026_RS_1080x1080px_15.07.2026_4.jpg","articleSection":["Ateliers"],"inLanguage":"en-US"},{"@type":"WebPage","@id":"https:\/\/www.dansometre.ch\/en\/ateliers\/atelier-inclusif-danse-assise-2\/","url":"https:\/\/www.dansometre.ch\/en\/ateliers\/atelier-inclusif-danse-assise-2\/","name":"Atelier inclusif :\u00a0danse assise - DANSOM\u00c8TRE - espace de cr\u00e9ation chor\u00e9graphique - VEVEY","isPartOf":{"@id":"https:\/\/www.dansometre.ch\/en\/#website"},"primaryImageOfPage":{"@id":"https:\/\/www.dansometre.ch\/en\/ateliers\/atelier-inclusif-danse-assise-2\/#primaryimage"},"image":{"@id":"https:\/\/www.dansometre.ch\/en\/ateliers\/atelier-inclusif-danse-assise-2\/#primaryimage"},"thumbnailUrl":"https:\/\/www.dansometre.ch\/wp-content\/uploads\/DANSOMETRE_2026_RS_1080x1080px_15.07.2026_4.jpg","datePublished":"2026-08-19T11:53:31+00:00","dateModified":"2026-08-19T11:53:44+00:00","breadcrumb":{"@id":"https:\/\/www.dansometre.ch\/en\/ateliers\/atelier-inclusif-danse-assise-2\/#breadcrumb"},"inLanguage":"en-US","potentialAction":[{"@type":"ReadAction","target":["https:\/\/www.dansometre.ch\/en\/ateliers\/atelier-inclusif-danse-assise-2\/"]}]},{"@type":"ImageObject","inLanguage":"en-US","@id":"https:\/\/www.dansometre.ch\/en\/ateliers\/atelier-inclusif-danse-assise-2\/#primaryimage","url":"https:\/\/www.dansometre.ch\/wp-content\/uploads\/DANSOMETRE_2026_RS_1080x1080px_15.07.2026_4.jpg","contentUrl":"https:\/\/www.dansometre.ch\/wp-content\/uploads\/DANSOMETRE_2026_RS_1080x1080px_15.07.2026_4.jpg","width":2250,"height":2250,"caption":"Dansometre_2026_rs_1080x1080px_15.07.2026_4 DANSOM\u00c8TRE - espace de cr\u00e9ation chor\u00e9graphique - VEVEY"},{"@type":"BreadcrumbList","@id":"https:\/\/www.dansometre.ch\/en\/ateliers\/atelier-inclusif-danse-assise-2\/#breadcrumb","itemListElement":[{"@type":"ListItem","position":1,"name":"Accueil","item":"https:\/\/www.dansometre.ch\/en\/"},{"@type":"ListItem","position":2,"name":"Atelier inclusif :\u00a0danse assise"}]},{"@type":"WebSite","@id":"https:\/\/www.dansometre.ch\/en\/#website","url":"https:\/\/www.dansometre.ch\/en\/","name":"DANSOM\u00c8TRE - espace de cr\u00e9ation chor\u00e9graphique - VEVEY","description":"","publisher":{"@id":"https:\/\/www.dansometre.ch\/en\/#organization"},"potentialAction":[{"@type":"SearchAction","target":{"@type":"EntryPoint","urlTemplate":"https:\/\/www.dansometre.ch\/en\/?s={search_term_string}"},"query-input":{"@type":"PropertyValueSpecification","valueRequired":true,"valueName":"search_term_string"}}],"inLanguage":"en-US"},{"@type":"Organization","@id":"https:\/\/www.dansometre.ch\/en\/#organization","name":"DANSOM\u00c8TRE - espace de cr\u00e9ation chor\u00e9graphique - VEVEY","url":"https:\/\/www.dansometre.ch\/en\/","logo":{"@type":"ImageObject","inLanguage":"en-US","@id":"https:\/\/www.dansometre.ch\/en\/#\/schema\/logo\/image\/","url":"https:\/\/www.dansometre.ch\/wp-content\/uploads\/favicon.png","contentUrl":"https:\/\/www.dansometre.ch\/wp-content\/uploads\/favicon.png","width":1200,"height":1200,"caption":"DANSOM\u00c8TRE - espace de cr\u00e9ation chor\u00e9graphique - VEVEY"},"image":{"@id":"https:\/\/www.dansometre.ch\/en\/#\/schema\/logo\/image\/"}},{"@type":"Person","@id":"https:\/\/www.dansometre.ch\/en\/#\/schema\/person\/e4a492ad0b0cb31374af62cb03e5a050","name":"jasmine","image":{"@type":"ImageObject","inLanguage":"en-US","@id":"https:\/\/secure.gravatar.com\/avatar\/17af7ce1d97fddf2be9fcb6d28b59eda9f84b49e46ceb695d1455b7c5437fcc4?s=96&d=mm&r=g","url":"https:\/\/secure.gravatar.com\/avatar\/17af7ce1d97fddf2be9fcb6d28b59eda9f84b49e46ceb695d1455b7c5437fcc4?s=96&d=mm&r=g","contentUrl":"https:\/\/secure.gravatar.com\/avatar\/17af7ce1d97fddf2be9fcb6d28b59eda9f84b49e46ceb695d1455b7c5437fcc4?s=96&d=mm&r=g","caption":"jasmine"},"url":"https:\/\/www.dansometre.ch\/en\/author\/jasmine\/"}]}},"mfb_rest_fields":["title","yoast_head","yoast_head_json"],"_links":{"self":[{"href":"https:\/\/www.dansometre.ch\/en\/wp-json\/wp\/v2\/posts\/6846","targetHints":{"allow":["GET"]}}],"collection":[{"href":"https:\/\/www.dansometre.ch\/en\/wp-json\/wp\/v2\/posts"}],"about":[{"href":"https:\/\/www.dansometre.ch\/en\/wp-json\/wp\/v2\/types\/post"}],"author":[{"embeddable":true,"href":"https:\/\/www.dansometre.ch\/en\/wp-json\/wp\/v2\/users\/2"}],"replies":[{"embeddable":true,"href":"https:\/\/www.dansometre.ch\/en\/wp-json\/wp\/v2\/comments?post=6846"}],"version-history":[{"count":2,"href":"https:\/\/www.dansometre.ch\/en\/wp-json\/wp\/v2\/posts\/6846\/revisions"}],"predecessor-version":[{"id":6850,"href":"https:\/\/www.dansometre.ch\/en\/wp-json\/wp\/v2\/posts\/6846\/revisions\/6850"}],"wp:featuredmedia":[{"embeddable":true,"href":"https:\/\/www.dansometre.ch\/en\/wp-json\/wp\/v2\/media\/6847"}],"wp:attachment":[{"href":"https:\/\/www.dansometre.ch\/en\/wp-json\/wp\/v2\/media?parent=6846"}],"wp:term":[{"taxonomy":"category","embeddable":true,"href":"https:\/\/www.dansometre.ch\/en\/wp-json\/wp\/v2\/categories?post=6846"},{"taxonomy":"post_tag","embeddable":true,"href":"https:\/\/www.dansometre.ch\/en\/wp-json\/wp\/v2\/tags?post=6846"}],"curies":[{"name":"wp","href":"https:\/\/api.w.org\/{rel}","templated":true}]}}