{"id":6854,"date":"2026-08-19T14:04:35","date_gmt":"2026-08-19T12:04:35","guid":{"rendered":"https:\/\/www.dansometre.ch\/?p=6854"},"modified":"2026-08-19T14:11:27","modified_gmt":"2026-08-19T12:11:27","slug":"danse-au-danso-atelier-danse-en-famille-5","status":"publish","type":"post","link":"https:\/\/www.dansometre.ch\/en\/ateliers\/danse-au-danso-atelier-danse-en-famille-5\/","title":{"rendered":"Danse au Danso ! Atelier Danse en famille"},"content":{"rendered":"\n<p>\u00c0 l\u2019occasion de la r\u00e9sidence de recherche artistique de l\u2019artiste tessinoise Alessia Della Casa au Dansom\u00e8tre, Fabio Bergamaschi et le Dansom\u00e8tre l\u2019invitent \u00e0 partager un moment de cr\u00e9ation \u00e0 l\u2019occasion de cet atelier danse en famille.<br><br>Le travail d\u2019Alessia Della Casa explore l\u2019exp\u00e9rience du corps \u00e0 travers la relation entre adultes et enfants. \u00c0 partir de dispositifs participatifs, elle imagine des espaces de rencontre o\u00f9 les r\u00f4les se d\u00e9placent, o\u00f9 les hi\u00e9rarchies s\u2019effacent et o\u00f9 le mouvement devient un langage commun, accessible \u00e0 touxtes, au-del\u00e0 des mots.<br><br>Cet atelier est une invitation \u00e0 vivre une exp\u00e9rience sensible et ludique en famille. Enfants, parents et proches y explorent le mouvement ensemble, suivent leurs \u00e9lans, inventent des gestes et se laissent surprendre par ce qui na\u00eet de la rencontre. Entre improvisation, imagination et plaisir de bouger, chacun\u00b7e participe \u00e0 une cr\u00e9ation vivante o\u00f9 la complicit\u00e9 se tisse dans le mouvement.<\/p>\n\n\n\n<p><strong>INFORMATIONS<\/strong><\/p>\n\n\n\n<p><strong>Public<\/strong>&nbsp;: de 4 \u00e0 10 ans<\/p>\n\n\n\n<p><strong>Tarifs<\/strong>&nbsp;: CHF 10.- par personne<\/p>\n\n\n\n<p>\u2013 Gratuit sur pr\u00e9sentation de la carte culture Caritas et la carte S\u00e9same.<br>\u2013 Mode de payement : en cash ou par Twint sur place<\/p>\n\n\n\n<p><strong>Renseignement et inscription<\/strong>&nbsp;:&nbsp;<a href=\"mailto:info@dansometre.ch\"><strong>info@dansometre.ch<\/strong><\/a><\/p>\n\n\n\n<p><em>Inscription recommand\u00e9e, mais il est \u00e9galement possible de venir sur place directement.<\/em><\/p>\n\n\n\n<p><strong>Accessibilit\u00e9<\/strong>&nbsp;: acc\u00e8s PMR<\/p>\n\n\n\n<p><strong>Lieu :<\/strong>&nbsp;Dansom\u00e8tre, Avenue de Corsier 19, 1800 Vevey&nbsp;<\/p>\n\n\n\n<p>Pour la saison 26-27 et ses projets, le Dansom\u00e8tre est soutenu par :<\/p>\n\n\n\n<figure class=\"wp-block-image size-large\"><a href=\"https:\/\/www.dansometre.ch\/wp-content\/uploads\/DANSOMETRE_26-27_sponsor_logos_980x110px_29.07_1-1.png\" data-lbwps-width=\"4083\" data-lbwps-height=\"458\" data-lbwps-srcsmall=\"https:\/\/www.dansometre.ch\/wp-content\/uploads\/DANSOMETRE_26-27_sponsor_logos_980x110px_29.07_1-1-300x34.png\"><img loading=\"lazy\" decoding=\"async\" width=\"1024\" height=\"115\" src=\"https:\/\/www.dansometre.ch\/wp-content\/uploads\/DANSOMETRE_26-27_sponsor_logos_980x110px_29.07_1-1-1024x115.png\" alt=\"Dansometre_26-27_sponsor_logos_980x110px_29.07_1 DANSOM\u00c8TRE - espace de cr\u00e9ation chor\u00e9graphique - VEVEY\" class=\"wp-image-6812\" srcset=\"https:\/\/www.dansometre.ch\/wp-content\/uploads\/DANSOMETRE_26-27_sponsor_logos_980x110px_29.07_1-1-1024x115.png 1024w, https:\/\/www.dansometre.ch\/wp-content\/uploads\/DANSOMETRE_26-27_sponsor_logos_980x110px_29.07_1-1-300x34.png 300w, https:\/\/www.dansometre.ch\/wp-content\/uploads\/DANSOMETRE_26-27_sponsor_logos_980x110px_29.07_1-1-768x86.png 768w, https:\/\/www.dansometre.ch\/wp-content\/uploads\/DANSOMETRE_26-27_sponsor_logos_980x110px_29.07_1-1-1536x172.png 1536w, https:\/\/www.dansometre.ch\/wp-content\/uploads\/DANSOMETRE_26-27_sponsor_logos_980x110px_29.07_1-1-2048x230.png 2048w\" sizes=\"auto, (max-width: 1024px) 100vw, 1024px\" \/><\/a><\/figure>\n\n\n\n<p>Photo \u00a9Sara Guerrini<br>Mise en forme : Ultrastudio.ch<\/p>\n\n\n\n<p><\/p>\n","protected":false},"excerpt":{"rendered":"<p>\u00c0 l\u2019occasion de la r\u00e9sidence de recherche artistique de l\u2019artiste tessinoise Alessia Della Casa au Dansom\u00e8tre, Fabio Bergamaschi et le Dansom\u00e8tre l\u2019invitent \u00e0 partager un moment de cr\u00e9ation \u00e0 l\u2019occasion de cet atelier danse en famille. Le travail d\u2019Alessia Della Casa explore l\u2019exp\u00e9rience du corps \u00e0 travers la relation entre adultes et enfants. \u00c0 partir [&hellip;]<\/p>\n","protected":false},"author":2,"featured_media":6855,"comment_status":"closed","ping_status":"closed","sticky":false,"template":"","format":"standard","meta":{"_acf_changed":false,"inline_featured_image":false,"footnotes":""},"categories":[80],"tags":[],"class_list":["post-6854","post","type-post","status-publish","format-standard","has-post-thumbnail","hentry","category-ateliers"],"acf":[],"mb":[],"yoast_head":"<!-- This site is optimized with the Yoast SEO plugin v28.3 - https:\/\/yoast.com\/product\/yoast-seo-wordpress\/ -->\n<title>Danse au Danso ! Atelier Danse en famille - DANSOM\u00c8TRE - espace de cr\u00e9ation chor\u00e9graphique - VEVEY<\/title>\n<meta name=\"robots\" content=\"index, follow, max-snippet:-1, max-image-preview:large, max-video-preview:-1\" \/>\n<link rel=\"canonical\" href=\"https:\/\/www.dansometre.ch\/en\/ateliers\/danse-au-danso-atelier-danse-en-famille-5\/\" \/>\n<meta property=\"og:locale\" content=\"en_US\" \/>\n<meta property=\"og:type\" content=\"article\" \/>\n<meta property=\"og:title\" content=\"Danse au Danso ! Atelier Danse en famille - DANSOM\u00c8TRE - espace de cr\u00e9ation chor\u00e9graphique - VEVEY\" \/>\n<meta property=\"og:description\" content=\"\u00c0 l\u2019occasion de la r\u00e9sidence de recherche artistique de l\u2019artiste tessinoise Alessia Della Casa au Dansom\u00e8tre, Fabio Bergamaschi et le Dansom\u00e8tre l\u2019invitent \u00e0 partager un moment de cr\u00e9ation \u00e0 l\u2019occasion de cet atelier danse en famille. Le travail d\u2019Alessia Della Casa explore l\u2019exp\u00e9rience du corps \u00e0 travers la relation entre adultes et enfants. \u00c0 partir [&hellip;]\" \/>\n<meta property=\"og:url\" content=\"https:\/\/www.dansometre.ch\/en\/ateliers\/danse-au-danso-atelier-danse-en-famille-5\/\" \/>\n<meta property=\"og:site_name\" content=\"DANSOM\u00c8TRE - espace de cr\u00e9ation chor\u00e9graphique - VEVEY\" \/>\n<meta property=\"article:published_time\" content=\"2026-08-19T12:04:35+00:00\" \/>\n<meta property=\"article:modified_time\" content=\"2026-08-19T12:11:27+00:00\" \/>\n<meta property=\"og:image\" content=\"https:\/\/www.dansometre.ch\/wp-content\/uploads\/DANSOMETRE_2026_RS_1080x1080px_15.07.2026_5-1024x1024.jpg\" \/>\n\t<meta property=\"og:image:width\" content=\"1024\" \/>\n\t<meta property=\"og:image:height\" content=\"1024\" \/>\n\t<meta property=\"og:image:type\" content=\"image\/jpeg\" \/>\n<meta name=\"author\" content=\"jasmine\" \/>\n<meta name=\"twitter:card\" content=\"summary_large_image\" \/>\n<meta name=\"twitter:label1\" content=\"Written by\" \/>\n\t<meta name=\"twitter:data1\" content=\"jasmine\" \/>\n\t<meta name=\"twitter:label2\" content=\"Est. reading time\" \/>\n\t<meta name=\"twitter:data2\" content=\"2 minutes\" \/>\n<script type=\"application\/ld+json\" class=\"yoast-schema-graph\">{\"@context\":\"https:\\\/\\\/schema.org\",\"@graph\":[{\"@type\":\"Article\",\"@id\":\"https:\\\/\\\/www.dansometre.ch\\\/en\\\/ateliers\\\/danse-au-danso-atelier-danse-en-famille-5\\\/#article\",\"isPartOf\":{\"@id\":\"https:\\\/\\\/www.dansometre.ch\\\/en\\\/ateliers\\\/danse-au-danso-atelier-danse-en-famille-5\\\/\"},\"author\":{\"name\":\"jasmine\",\"@id\":\"https:\\\/\\\/www.dansometre.ch\\\/en\\\/#\\\/schema\\\/person\\\/e4a492ad0b0cb31374af62cb03e5a050\"},\"headline\":\"Danse au Danso ! Atelier Danse en famille\",\"datePublished\":\"2026-08-19T12:04:35+00:00\",\"dateModified\":\"2026-08-19T12:11:27+00:00\",\"mainEntityOfPage\":{\"@id\":\"https:\\\/\\\/www.dansometre.ch\\\/en\\\/ateliers\\\/danse-au-danso-atelier-danse-en-famille-5\\\/\"},\"wordCount\":256,\"publisher\":{\"@id\":\"https:\\\/\\\/www.dansometre.ch\\\/en\\\/#organization\"},\"image\":{\"@id\":\"https:\\\/\\\/www.dansometre.ch\\\/en\\\/ateliers\\\/danse-au-danso-atelier-danse-en-famille-5\\\/#primaryimage\"},\"thumbnailUrl\":\"https:\\\/\\\/www.dansometre.ch\\\/wp-content\\\/uploads\\\/DANSOMETRE_2026_RS_1080x1080px_15.07.2026_5.jpg\",\"articleSection\":[\"Ateliers\"],\"inLanguage\":\"en-US\"},{\"@type\":\"WebPage\",\"@id\":\"https:\\\/\\\/www.dansometre.ch\\\/en\\\/ateliers\\\/danse-au-danso-atelier-danse-en-famille-5\\\/\",\"url\":\"https:\\\/\\\/www.dansometre.ch\\\/en\\\/ateliers\\\/danse-au-danso-atelier-danse-en-famille-5\\\/\",\"name\":\"Danse au Danso ! Atelier Danse en famille - DANSOM\u00c8TRE - espace de cr\u00e9ation chor\u00e9graphique - VEVEY\",\"isPartOf\":{\"@id\":\"https:\\\/\\\/www.dansometre.ch\\\/en\\\/#website\"},\"primaryImageOfPage\":{\"@id\":\"https:\\\/\\\/www.dansometre.ch\\\/en\\\/ateliers\\\/danse-au-danso-atelier-danse-en-famille-5\\\/#primaryimage\"},\"image\":{\"@id\":\"https:\\\/\\\/www.dansometre.ch\\\/en\\\/ateliers\\\/danse-au-danso-atelier-danse-en-famille-5\\\/#primaryimage\"},\"thumbnailUrl\":\"https:\\\/\\\/www.dansometre.ch\\\/wp-content\\\/uploads\\\/DANSOMETRE_2026_RS_1080x1080px_15.07.2026_5.jpg\",\"datePublished\":\"2026-08-19T12:04:35+00:00\",\"dateModified\":\"2026-08-19T12:11:27+00:00\",\"breadcrumb\":{\"@id\":\"https:\\\/\\\/www.dansometre.ch\\\/en\\\/ateliers\\\/danse-au-danso-atelier-danse-en-famille-5\\\/#breadcrumb\"},\"inLanguage\":\"en-US\",\"potentialAction\":[{\"@type\":\"ReadAction\",\"target\":[\"https:\\\/\\\/www.dansometre.ch\\\/en\\\/ateliers\\\/danse-au-danso-atelier-danse-en-famille-5\\\/\"]}]},{\"@type\":\"ImageObject\",\"inLanguage\":\"en-US\",\"@id\":\"https:\\\/\\\/www.dansometre.ch\\\/en\\\/ateliers\\\/danse-au-danso-atelier-danse-en-famille-5\\\/#primaryimage\",\"url\":\"https:\\\/\\\/www.dansometre.ch\\\/wp-content\\\/uploads\\\/DANSOMETRE_2026_RS_1080x1080px_15.07.2026_5.jpg\",\"contentUrl\":\"https:\\\/\\\/www.dansometre.ch\\\/wp-content\\\/uploads\\\/DANSOMETRE_2026_RS_1080x1080px_15.07.2026_5.jpg\",\"width\":2250,\"height\":2250,\"caption\":\"Dansometre_2026_rs_1080x1080px_15.07.2026_5 DANSOM\u00c8TRE - espace de cr\u00e9ation chor\u00e9graphique - VEVEY\"},{\"@type\":\"BreadcrumbList\",\"@id\":\"https:\\\/\\\/www.dansometre.ch\\\/en\\\/ateliers\\\/danse-au-danso-atelier-danse-en-famille-5\\\/#breadcrumb\",\"itemListElement\":[{\"@type\":\"ListItem\",\"position\":1,\"name\":\"Accueil\",\"item\":\"https:\\\/\\\/www.dansometre.ch\\\/en\\\/\"},{\"@type\":\"ListItem\",\"position\":2,\"name\":\"Danse au Danso ! Atelier Danse en famille\"}]},{\"@type\":\"WebSite\",\"@id\":\"https:\\\/\\\/www.dansometre.ch\\\/en\\\/#website\",\"url\":\"https:\\\/\\\/www.dansometre.ch\\\/en\\\/\",\"name\":\"DANSOM\u00c8TRE - espace de cr\u00e9ation chor\u00e9graphique - VEVEY\",\"description\":\"\",\"publisher\":{\"@id\":\"https:\\\/\\\/www.dansometre.ch\\\/en\\\/#organization\"},\"potentialAction\":[{\"@type\":\"SearchAction\",\"target\":{\"@type\":\"EntryPoint\",\"urlTemplate\":\"https:\\\/\\\/www.dansometre.ch\\\/en\\\/?s={search_term_string}\"},\"query-input\":{\"@type\":\"PropertyValueSpecification\",\"valueRequired\":true,\"valueName\":\"search_term_string\"}}],\"inLanguage\":\"en-US\"},{\"@type\":\"Organization\",\"@id\":\"https:\\\/\\\/www.dansometre.ch\\\/en\\\/#organization\",\"name\":\"DANSOM\u00c8TRE - espace de cr\u00e9ation chor\u00e9graphique - VEVEY\",\"url\":\"https:\\\/\\\/www.dansometre.ch\\\/en\\\/\",\"logo\":{\"@type\":\"ImageObject\",\"inLanguage\":\"en-US\",\"@id\":\"https:\\\/\\\/www.dansometre.ch\\\/en\\\/#\\\/schema\\\/logo\\\/image\\\/\",\"url\":\"https:\\\/\\\/www.dansometre.ch\\\/wp-content\\\/uploads\\\/favicon.png\",\"contentUrl\":\"https:\\\/\\\/www.dansometre.ch\\\/wp-content\\\/uploads\\\/favicon.png\",\"width\":1200,\"height\":1200,\"caption\":\"DANSOM\u00c8TRE - espace de cr\u00e9ation chor\u00e9graphique - VEVEY\"},\"image\":{\"@id\":\"https:\\\/\\\/www.dansometre.ch\\\/en\\\/#\\\/schema\\\/logo\\\/image\\\/\"}},{\"@type\":\"Person\",\"@id\":\"https:\\\/\\\/www.dansometre.ch\\\/en\\\/#\\\/schema\\\/person\\\/e4a492ad0b0cb31374af62cb03e5a050\",\"name\":\"jasmine\",\"image\":{\"@type\":\"ImageObject\",\"inLanguage\":\"en-US\",\"@id\":\"https:\\\/\\\/secure.gravatar.com\\\/avatar\\\/17af7ce1d97fddf2be9fcb6d28b59eda9f84b49e46ceb695d1455b7c5437fcc4?s=96&d=mm&r=g\",\"url\":\"https:\\\/\\\/secure.gravatar.com\\\/avatar\\\/17af7ce1d97fddf2be9fcb6d28b59eda9f84b49e46ceb695d1455b7c5437fcc4?s=96&d=mm&r=g\",\"contentUrl\":\"https:\\\/\\\/secure.gravatar.com\\\/avatar\\\/17af7ce1d97fddf2be9fcb6d28b59eda9f84b49e46ceb695d1455b7c5437fcc4?s=96&d=mm&r=g\",\"caption\":\"jasmine\"},\"url\":\"https:\\\/\\\/www.dansometre.ch\\\/en\\\/author\\\/jasmine\\\/\"}]}<\/script>\n<!-- \/ Yoast SEO plugin. -->","yoast_head_json":{"title":"Danse au Danso ! Atelier Danse en famille - DANSOM\u00c8TRE - espace de cr\u00e9ation chor\u00e9graphique - VEVEY","robots":{"index":"index","follow":"follow","max-snippet":"max-snippet:-1","max-image-preview":"max-image-preview:large","max-video-preview":"max-video-preview:-1"},"canonical":"https:\/\/www.dansometre.ch\/en\/ateliers\/danse-au-danso-atelier-danse-en-famille-5\/","og_locale":"en_US","og_type":"article","og_title":"Danse au Danso ! Atelier Danse en famille - DANSOM\u00c8TRE - espace de cr\u00e9ation chor\u00e9graphique - VEVEY","og_description":"\u00c0 l\u2019occasion de la r\u00e9sidence de recherche artistique de l\u2019artiste tessinoise Alessia Della Casa au Dansom\u00e8tre, Fabio Bergamaschi et le Dansom\u00e8tre l\u2019invitent \u00e0 partager un moment de cr\u00e9ation \u00e0 l\u2019occasion de cet atelier danse en famille. Le travail d\u2019Alessia Della Casa explore l\u2019exp\u00e9rience du corps \u00e0 travers la relation entre adultes et enfants. \u00c0 partir [&hellip;]","og_url":"https:\/\/www.dansometre.ch\/en\/ateliers\/danse-au-danso-atelier-danse-en-famille-5\/","og_site_name":"DANSOM\u00c8TRE - espace de cr\u00e9ation chor\u00e9graphique - VEVEY","article_published_time":"2026-08-19T12:04:35+00:00","article_modified_time":"2026-08-19T12:11:27+00:00","og_image":[{"width":1024,"height":1024,"url":"https:\/\/www.dansometre.ch\/wp-content\/uploads\/DANSOMETRE_2026_RS_1080x1080px_15.07.2026_5-1024x1024.jpg","type":"image\/jpeg"}],"author":"jasmine","twitter_card":"summary_large_image","twitter_misc":{"Written by":"jasmine","Est. reading time":"2 minutes"},"schema":{"@context":"https:\/\/schema.org","@graph":[{"@type":"Article","@id":"https:\/\/www.dansometre.ch\/en\/ateliers\/danse-au-danso-atelier-danse-en-famille-5\/#article","isPartOf":{"@id":"https:\/\/www.dansometre.ch\/en\/ateliers\/danse-au-danso-atelier-danse-en-famille-5\/"},"author":{"name":"jasmine","@id":"https:\/\/www.dansometre.ch\/en\/#\/schema\/person\/e4a492ad0b0cb31374af62cb03e5a050"},"headline":"Danse au Danso ! Atelier Danse en famille","datePublished":"2026-08-19T12:04:35+00:00","dateModified":"2026-08-19T12:11:27+00:00","mainEntityOfPage":{"@id":"https:\/\/www.dansometre.ch\/en\/ateliers\/danse-au-danso-atelier-danse-en-famille-5\/"},"wordCount":256,"publisher":{"@id":"https:\/\/www.dansometre.ch\/en\/#organization"},"image":{"@id":"https:\/\/www.dansometre.ch\/en\/ateliers\/danse-au-danso-atelier-danse-en-famille-5\/#primaryimage"},"thumbnailUrl":"https:\/\/www.dansometre.ch\/wp-content\/uploads\/DANSOMETRE_2026_RS_1080x1080px_15.07.2026_5.jpg","articleSection":["Ateliers"],"inLanguage":"en-US"},{"@type":"WebPage","@id":"https:\/\/www.dansometre.ch\/en\/ateliers\/danse-au-danso-atelier-danse-en-famille-5\/","url":"https:\/\/www.dansometre.ch\/en\/ateliers\/danse-au-danso-atelier-danse-en-famille-5\/","name":"Danse au Danso ! Atelier Danse en famille - DANSOM\u00c8TRE - espace de cr\u00e9ation chor\u00e9graphique - VEVEY","isPartOf":{"@id":"https:\/\/www.dansometre.ch\/en\/#website"},"primaryImageOfPage":{"@id":"https:\/\/www.dansometre.ch\/en\/ateliers\/danse-au-danso-atelier-danse-en-famille-5\/#primaryimage"},"image":{"@id":"https:\/\/www.dansometre.ch\/en\/ateliers\/danse-au-danso-atelier-danse-en-famille-5\/#primaryimage"},"thumbnailUrl":"https:\/\/www.dansometre.ch\/wp-content\/uploads\/DANSOMETRE_2026_RS_1080x1080px_15.07.2026_5.jpg","datePublished":"2026-08-19T12:04:35+00:00","dateModified":"2026-08-19T12:11:27+00:00","breadcrumb":{"@id":"https:\/\/www.dansometre.ch\/en\/ateliers\/danse-au-danso-atelier-danse-en-famille-5\/#breadcrumb"},"inLanguage":"en-US","potentialAction":[{"@type":"ReadAction","target":["https:\/\/www.dansometre.ch\/en\/ateliers\/danse-au-danso-atelier-danse-en-famille-5\/"]}]},{"@type":"ImageObject","inLanguage":"en-US","@id":"https:\/\/www.dansometre.ch\/en\/ateliers\/danse-au-danso-atelier-danse-en-famille-5\/#primaryimage","url":"https:\/\/www.dansometre.ch\/wp-content\/uploads\/DANSOMETRE_2026_RS_1080x1080px_15.07.2026_5.jpg","contentUrl":"https:\/\/www.dansometre.ch\/wp-content\/uploads\/DANSOMETRE_2026_RS_1080x1080px_15.07.2026_5.jpg","width":2250,"height":2250,"caption":"Dansometre_2026_rs_1080x1080px_15.07.2026_5 DANSOM\u00c8TRE - espace de cr\u00e9ation chor\u00e9graphique - VEVEY"},{"@type":"BreadcrumbList","@id":"https:\/\/www.dansometre.ch\/en\/ateliers\/danse-au-danso-atelier-danse-en-famille-5\/#breadcrumb","itemListElement":[{"@type":"ListItem","position":1,"name":"Accueil","item":"https:\/\/www.dansometre.ch\/en\/"},{"@type":"ListItem","position":2,"name":"Danse au Danso ! Atelier Danse en famille"}]},{"@type":"WebSite","@id":"https:\/\/www.dansometre.ch\/en\/#website","url":"https:\/\/www.dansometre.ch\/en\/","name":"DANSOM\u00c8TRE - espace de cr\u00e9ation chor\u00e9graphique - VEVEY","description":"","publisher":{"@id":"https:\/\/www.dansometre.ch\/en\/#organization"},"potentialAction":[{"@type":"SearchAction","target":{"@type":"EntryPoint","urlTemplate":"https:\/\/www.dansometre.ch\/en\/?s={search_term_string}"},"query-input":{"@type":"PropertyValueSpecification","valueRequired":true,"valueName":"search_term_string"}}],"inLanguage":"en-US"},{"@type":"Organization","@id":"https:\/\/www.dansometre.ch\/en\/#organization","name":"DANSOM\u00c8TRE - espace de cr\u00e9ation chor\u00e9graphique - VEVEY","url":"https:\/\/www.dansometre.ch\/en\/","logo":{"@type":"ImageObject","inLanguage":"en-US","@id":"https:\/\/www.dansometre.ch\/en\/#\/schema\/logo\/image\/","url":"https:\/\/www.dansometre.ch\/wp-content\/uploads\/favicon.png","contentUrl":"https:\/\/www.dansometre.ch\/wp-content\/uploads\/favicon.png","width":1200,"height":1200,"caption":"DANSOM\u00c8TRE - espace de cr\u00e9ation chor\u00e9graphique - VEVEY"},"image":{"@id":"https:\/\/www.dansometre.ch\/en\/#\/schema\/logo\/image\/"}},{"@type":"Person","@id":"https:\/\/www.dansometre.ch\/en\/#\/schema\/person\/e4a492ad0b0cb31374af62cb03e5a050","name":"jasmine","image":{"@type":"ImageObject","inLanguage":"en-US","@id":"https:\/\/secure.gravatar.com\/avatar\/17af7ce1d97fddf2be9fcb6d28b59eda9f84b49e46ceb695d1455b7c5437fcc4?s=96&d=mm&r=g","url":"https:\/\/secure.gravatar.com\/avatar\/17af7ce1d97fddf2be9fcb6d28b59eda9f84b49e46ceb695d1455b7c5437fcc4?s=96&d=mm&r=g","contentUrl":"https:\/\/secure.gravatar.com\/avatar\/17af7ce1d97fddf2be9fcb6d28b59eda9f84b49e46ceb695d1455b7c5437fcc4?s=96&d=mm&r=g","caption":"jasmine"},"url":"https:\/\/www.dansometre.ch\/en\/author\/jasmine\/"}]}},"mfb_rest_fields":["title","yoast_head","yoast_head_json"],"_links":{"self":[{"href":"https:\/\/www.dansometre.ch\/en\/wp-json\/wp\/v2\/posts\/6854","targetHints":{"allow":["GET"]}}],"collection":[{"href":"https:\/\/www.dansometre.ch\/en\/wp-json\/wp\/v2\/posts"}],"about":[{"href":"https:\/\/www.dansometre.ch\/en\/wp-json\/wp\/v2\/types\/post"}],"author":[{"embeddable":true,"href":"https:\/\/www.dansometre.ch\/en\/wp-json\/wp\/v2\/users\/2"}],"replies":[{"embeddable":true,"href":"https:\/\/www.dansometre.ch\/en\/wp-json\/wp\/v2\/comments?post=6854"}],"version-history":[{"count":3,"href":"https:\/\/www.dansometre.ch\/en\/wp-json\/wp\/v2\/posts\/6854\/revisions"}],"predecessor-version":[{"id":6863,"href":"https:\/\/www.dansometre.ch\/en\/wp-json\/wp\/v2\/posts\/6854\/revisions\/6863"}],"wp:featuredmedia":[{"embeddable":true,"href":"https:\/\/www.dansometre.ch\/en\/wp-json\/wp\/v2\/media\/6855"}],"wp:attachment":[{"href":"https:\/\/www.dansometre.ch\/en\/wp-json\/wp\/v2\/media?parent=6854"}],"wp:term":[{"taxonomy":"category","embeddable":true,"href":"https:\/\/www.dansometre.ch\/en\/wp-json\/wp\/v2\/categories?post=6854"},{"taxonomy":"post_tag","embeddable":true,"href":"https:\/\/www.dansometre.ch\/en\/wp-json\/wp\/v2\/tags?post=6854"}],"curies":[{"name":"wp","href":"https:\/\/api.w.org\/{rel}","templated":true}]}}