{"id":6864,"date":"2026-08-19T14:18:10","date_gmt":"2026-08-19T12:18:10","guid":{"rendered":"https:\/\/www.dansometre.ch\/?p=6864"},"modified":"2026-08-19T14:18:11","modified_gmt":"2026-08-19T12:18:11","slug":"performance-participative-place-robin","status":"publish","type":"post","link":"https:\/\/www.dansometre.ch\/en\/actualite\/performance-participative-place-robin\/","title":{"rendered":"Performance participative Place Robin"},"content":{"rendered":"\n<p><strong>Alessia Della Casa<\/strong> proposera une performance participative gratuite en plein air sur la place Robin, \u00e0 l\u2019occasion du traditionnel <strong>march\u00e9 aux puces<\/strong> organis\u00e9 par l\u2019association <strong>APERO<\/strong>. Adultes et enfants seront invit\u00e9\u00b7es \u00e0 observer, exp\u00e9rimenter et prendre part \u00e0 cette proposition artistique, accompagn\u00e9e par le performeur <strong>Simone Paris<\/strong>.<br><br>Originaire de la Suisse italienne, <strong>Alessia Della Casa<\/strong> a \u00e9tudi\u00e9 le ballet \u00e0 l&#8217;acad\u00e9mie de Riga et a ensuite re\u00e7u une bourse pour suivre un cours de deux ans sur la technique Cunningham au studio Cunningham \u00e0 New York. Elle a v\u00e9cu aux \u00c9tats-Unis jusqu&#8217;en 2015, a dans\u00e9 pour divers chor\u00e9graphes dont Olsi Gjeci, Sally Bowden, Vanessa Tamburi, Anita Cheng et a travaill\u00e9 sur sa propre recherche chor\u00e9graphique. Elle revient en Suisse en 2016 et obtient un certificat d&#8217;\u00e9tudes avanc\u00e9es en performance th\u00e9\u00e2trale et arts vivants contemporains \u00e0 la SUPSI. Depuis 2013, elle coordonne le Festival Ticino in Danza et depuis 2014, elle est membre du jury de l&#8217;IDACO NYC (Italian Dance Connection). En tant qu&#8217;auteur en 2017, elle est parmi les gagnants, avec Veicolo Danza, du concours cantonal pour la m\u00e9diation de la danse, appel\u00e9 par Reso-rete danza svizzera et Cantone Ticino Dipartimento Educazione Cultura Sport, avec le projet Percorsodanza. En 2018, elle est s\u00e9lectionn\u00e9e pour la r\u00e9sidence Young Audience Lab, propos\u00e9e par Reso-rete danza svizzera et dirig\u00e9e par Erik Kaiel, avec le projet Diventare Cappuccetto Rosso. En 2019, elle fait partie des demi-finalistes de PREMIO SCHWEIZ avec le projet DANSONOGRAPHY. Depuis 2022, il travaille sur un nouveau format de Festival\/Permanenza orientant le projet vers de nouvelles pratiques artistiques de rencontre et d&#8217;\u00e9change entre artistes et avec le public.<\/p>\n\n\n\n<p><strong>INFORMATIONS<\/strong><\/p>\n\n\n\n<p><strong>Public<\/strong>&nbsp;: de 4 \u00e0 10 ans<\/p>\n\n\n\n<p><strong>Gratuit<\/strong><\/p>\n\n\n\n<p><em>Venez sur place directement.<\/em><\/p>\n\n\n\n<p><strong>Lieu :<\/strong>\u00a0Place Robin, 1800 Vevey\u00a0<\/p>\n\n\n\n<p>Pour la saison 26-27 et ses projets, le Dansom\u00e8tre est soutenu par :<\/p>\n\n\n\n<figure class=\"wp-block-image size-large\"><a href=\"https:\/\/www.dansometre.ch\/wp-content\/uploads\/DANSOMETRE_26-27_sponsor_logos_980x110px_29.07_1-1.png\" data-lbwps-width=\"4083\" data-lbwps-height=\"458\" data-lbwps-srcsmall=\"https:\/\/www.dansometre.ch\/wp-content\/uploads\/DANSOMETRE_26-27_sponsor_logos_980x110px_29.07_1-1-300x34.png\"><img loading=\"lazy\" decoding=\"async\" width=\"1024\" height=\"115\" src=\"https:\/\/www.dansometre.ch\/wp-content\/uploads\/DANSOMETRE_26-27_sponsor_logos_980x110px_29.07_1-1-1024x115.png\" alt=\"Dansometre_26-27_sponsor_logos_980x110px_29.07_1 DANSOM\u00c8TRE - espace de cr\u00e9ation chor\u00e9graphique - VEVEY\" class=\"wp-image-6812\" srcset=\"https:\/\/www.dansometre.ch\/wp-content\/uploads\/DANSOMETRE_26-27_sponsor_logos_980x110px_29.07_1-1-1024x115.png 1024w, https:\/\/www.dansometre.ch\/wp-content\/uploads\/DANSOMETRE_26-27_sponsor_logos_980x110px_29.07_1-1-300x34.png 300w, https:\/\/www.dansometre.ch\/wp-content\/uploads\/DANSOMETRE_26-27_sponsor_logos_980x110px_29.07_1-1-768x86.png 768w, https:\/\/www.dansometre.ch\/wp-content\/uploads\/DANSOMETRE_26-27_sponsor_logos_980x110px_29.07_1-1-1536x172.png 1536w, https:\/\/www.dansometre.ch\/wp-content\/uploads\/DANSOMETRE_26-27_sponsor_logos_980x110px_29.07_1-1-2048x230.png 2048w\" sizes=\"auto, (max-width: 1024px) 100vw, 1024px\" \/><\/a><\/figure>\n\n\n\n<p>Photo \u00a9Irene Mastrobattista<br>Mise en forme : Ultrastudio.ch<\/p>\n","protected":false},"excerpt":{"rendered":"<p>Alessia Della Casa proposera une performance participative gratuite en plein air sur la place Robin, \u00e0 l\u2019occasion du traditionnel march\u00e9 aux puces organis\u00e9 par l\u2019association APERO. Adultes et enfants seront invit\u00e9\u00b7es \u00e0 observer, exp\u00e9rimenter et prendre part \u00e0 cette proposition artistique, accompagn\u00e9e par le performeur Simone Paris. Originaire de la Suisse italienne, Alessia Della Casa [&hellip;]<\/p>\n","protected":false},"author":2,"featured_media":6865,"comment_status":"closed","ping_status":"closed","sticky":false,"template":"","format":"standard","meta":{"_acf_changed":false,"inline_featured_image":false,"footnotes":""},"categories":[1,81],"tags":[],"class_list":["post-6864","post","type-post","status-publish","format-standard","has-post-thumbnail","hentry","category-actualite","category-spectacles-soirees"],"acf":[],"mb":[],"yoast_head":"<!-- This site is optimized with the Yoast SEO plugin v28.3 - https:\/\/yoast.com\/product\/yoast-seo-wordpress\/ -->\n<title>Performance participative Place Robin - DANSOM\u00c8TRE - espace de cr\u00e9ation chor\u00e9graphique - VEVEY<\/title>\n<meta name=\"robots\" content=\"index, follow, max-snippet:-1, max-image-preview:large, max-video-preview:-1\" \/>\n<link rel=\"canonical\" href=\"https:\/\/www.dansometre.ch\/en\/actualite\/performance-participative-place-robin\/\" \/>\n<meta property=\"og:locale\" content=\"en_US\" \/>\n<meta property=\"og:type\" content=\"article\" \/>\n<meta property=\"og:title\" content=\"Performance participative Place Robin - DANSOM\u00c8TRE - espace de cr\u00e9ation chor\u00e9graphique - VEVEY\" \/>\n<meta property=\"og:description\" content=\"Alessia Della Casa proposera une performance participative gratuite en plein air sur la place Robin, \u00e0 l\u2019occasion du traditionnel march\u00e9 aux puces organis\u00e9 par l\u2019association APERO. Adultes et enfants seront invit\u00e9\u00b7es \u00e0 observer, exp\u00e9rimenter et prendre part \u00e0 cette proposition artistique, accompagn\u00e9e par le performeur Simone Paris. Originaire de la Suisse italienne, Alessia Della Casa [&hellip;]\" \/>\n<meta property=\"og:url\" content=\"https:\/\/www.dansometre.ch\/en\/actualite\/performance-participative-place-robin\/\" \/>\n<meta property=\"og:site_name\" content=\"DANSOM\u00c8TRE - espace de cr\u00e9ation chor\u00e9graphique - VEVEY\" \/>\n<meta property=\"article:published_time\" content=\"2026-08-19T12:18:10+00:00\" \/>\n<meta property=\"article:modified_time\" content=\"2026-08-19T12:18:11+00:00\" \/>\n<meta property=\"og:image\" content=\"https:\/\/www.dansometre.ch\/wp-content\/uploads\/DANSOMETRE_2026_RS_1080x1080px_15.07.2026_7-1024x1024.jpg\" \/>\n\t<meta property=\"og:image:width\" content=\"1024\" \/>\n\t<meta property=\"og:image:height\" content=\"1024\" \/>\n\t<meta property=\"og:image:type\" content=\"image\/jpeg\" \/>\n<meta name=\"author\" content=\"jasmine\" \/>\n<meta name=\"twitter:card\" content=\"summary_large_image\" \/>\n<meta name=\"twitter:label1\" content=\"Written by\" \/>\n\t<meta name=\"twitter:data1\" content=\"jasmine\" \/>\n\t<meta name=\"twitter:label2\" content=\"Est. reading time\" \/>\n\t<meta name=\"twitter:data2\" content=\"2 minutes\" \/>\n<script type=\"application\/ld+json\" class=\"yoast-schema-graph\">{\"@context\":\"https:\\\/\\\/schema.org\",\"@graph\":[{\"@type\":\"Article\",\"@id\":\"https:\\\/\\\/www.dansometre.ch\\\/en\\\/actualite\\\/performance-participative-place-robin\\\/#article\",\"isPartOf\":{\"@id\":\"https:\\\/\\\/www.dansometre.ch\\\/en\\\/actualite\\\/performance-participative-place-robin\\\/\"},\"author\":{\"name\":\"jasmine\",\"@id\":\"https:\\\/\\\/www.dansometre.ch\\\/en\\\/#\\\/schema\\\/person\\\/e4a492ad0b0cb31374af62cb03e5a050\"},\"headline\":\"Performance participative Place Robin\",\"datePublished\":\"2026-08-19T12:18:10+00:00\",\"dateModified\":\"2026-08-19T12:18:11+00:00\",\"mainEntityOfPage\":{\"@id\":\"https:\\\/\\\/www.dansometre.ch\\\/en\\\/actualite\\\/performance-participative-place-robin\\\/\"},\"wordCount\":316,\"publisher\":{\"@id\":\"https:\\\/\\\/www.dansometre.ch\\\/en\\\/#organization\"},\"image\":{\"@id\":\"https:\\\/\\\/www.dansometre.ch\\\/en\\\/actualite\\\/performance-participative-place-robin\\\/#primaryimage\"},\"thumbnailUrl\":\"https:\\\/\\\/www.dansometre.ch\\\/wp-content\\\/uploads\\\/DANSOMETRE_2026_RS_1080x1080px_15.07.2026_7.jpg\",\"articleSection\":[\"Actualit\u00e9\",\"Spectacles et soir\u00e9es\"],\"inLanguage\":\"en-US\"},{\"@type\":\"WebPage\",\"@id\":\"https:\\\/\\\/www.dansometre.ch\\\/en\\\/actualite\\\/performance-participative-place-robin\\\/\",\"url\":\"https:\\\/\\\/www.dansometre.ch\\\/en\\\/actualite\\\/performance-participative-place-robin\\\/\",\"name\":\"Performance participative Place Robin - DANSOM\u00c8TRE - espace de cr\u00e9ation chor\u00e9graphique - VEVEY\",\"isPartOf\":{\"@id\":\"https:\\\/\\\/www.dansometre.ch\\\/en\\\/#website\"},\"primaryImageOfPage\":{\"@id\":\"https:\\\/\\\/www.dansometre.ch\\\/en\\\/actualite\\\/performance-participative-place-robin\\\/#primaryimage\"},\"image\":{\"@id\":\"https:\\\/\\\/www.dansometre.ch\\\/en\\\/actualite\\\/performance-participative-place-robin\\\/#primaryimage\"},\"thumbnailUrl\":\"https:\\\/\\\/www.dansometre.ch\\\/wp-content\\\/uploads\\\/DANSOMETRE_2026_RS_1080x1080px_15.07.2026_7.jpg\",\"datePublished\":\"2026-08-19T12:18:10+00:00\",\"dateModified\":\"2026-08-19T12:18:11+00:00\",\"breadcrumb\":{\"@id\":\"https:\\\/\\\/www.dansometre.ch\\\/en\\\/actualite\\\/performance-participative-place-robin\\\/#breadcrumb\"},\"inLanguage\":\"en-US\",\"potentialAction\":[{\"@type\":\"ReadAction\",\"target\":[\"https:\\\/\\\/www.dansometre.ch\\\/en\\\/actualite\\\/performance-participative-place-robin\\\/\"]}]},{\"@type\":\"ImageObject\",\"inLanguage\":\"en-US\",\"@id\":\"https:\\\/\\\/www.dansometre.ch\\\/en\\\/actualite\\\/performance-participative-place-robin\\\/#primaryimage\",\"url\":\"https:\\\/\\\/www.dansometre.ch\\\/wp-content\\\/uploads\\\/DANSOMETRE_2026_RS_1080x1080px_15.07.2026_7.jpg\",\"contentUrl\":\"https:\\\/\\\/www.dansometre.ch\\\/wp-content\\\/uploads\\\/DANSOMETRE_2026_RS_1080x1080px_15.07.2026_7.jpg\",\"width\":2250,\"height\":2250,\"caption\":\"Dansometre_2026_rs_1080x1080px_15.07.2026_7 DANSOM\u00c8TRE - espace de cr\u00e9ation chor\u00e9graphique - VEVEY\"},{\"@type\":\"BreadcrumbList\",\"@id\":\"https:\\\/\\\/www.dansometre.ch\\\/en\\\/actualite\\\/performance-participative-place-robin\\\/#breadcrumb\",\"itemListElement\":[{\"@type\":\"ListItem\",\"position\":1,\"name\":\"Accueil\",\"item\":\"https:\\\/\\\/www.dansometre.ch\\\/en\\\/\"},{\"@type\":\"ListItem\",\"position\":2,\"name\":\"Performance participative Place Robin\"}]},{\"@type\":\"WebSite\",\"@id\":\"https:\\\/\\\/www.dansometre.ch\\\/en\\\/#website\",\"url\":\"https:\\\/\\\/www.dansometre.ch\\\/en\\\/\",\"name\":\"DANSOM\u00c8TRE - espace de cr\u00e9ation chor\u00e9graphique - VEVEY\",\"description\":\"\",\"publisher\":{\"@id\":\"https:\\\/\\\/www.dansometre.ch\\\/en\\\/#organization\"},\"potentialAction\":[{\"@type\":\"SearchAction\",\"target\":{\"@type\":\"EntryPoint\",\"urlTemplate\":\"https:\\\/\\\/www.dansometre.ch\\\/en\\\/?s={search_term_string}\"},\"query-input\":{\"@type\":\"PropertyValueSpecification\",\"valueRequired\":true,\"valueName\":\"search_term_string\"}}],\"inLanguage\":\"en-US\"},{\"@type\":\"Organization\",\"@id\":\"https:\\\/\\\/www.dansometre.ch\\\/en\\\/#organization\",\"name\":\"DANSOM\u00c8TRE - espace de cr\u00e9ation chor\u00e9graphique - VEVEY\",\"url\":\"https:\\\/\\\/www.dansometre.ch\\\/en\\\/\",\"logo\":{\"@type\":\"ImageObject\",\"inLanguage\":\"en-US\",\"@id\":\"https:\\\/\\\/www.dansometre.ch\\\/en\\\/#\\\/schema\\\/logo\\\/image\\\/\",\"url\":\"https:\\\/\\\/www.dansometre.ch\\\/wp-content\\\/uploads\\\/favicon.png\",\"contentUrl\":\"https:\\\/\\\/www.dansometre.ch\\\/wp-content\\\/uploads\\\/favicon.png\",\"width\":1200,\"height\":1200,\"caption\":\"DANSOM\u00c8TRE - espace de cr\u00e9ation chor\u00e9graphique - VEVEY\"},\"image\":{\"@id\":\"https:\\\/\\\/www.dansometre.ch\\\/en\\\/#\\\/schema\\\/logo\\\/image\\\/\"}},{\"@type\":\"Person\",\"@id\":\"https:\\\/\\\/www.dansometre.ch\\\/en\\\/#\\\/schema\\\/person\\\/e4a492ad0b0cb31374af62cb03e5a050\",\"name\":\"jasmine\",\"image\":{\"@type\":\"ImageObject\",\"inLanguage\":\"en-US\",\"@id\":\"https:\\\/\\\/secure.gravatar.com\\\/avatar\\\/17af7ce1d97fddf2be9fcb6d28b59eda9f84b49e46ceb695d1455b7c5437fcc4?s=96&d=mm&r=g\",\"url\":\"https:\\\/\\\/secure.gravatar.com\\\/avatar\\\/17af7ce1d97fddf2be9fcb6d28b59eda9f84b49e46ceb695d1455b7c5437fcc4?s=96&d=mm&r=g\",\"contentUrl\":\"https:\\\/\\\/secure.gravatar.com\\\/avatar\\\/17af7ce1d97fddf2be9fcb6d28b59eda9f84b49e46ceb695d1455b7c5437fcc4?s=96&d=mm&r=g\",\"caption\":\"jasmine\"},\"url\":\"https:\\\/\\\/www.dansometre.ch\\\/en\\\/author\\\/jasmine\\\/\"}]}<\/script>\n<!-- \/ Yoast SEO plugin. -->","yoast_head_json":{"title":"Performance participative Place Robin - DANSOM\u00c8TRE - espace de cr\u00e9ation chor\u00e9graphique - VEVEY","robots":{"index":"index","follow":"follow","max-snippet":"max-snippet:-1","max-image-preview":"max-image-preview:large","max-video-preview":"max-video-preview:-1"},"canonical":"https:\/\/www.dansometre.ch\/en\/actualite\/performance-participative-place-robin\/","og_locale":"en_US","og_type":"article","og_title":"Performance participative Place Robin - DANSOM\u00c8TRE - espace de cr\u00e9ation chor\u00e9graphique - VEVEY","og_description":"Alessia Della Casa proposera une performance participative gratuite en plein air sur la place Robin, \u00e0 l\u2019occasion du traditionnel march\u00e9 aux puces organis\u00e9 par l\u2019association APERO. Adultes et enfants seront invit\u00e9\u00b7es \u00e0 observer, exp\u00e9rimenter et prendre part \u00e0 cette proposition artistique, accompagn\u00e9e par le performeur Simone Paris. Originaire de la Suisse italienne, Alessia Della Casa [&hellip;]","og_url":"https:\/\/www.dansometre.ch\/en\/actualite\/performance-participative-place-robin\/","og_site_name":"DANSOM\u00c8TRE - espace de cr\u00e9ation chor\u00e9graphique - VEVEY","article_published_time":"2026-08-19T12:18:10+00:00","article_modified_time":"2026-08-19T12:18:11+00:00","og_image":[{"width":1024,"height":1024,"url":"https:\/\/www.dansometre.ch\/wp-content\/uploads\/DANSOMETRE_2026_RS_1080x1080px_15.07.2026_7-1024x1024.jpg","type":"image\/jpeg"}],"author":"jasmine","twitter_card":"summary_large_image","twitter_misc":{"Written by":"jasmine","Est. reading time":"2 minutes"},"schema":{"@context":"https:\/\/schema.org","@graph":[{"@type":"Article","@id":"https:\/\/www.dansometre.ch\/en\/actualite\/performance-participative-place-robin\/#article","isPartOf":{"@id":"https:\/\/www.dansometre.ch\/en\/actualite\/performance-participative-place-robin\/"},"author":{"name":"jasmine","@id":"https:\/\/www.dansometre.ch\/en\/#\/schema\/person\/e4a492ad0b0cb31374af62cb03e5a050"},"headline":"Performance participative Place Robin","datePublished":"2026-08-19T12:18:10+00:00","dateModified":"2026-08-19T12:18:11+00:00","mainEntityOfPage":{"@id":"https:\/\/www.dansometre.ch\/en\/actualite\/performance-participative-place-robin\/"},"wordCount":316,"publisher":{"@id":"https:\/\/www.dansometre.ch\/en\/#organization"},"image":{"@id":"https:\/\/www.dansometre.ch\/en\/actualite\/performance-participative-place-robin\/#primaryimage"},"thumbnailUrl":"https:\/\/www.dansometre.ch\/wp-content\/uploads\/DANSOMETRE_2026_RS_1080x1080px_15.07.2026_7.jpg","articleSection":["Actualit\u00e9","Spectacles et soir\u00e9es"],"inLanguage":"en-US"},{"@type":"WebPage","@id":"https:\/\/www.dansometre.ch\/en\/actualite\/performance-participative-place-robin\/","url":"https:\/\/www.dansometre.ch\/en\/actualite\/performance-participative-place-robin\/","name":"Performance participative Place Robin - DANSOM\u00c8TRE - espace de cr\u00e9ation chor\u00e9graphique - VEVEY","isPartOf":{"@id":"https:\/\/www.dansometre.ch\/en\/#website"},"primaryImageOfPage":{"@id":"https:\/\/www.dansometre.ch\/en\/actualite\/performance-participative-place-robin\/#primaryimage"},"image":{"@id":"https:\/\/www.dansometre.ch\/en\/actualite\/performance-participative-place-robin\/#primaryimage"},"thumbnailUrl":"https:\/\/www.dansometre.ch\/wp-content\/uploads\/DANSOMETRE_2026_RS_1080x1080px_15.07.2026_7.jpg","datePublished":"2026-08-19T12:18:10+00:00","dateModified":"2026-08-19T12:18:11+00:00","breadcrumb":{"@id":"https:\/\/www.dansometre.ch\/en\/actualite\/performance-participative-place-robin\/#breadcrumb"},"inLanguage":"en-US","potentialAction":[{"@type":"ReadAction","target":["https:\/\/www.dansometre.ch\/en\/actualite\/performance-participative-place-robin\/"]}]},{"@type":"ImageObject","inLanguage":"en-US","@id":"https:\/\/www.dansometre.ch\/en\/actualite\/performance-participative-place-robin\/#primaryimage","url":"https:\/\/www.dansometre.ch\/wp-content\/uploads\/DANSOMETRE_2026_RS_1080x1080px_15.07.2026_7.jpg","contentUrl":"https:\/\/www.dansometre.ch\/wp-content\/uploads\/DANSOMETRE_2026_RS_1080x1080px_15.07.2026_7.jpg","width":2250,"height":2250,"caption":"Dansometre_2026_rs_1080x1080px_15.07.2026_7 DANSOM\u00c8TRE - espace de cr\u00e9ation chor\u00e9graphique - VEVEY"},{"@type":"BreadcrumbList","@id":"https:\/\/www.dansometre.ch\/en\/actualite\/performance-participative-place-robin\/#breadcrumb","itemListElement":[{"@type":"ListItem","position":1,"name":"Accueil","item":"https:\/\/www.dansometre.ch\/en\/"},{"@type":"ListItem","position":2,"name":"Performance participative Place Robin"}]},{"@type":"WebSite","@id":"https:\/\/www.dansometre.ch\/en\/#website","url":"https:\/\/www.dansometre.ch\/en\/","name":"DANSOM\u00c8TRE - espace de cr\u00e9ation chor\u00e9graphique - VEVEY","description":"","publisher":{"@id":"https:\/\/www.dansometre.ch\/en\/#organization"},"potentialAction":[{"@type":"SearchAction","target":{"@type":"EntryPoint","urlTemplate":"https:\/\/www.dansometre.ch\/en\/?s={search_term_string}"},"query-input":{"@type":"PropertyValueSpecification","valueRequired":true,"valueName":"search_term_string"}}],"inLanguage":"en-US"},{"@type":"Organization","@id":"https:\/\/www.dansometre.ch\/en\/#organization","name":"DANSOM\u00c8TRE - espace de cr\u00e9ation chor\u00e9graphique - VEVEY","url":"https:\/\/www.dansometre.ch\/en\/","logo":{"@type":"ImageObject","inLanguage":"en-US","@id":"https:\/\/www.dansometre.ch\/en\/#\/schema\/logo\/image\/","url":"https:\/\/www.dansometre.ch\/wp-content\/uploads\/favicon.png","contentUrl":"https:\/\/www.dansometre.ch\/wp-content\/uploads\/favicon.png","width":1200,"height":1200,"caption":"DANSOM\u00c8TRE - espace de cr\u00e9ation chor\u00e9graphique - VEVEY"},"image":{"@id":"https:\/\/www.dansometre.ch\/en\/#\/schema\/logo\/image\/"}},{"@type":"Person","@id":"https:\/\/www.dansometre.ch\/en\/#\/schema\/person\/e4a492ad0b0cb31374af62cb03e5a050","name":"jasmine","image":{"@type":"ImageObject","inLanguage":"en-US","@id":"https:\/\/secure.gravatar.com\/avatar\/17af7ce1d97fddf2be9fcb6d28b59eda9f84b49e46ceb695d1455b7c5437fcc4?s=96&d=mm&r=g","url":"https:\/\/secure.gravatar.com\/avatar\/17af7ce1d97fddf2be9fcb6d28b59eda9f84b49e46ceb695d1455b7c5437fcc4?s=96&d=mm&r=g","contentUrl":"https:\/\/secure.gravatar.com\/avatar\/17af7ce1d97fddf2be9fcb6d28b59eda9f84b49e46ceb695d1455b7c5437fcc4?s=96&d=mm&r=g","caption":"jasmine"},"url":"https:\/\/www.dansometre.ch\/en\/author\/jasmine\/"}]}},"mfb_rest_fields":["title","yoast_head","yoast_head_json"],"_links":{"self":[{"href":"https:\/\/www.dansometre.ch\/en\/wp-json\/wp\/v2\/posts\/6864","targetHints":{"allow":["GET"]}}],"collection":[{"href":"https:\/\/www.dansometre.ch\/en\/wp-json\/wp\/v2\/posts"}],"about":[{"href":"https:\/\/www.dansometre.ch\/en\/wp-json\/wp\/v2\/types\/post"}],"author":[{"embeddable":true,"href":"https:\/\/www.dansometre.ch\/en\/wp-json\/wp\/v2\/users\/2"}],"replies":[{"embeddable":true,"href":"https:\/\/www.dansometre.ch\/en\/wp-json\/wp\/v2\/comments?post=6864"}],"version-history":[{"count":1,"href":"https:\/\/www.dansometre.ch\/en\/wp-json\/wp\/v2\/posts\/6864\/revisions"}],"predecessor-version":[{"id":6867,"href":"https:\/\/www.dansometre.ch\/en\/wp-json\/wp\/v2\/posts\/6864\/revisions\/6867"}],"wp:featuredmedia":[{"embeddable":true,"href":"https:\/\/www.dansometre.ch\/en\/wp-json\/wp\/v2\/media\/6865"}],"wp:attachment":[{"href":"https:\/\/www.dansometre.ch\/en\/wp-json\/wp\/v2\/media?parent=6864"}],"wp:term":[{"taxonomy":"category","embeddable":true,"href":"https:\/\/www.dansometre.ch\/en\/wp-json\/wp\/v2\/categories?post=6864"},{"taxonomy":"post_tag","embeddable":true,"href":"https:\/\/www.dansometre.ch\/en\/wp-json\/wp\/v2\/tags?post=6864"}],"curies":[{"name":"wp","href":"https:\/\/api.w.org\/{rel}","templated":true}]}}