{"id":6868,"date":"2026-08-19T14:32:32","date_gmt":"2026-08-19T12:32:32","guid":{"rendered":"https:\/\/www.dansometre.ch\/?p=6868"},"modified":"2026-09-03T10:20:58","modified_gmt":"2026-09-03T08:20:58","slug":"festival-du-bout-du-monde","status":"publish","type":"post","link":"https:\/\/www.dansometre.ch\/en\/spectacles-soirees\/festival-du-bout-du-monde\/","title":{"rendered":"Festival du Bout du Monde"},"content":{"rendered":"\n<p>Place \u00e0 la quatri\u00e8me \u00e9dition de la Perfoboom ! hors les murs dans l&#8217;antre du Bout du Monde. Le Dansom\u00e8tre se joint \u00e0 la programmation du festival et vous propose POP FIASCO, un solo de D\u00e9lia Krayenbuhl Ghielmini qui d\u00e9tourne les codes de la pop, entre tubes, grimaces, hyper-sexualisation et humour, pour mieux questionner ce qu\u2019elle raconte de nos imaginaires. Puis Mona \u0645\u0646\u0649 Felah prendra les platines pour un DJ set percussif, rapide, sexy et bondissant, nourri de p\u00e9pites venues du Sud global.<\/p>\n\n\n\n<p><strong>PERFORMANCE : POP FIASCO<br>D\u00e9lia Krayenbuhl Ghielmini<\/strong><\/p>\n\n\n\n<p>&#8220;Comme des centaines de milliers d\u2019autres jeunes filles occidentales ayant grandi dans les ann\u00e9es 2000, mon enfance et mon adolescence ont \u00e9t\u00e9 profond\u00e9ment marqu\u00e9es par la musique pop. Ses stars, ses tubes, ses clips et la mode qui en d\u00e9coule ont laiss\u00e9 une empreinte ind\u00e9l\u00e9bile sur la personne que je suis devenue. La pop m\u2019a constitu\u00e9e, pour le meilleur et pour le pire.<br>Aimer cette musique tout en d\u00e9testant l\u2019industrie qu\u2019elle incarne est une posture d\u2019\u00e9quilibriste \u00e0 laquelle je m\u2019essaie depuis un certain temps. Car la musique pop est un terrain de recherche fascinant pour tout ce qu\u2019elle porte de notre m\u00e9moire collective et tout ce qu\u2019elle raconte de notre soci\u00e9t\u00e9.<br>Alors comment faire \u00ab grimacer \u00bb la pop music dans le cadre de la danse contemporaine ?<\/p>\n\n\n\n<p><strong>POP FIASCO<\/strong> est un solo qui s\u2019articule autour d\u2019une playlist de chansons pop, o\u00f9 chaque chanson est un num\u00e9ro autonome, comme une s\u00e9rie de clips burlesques qui se succ\u00e8dent. Entre grimaces, clins d\u2019oeils au codes d\u2019hyper-sexualisation de la pop et gestes pr\u00e9cis, cette pi\u00e8ce tente de rendre hommage \u00e0 la musique pop et son univers tout en y gardant un regard critique mais g\u00e9n\u00e9reux.&#8221;<\/p>\n\n\n\n<figure class=\"wp-block-image size-large\"><a href=\"https:\/\/www.dansometre.ch\/wp-content\/uploads\/\u00a9Hitzigraphy-1721-Kopie.jpg\" data-lbwps-width=\"1920\" data-lbwps-height=\"1280\" data-lbwps-srcsmall=\"https:\/\/www.dansometre.ch\/wp-content\/uploads\/\u00a9Hitzigraphy-1721-Kopie-300x200.jpg\"><img loading=\"lazy\" decoding=\"async\" width=\"1024\" height=\"683\" src=\"https:\/\/www.dansometre.ch\/wp-content\/uploads\/\u00a9Hitzigraphy-1721-Kopie-1024x683.jpg\" alt=\"\u00a9hitzigraphy-1721 Kopie DANSOM\u00c8TRE - espace de cr\u00e9ation chor\u00e9graphique - VEVEY\" class=\"wp-image-6917\" srcset=\"https:\/\/www.dansometre.ch\/wp-content\/uploads\/\u00a9Hitzigraphy-1721-Kopie-1024x683.jpg 1024w, https:\/\/www.dansometre.ch\/wp-content\/uploads\/\u00a9Hitzigraphy-1721-Kopie-300x200.jpg 300w, https:\/\/www.dansometre.ch\/wp-content\/uploads\/\u00a9Hitzigraphy-1721-Kopie-768x512.jpg 768w, https:\/\/www.dansometre.ch\/wp-content\/uploads\/\u00a9Hitzigraphy-1721-Kopie-1536x1024.jpg 1536w, https:\/\/www.dansometre.ch\/wp-content\/uploads\/\u00a9Hitzigraphy-1721-Kopie.jpg 1920w\" sizes=\"auto, (max-width: 1024px) 100vw, 1024px\" \/><\/a><\/figure>\n\n\n\n<p class=\"has-text-align-center\">Photo \u00a9Hitzigraphy<\/p>\n\n\n\n<p>Cr\u00e9dits :<\/p>\n\n\n\n<p><strong>Cr\u00e9ation<\/strong> durant MIXED PICKLES \u00e0 ROXY Birsfelden.<br><strong>Chor\u00e9graphie, interpr\u00e9tation<\/strong> : D\u00e9lia Krayenb\u00fchl Ghielmini<br><strong>Collaboration artistique<\/strong> : Emma Saba<br><strong>Oeil ext\u00e9rieur<\/strong> : M\u00e9lanie Gobet<br><strong>Dramaturgie<\/strong> : Pierre-Angelo Zavaglia<br><strong>Production et diffusion<\/strong> : Yamina Pilli \/ oh la la &#8211; performing arts production<\/p>\n\n\n\n<p>+<\/p>\n\n\n\n<p><strong>DJ SET : Mona \u0645\u0646\u0649 Felah<\/strong><\/p>\n\n\n\n<p>Mona \u0645\u0646\u0649 Felah est danseuse, compositrice sonore, DJ et joueuse de basket. Elle aborde le DJing comme une mani\u00e8re ludique et \u00e9mancipatrice de cr\u00e9er des connexions \u00e0 travers les parts d\u2019elle-m\u00eame que l\u2019effacement impos\u00e9 cherche \u00e0 d\u00e9truire. Sa s\u00e9lection est guid\u00e9e par une obsession pour les rythmes percussifs li\u00e9s au Sud global. Elle partagera des p\u00e9pites d\u00e9couvertes au fil de rencontres en ligne, de pratiques en club et de conversations pr\u00e9cieuses.<\/p>\n\n\n\n<p>Attendez-vous \u00e0 des morceaux durs, rapides, sexy et bondissants \ud80c\udda9\u2661\ud80c\uddaa<\/p>\n\n\n\n<figure class=\"wp-block-image aligncenter size-large\"><a href=\"https:\/\/www.dansometre.ch\/wp-content\/uploads\/press-pic-Mona-Felah-reworked.jpg\" data-lbwps-width=\"4868\" data-lbwps-height=\"7302\" data-lbwps-srcsmall=\"https:\/\/www.dansometre.ch\/wp-content\/uploads\/press-pic-Mona-Felah-reworked-200x300.jpg\"><img loading=\"lazy\" decoding=\"async\" width=\"683\" height=\"1024\" src=\"https:\/\/www.dansometre.ch\/wp-content\/uploads\/press-pic-Mona-Felah-reworked-683x1024.jpg\" alt=\"Press Pic Mona Felah Reworked DANSOM\u00c8TRE - espace de cr\u00e9ation chor\u00e9graphique - VEVEY\" class=\"wp-image-6903\" srcset=\"https:\/\/www.dansometre.ch\/wp-content\/uploads\/press-pic-Mona-Felah-reworked-683x1024.jpg 683w, https:\/\/www.dansometre.ch\/wp-content\/uploads\/press-pic-Mona-Felah-reworked-200x300.jpg 200w, https:\/\/www.dansometre.ch\/wp-content\/uploads\/press-pic-Mona-Felah-reworked-768x1152.jpg 768w, https:\/\/www.dansometre.ch\/wp-content\/uploads\/press-pic-Mona-Felah-reworked-1024x1536.jpg 1024w, https:\/\/www.dansometre.ch\/wp-content\/uploads\/press-pic-Mona-Felah-reworked-1365x2048.jpg 1365w, https:\/\/www.dansometre.ch\/wp-content\/uploads\/press-pic-Mona-Felah-reworked-scaled.jpg 1707w\" sizes=\"auto, (max-width: 683px) 100vw, 683px\" \/><\/a><\/figure>\n\n\n\n<p class=\"has-text-align-center\">Photo \u00a9Nora Neves&nbsp;<\/p>\n\n\n\n<p><strong>INFORMATIONS<\/strong><\/p>\n\n\n\n<p><strong>Tarifs<\/strong>&nbsp;: \u00e0 venir<\/p>\n\n\n\n<p><strong>Accessibilit\u00e9<\/strong>&nbsp;: acc\u00e8s PMR<\/p>\n\n\n\n<p><strong>Lieu :<\/strong>&nbsp;Le Bout du Monde, Rue d&#8217;Italie 24, 1800 Vevey<\/p>\n\n\n\n<p>Pour la saison 26-27 et ses projets, le Dansom\u00e8tre est soutenu par :<\/p>\n\n\n\n<figure class=\"wp-block-image size-large\"><a href=\"https:\/\/www.dansometre.ch\/wp-content\/uploads\/DANSOMETRE_26-27_sponsor_logos_980x110px_29.07_1-1.png\" data-lbwps-width=\"4083\" data-lbwps-height=\"458\" data-lbwps-srcsmall=\"https:\/\/www.dansometre.ch\/wp-content\/uploads\/DANSOMETRE_26-27_sponsor_logos_980x110px_29.07_1-1-300x34.png\"><img loading=\"lazy\" decoding=\"async\" width=\"1024\" height=\"115\" src=\"https:\/\/www.dansometre.ch\/wp-content\/uploads\/DANSOMETRE_26-27_sponsor_logos_980x110px_29.07_1-1-1024x115.png\" alt=\"Dansometre_26-27_sponsor_logos_980x110px_29.07_1 DANSOM\u00c8TRE - espace de cr\u00e9ation chor\u00e9graphique - VEVEY\" class=\"wp-image-6812\" srcset=\"https:\/\/www.dansometre.ch\/wp-content\/uploads\/DANSOMETRE_26-27_sponsor_logos_980x110px_29.07_1-1-1024x115.png 1024w, https:\/\/www.dansometre.ch\/wp-content\/uploads\/DANSOMETRE_26-27_sponsor_logos_980x110px_29.07_1-1-300x34.png 300w, https:\/\/www.dansometre.ch\/wp-content\/uploads\/DANSOMETRE_26-27_sponsor_logos_980x110px_29.07_1-1-768x86.png 768w, https:\/\/www.dansometre.ch\/wp-content\/uploads\/DANSOMETRE_26-27_sponsor_logos_980x110px_29.07_1-1-1536x172.png 1536w, https:\/\/www.dansometre.ch\/wp-content\/uploads\/DANSOMETRE_26-27_sponsor_logos_980x110px_29.07_1-1-2048x230.png 2048w\" sizes=\"auto, (max-width: 1024px) 100vw, 1024px\" \/><\/a><\/figure>\n\n\n\n<p>Photo : \u00a9Ninon Stachnick<br>Mise en forme : Ultrastudio.ch<\/p>\n","protected":false},"excerpt":{"rendered":"<p>Place \u00e0 la quatri\u00e8me \u00e9dition de la Perfoboom ! hors les murs dans l&#8217;antre du Bout du Monde. Le Dansom\u00e8tre se joint \u00e0 la programmation du festival et vous propose POP FIASCO, un solo de D\u00e9lia Krayenbuhl Ghielmini qui d\u00e9tourne les codes de la pop, entre tubes, grimaces, hyper-sexualisation et humour, pour mieux questionner ce [&hellip;]<\/p>\n","protected":false},"author":2,"featured_media":6869,"comment_status":"closed","ping_status":"closed","sticky":false,"template":"","format":"standard","meta":{"_acf_changed":false,"inline_featured_image":false,"footnotes":""},"categories":[81],"tags":[],"class_list":["post-6868","post","type-post","status-publish","format-standard","has-post-thumbnail","hentry","category-spectacles-soirees"],"acf":[],"mb":[],"yoast_head":"<!-- This site is optimized with the Yoast SEO plugin v28.3 - https:\/\/yoast.com\/product\/yoast-seo-wordpress\/ -->\n<title>Festival du Bout du Monde - DANSOM\u00c8TRE - espace de cr\u00e9ation chor\u00e9graphique - VEVEY<\/title>\n<meta name=\"robots\" content=\"index, follow, max-snippet:-1, max-image-preview:large, max-video-preview:-1\" \/>\n<link rel=\"canonical\" href=\"https:\/\/www.dansometre.ch\/en\/spectacles-soirees\/festival-du-bout-du-monde\/\" \/>\n<meta property=\"og:locale\" content=\"en_US\" \/>\n<meta property=\"og:type\" content=\"article\" \/>\n<meta property=\"og:title\" content=\"Festival du Bout du Monde - DANSOM\u00c8TRE - espace de cr\u00e9ation chor\u00e9graphique - VEVEY\" \/>\n<meta property=\"og:description\" content=\"Place \u00e0 la quatri\u00e8me \u00e9dition de la Perfoboom ! hors les murs dans l&#8217;antre du Bout du Monde. Le Dansom\u00e8tre se joint \u00e0 la programmation du festival et vous propose POP FIASCO, un solo de D\u00e9lia Krayenbuhl Ghielmini qui d\u00e9tourne les codes de la pop, entre tubes, grimaces, hyper-sexualisation et humour, pour mieux questionner ce [&hellip;]\" \/>\n<meta property=\"og:url\" content=\"https:\/\/www.dansometre.ch\/en\/spectacles-soirees\/festival-du-bout-du-monde\/\" \/>\n<meta property=\"og:site_name\" content=\"DANSOM\u00c8TRE - espace de cr\u00e9ation chor\u00e9graphique - VEVEY\" \/>\n<meta property=\"article:published_time\" content=\"2026-08-19T12:32:32+00:00\" \/>\n<meta property=\"article:modified_time\" content=\"2026-09-03T08:20:58+00:00\" \/>\n<meta property=\"og:image\" content=\"https:\/\/www.dansometre.ch\/wp-content\/uploads\/DANSOMETRE_2026_RS_1080x1080px_15.07.2026_8-1024x1024.jpg\" \/>\n\t<meta property=\"og:image:width\" content=\"1024\" \/>\n\t<meta property=\"og:image:height\" content=\"1024\" \/>\n\t<meta property=\"og:image:type\" content=\"image\/jpeg\" \/>\n<meta name=\"author\" content=\"jasmine\" \/>\n<meta name=\"twitter:card\" content=\"summary_large_image\" \/>\n<meta name=\"twitter:label1\" content=\"Written by\" \/>\n\t<meta name=\"twitter:data1\" content=\"jasmine\" \/>\n\t<meta name=\"twitter:label2\" content=\"Est. reading time\" \/>\n\t<meta name=\"twitter:data2\" content=\"4 minutes\" \/>\n<script type=\"application\/ld+json\" class=\"yoast-schema-graph\">{\"@context\":\"https:\\\/\\\/schema.org\",\"@graph\":[{\"@type\":\"Article\",\"@id\":\"https:\\\/\\\/www.dansometre.ch\\\/en\\\/spectacles-soirees\\\/festival-du-bout-du-monde\\\/#article\",\"isPartOf\":{\"@id\":\"https:\\\/\\\/www.dansometre.ch\\\/en\\\/spectacles-soirees\\\/festival-du-bout-du-monde\\\/\"},\"author\":{\"name\":\"jasmine\",\"@id\":\"https:\\\/\\\/www.dansometre.ch\\\/en\\\/#\\\/schema\\\/person\\\/e4a492ad0b0cb31374af62cb03e5a050\"},\"headline\":\"Festival du Bout du Monde\",\"datePublished\":\"2026-08-19T12:32:32+00:00\",\"dateModified\":\"2026-09-03T08:20:58+00:00\",\"mainEntityOfPage\":{\"@id\":\"https:\\\/\\\/www.dansometre.ch\\\/en\\\/spectacles-soirees\\\/festival-du-bout-du-monde\\\/\"},\"wordCount\":492,\"publisher\":{\"@id\":\"https:\\\/\\\/www.dansometre.ch\\\/en\\\/#organization\"},\"image\":{\"@id\":\"https:\\\/\\\/www.dansometre.ch\\\/en\\\/spectacles-soirees\\\/festival-du-bout-du-monde\\\/#primaryimage\"},\"thumbnailUrl\":\"https:\\\/\\\/www.dansometre.ch\\\/wp-content\\\/uploads\\\/DANSOMETRE_2026_RS_1080x1080px_15.07.2026_8.jpg\",\"articleSection\":[\"Spectacles et soir\u00e9es\"],\"inLanguage\":\"en-US\"},{\"@type\":\"WebPage\",\"@id\":\"https:\\\/\\\/www.dansometre.ch\\\/en\\\/spectacles-soirees\\\/festival-du-bout-du-monde\\\/\",\"url\":\"https:\\\/\\\/www.dansometre.ch\\\/en\\\/spectacles-soirees\\\/festival-du-bout-du-monde\\\/\",\"name\":\"Festival du Bout du Monde - DANSOM\u00c8TRE - espace de cr\u00e9ation chor\u00e9graphique - VEVEY\",\"isPartOf\":{\"@id\":\"https:\\\/\\\/www.dansometre.ch\\\/en\\\/#website\"},\"primaryImageOfPage\":{\"@id\":\"https:\\\/\\\/www.dansometre.ch\\\/en\\\/spectacles-soirees\\\/festival-du-bout-du-monde\\\/#primaryimage\"},\"image\":{\"@id\":\"https:\\\/\\\/www.dansometre.ch\\\/en\\\/spectacles-soirees\\\/festival-du-bout-du-monde\\\/#primaryimage\"},\"thumbnailUrl\":\"https:\\\/\\\/www.dansometre.ch\\\/wp-content\\\/uploads\\\/DANSOMETRE_2026_RS_1080x1080px_15.07.2026_8.jpg\",\"datePublished\":\"2026-08-19T12:32:32+00:00\",\"dateModified\":\"2026-09-03T08:20:58+00:00\",\"breadcrumb\":{\"@id\":\"https:\\\/\\\/www.dansometre.ch\\\/en\\\/spectacles-soirees\\\/festival-du-bout-du-monde\\\/#breadcrumb\"},\"inLanguage\":\"en-US\",\"potentialAction\":[{\"@type\":\"ReadAction\",\"target\":[\"https:\\\/\\\/www.dansometre.ch\\\/en\\\/spectacles-soirees\\\/festival-du-bout-du-monde\\\/\"]}]},{\"@type\":\"ImageObject\",\"inLanguage\":\"en-US\",\"@id\":\"https:\\\/\\\/www.dansometre.ch\\\/en\\\/spectacles-soirees\\\/festival-du-bout-du-monde\\\/#primaryimage\",\"url\":\"https:\\\/\\\/www.dansometre.ch\\\/wp-content\\\/uploads\\\/DANSOMETRE_2026_RS_1080x1080px_15.07.2026_8.jpg\",\"contentUrl\":\"https:\\\/\\\/www.dansometre.ch\\\/wp-content\\\/uploads\\\/DANSOMETRE_2026_RS_1080x1080px_15.07.2026_8.jpg\",\"width\":2250,\"height\":2250,\"caption\":\"Dansometre_2026_rs_1080x1080px_15.07.2026_8 DANSOM\u00c8TRE - espace de cr\u00e9ation chor\u00e9graphique - VEVEY\"},{\"@type\":\"BreadcrumbList\",\"@id\":\"https:\\\/\\\/www.dansometre.ch\\\/en\\\/spectacles-soirees\\\/festival-du-bout-du-monde\\\/#breadcrumb\",\"itemListElement\":[{\"@type\":\"ListItem\",\"position\":1,\"name\":\"Accueil\",\"item\":\"https:\\\/\\\/www.dansometre.ch\\\/en\\\/\"},{\"@type\":\"ListItem\",\"position\":2,\"name\":\"Festival du Bout du Monde\"}]},{\"@type\":\"WebSite\",\"@id\":\"https:\\\/\\\/www.dansometre.ch\\\/en\\\/#website\",\"url\":\"https:\\\/\\\/www.dansometre.ch\\\/en\\\/\",\"name\":\"DANSOM\u00c8TRE - espace de cr\u00e9ation chor\u00e9graphique - VEVEY\",\"description\":\"\",\"publisher\":{\"@id\":\"https:\\\/\\\/www.dansometre.ch\\\/en\\\/#organization\"},\"potentialAction\":[{\"@type\":\"SearchAction\",\"target\":{\"@type\":\"EntryPoint\",\"urlTemplate\":\"https:\\\/\\\/www.dansometre.ch\\\/en\\\/?s={search_term_string}\"},\"query-input\":{\"@type\":\"PropertyValueSpecification\",\"valueRequired\":true,\"valueName\":\"search_term_string\"}}],\"inLanguage\":\"en-US\"},{\"@type\":\"Organization\",\"@id\":\"https:\\\/\\\/www.dansometre.ch\\\/en\\\/#organization\",\"name\":\"DANSOM\u00c8TRE - espace de cr\u00e9ation chor\u00e9graphique - VEVEY\",\"url\":\"https:\\\/\\\/www.dansometre.ch\\\/en\\\/\",\"logo\":{\"@type\":\"ImageObject\",\"inLanguage\":\"en-US\",\"@id\":\"https:\\\/\\\/www.dansometre.ch\\\/en\\\/#\\\/schema\\\/logo\\\/image\\\/\",\"url\":\"https:\\\/\\\/www.dansometre.ch\\\/wp-content\\\/uploads\\\/favicon.png\",\"contentUrl\":\"https:\\\/\\\/www.dansometre.ch\\\/wp-content\\\/uploads\\\/favicon.png\",\"width\":1200,\"height\":1200,\"caption\":\"DANSOM\u00c8TRE - espace de cr\u00e9ation chor\u00e9graphique - VEVEY\"},\"image\":{\"@id\":\"https:\\\/\\\/www.dansometre.ch\\\/en\\\/#\\\/schema\\\/logo\\\/image\\\/\"}},{\"@type\":\"Person\",\"@id\":\"https:\\\/\\\/www.dansometre.ch\\\/en\\\/#\\\/schema\\\/person\\\/e4a492ad0b0cb31374af62cb03e5a050\",\"name\":\"jasmine\",\"image\":{\"@type\":\"ImageObject\",\"inLanguage\":\"en-US\",\"@id\":\"https:\\\/\\\/secure.gravatar.com\\\/avatar\\\/17af7ce1d97fddf2be9fcb6d28b59eda9f84b49e46ceb695d1455b7c5437fcc4?s=96&d=mm&r=g\",\"url\":\"https:\\\/\\\/secure.gravatar.com\\\/avatar\\\/17af7ce1d97fddf2be9fcb6d28b59eda9f84b49e46ceb695d1455b7c5437fcc4?s=96&d=mm&r=g\",\"contentUrl\":\"https:\\\/\\\/secure.gravatar.com\\\/avatar\\\/17af7ce1d97fddf2be9fcb6d28b59eda9f84b49e46ceb695d1455b7c5437fcc4?s=96&d=mm&r=g\",\"caption\":\"jasmine\"},\"url\":\"https:\\\/\\\/www.dansometre.ch\\\/en\\\/author\\\/jasmine\\\/\"}]}<\/script>\n<!-- \/ Yoast SEO plugin. -->","yoast_head_json":{"title":"Festival du Bout du Monde - DANSOM\u00c8TRE - espace de cr\u00e9ation chor\u00e9graphique - VEVEY","robots":{"index":"index","follow":"follow","max-snippet":"max-snippet:-1","max-image-preview":"max-image-preview:large","max-video-preview":"max-video-preview:-1"},"canonical":"https:\/\/www.dansometre.ch\/en\/spectacles-soirees\/festival-du-bout-du-monde\/","og_locale":"en_US","og_type":"article","og_title":"Festival du Bout du Monde - DANSOM\u00c8TRE - espace de cr\u00e9ation chor\u00e9graphique - VEVEY","og_description":"Place \u00e0 la quatri\u00e8me \u00e9dition de la Perfoboom ! hors les murs dans l&#8217;antre du Bout du Monde. Le Dansom\u00e8tre se joint \u00e0 la programmation du festival et vous propose POP FIASCO, un solo de D\u00e9lia Krayenbuhl Ghielmini qui d\u00e9tourne les codes de la pop, entre tubes, grimaces, hyper-sexualisation et humour, pour mieux questionner ce [&hellip;]","og_url":"https:\/\/www.dansometre.ch\/en\/spectacles-soirees\/festival-du-bout-du-monde\/","og_site_name":"DANSOM\u00c8TRE - espace de cr\u00e9ation chor\u00e9graphique - VEVEY","article_published_time":"2026-08-19T12:32:32+00:00","article_modified_time":"2026-09-03T08:20:58+00:00","og_image":[{"width":1024,"height":1024,"url":"https:\/\/www.dansometre.ch\/wp-content\/uploads\/DANSOMETRE_2026_RS_1080x1080px_15.07.2026_8-1024x1024.jpg","type":"image\/jpeg"}],"author":"jasmine","twitter_card":"summary_large_image","twitter_misc":{"Written by":"jasmine","Est. reading time":"4 minutes"},"schema":{"@context":"https:\/\/schema.org","@graph":[{"@type":"Article","@id":"https:\/\/www.dansometre.ch\/en\/spectacles-soirees\/festival-du-bout-du-monde\/#article","isPartOf":{"@id":"https:\/\/www.dansometre.ch\/en\/spectacles-soirees\/festival-du-bout-du-monde\/"},"author":{"name":"jasmine","@id":"https:\/\/www.dansometre.ch\/en\/#\/schema\/person\/e4a492ad0b0cb31374af62cb03e5a050"},"headline":"Festival du Bout du Monde","datePublished":"2026-08-19T12:32:32+00:00","dateModified":"2026-09-03T08:20:58+00:00","mainEntityOfPage":{"@id":"https:\/\/www.dansometre.ch\/en\/spectacles-soirees\/festival-du-bout-du-monde\/"},"wordCount":492,"publisher":{"@id":"https:\/\/www.dansometre.ch\/en\/#organization"},"image":{"@id":"https:\/\/www.dansometre.ch\/en\/spectacles-soirees\/festival-du-bout-du-monde\/#primaryimage"},"thumbnailUrl":"https:\/\/www.dansometre.ch\/wp-content\/uploads\/DANSOMETRE_2026_RS_1080x1080px_15.07.2026_8.jpg","articleSection":["Spectacles et soir\u00e9es"],"inLanguage":"en-US"},{"@type":"WebPage","@id":"https:\/\/www.dansometre.ch\/en\/spectacles-soirees\/festival-du-bout-du-monde\/","url":"https:\/\/www.dansometre.ch\/en\/spectacles-soirees\/festival-du-bout-du-monde\/","name":"Festival du Bout du Monde - DANSOM\u00c8TRE - espace de cr\u00e9ation chor\u00e9graphique - VEVEY","isPartOf":{"@id":"https:\/\/www.dansometre.ch\/en\/#website"},"primaryImageOfPage":{"@id":"https:\/\/www.dansometre.ch\/en\/spectacles-soirees\/festival-du-bout-du-monde\/#primaryimage"},"image":{"@id":"https:\/\/www.dansometre.ch\/en\/spectacles-soirees\/festival-du-bout-du-monde\/#primaryimage"},"thumbnailUrl":"https:\/\/www.dansometre.ch\/wp-content\/uploads\/DANSOMETRE_2026_RS_1080x1080px_15.07.2026_8.jpg","datePublished":"2026-08-19T12:32:32+00:00","dateModified":"2026-09-03T08:20:58+00:00","breadcrumb":{"@id":"https:\/\/www.dansometre.ch\/en\/spectacles-soirees\/festival-du-bout-du-monde\/#breadcrumb"},"inLanguage":"en-US","potentialAction":[{"@type":"ReadAction","target":["https:\/\/www.dansometre.ch\/en\/spectacles-soirees\/festival-du-bout-du-monde\/"]}]},{"@type":"ImageObject","inLanguage":"en-US","@id":"https:\/\/www.dansometre.ch\/en\/spectacles-soirees\/festival-du-bout-du-monde\/#primaryimage","url":"https:\/\/www.dansometre.ch\/wp-content\/uploads\/DANSOMETRE_2026_RS_1080x1080px_15.07.2026_8.jpg","contentUrl":"https:\/\/www.dansometre.ch\/wp-content\/uploads\/DANSOMETRE_2026_RS_1080x1080px_15.07.2026_8.jpg","width":2250,"height":2250,"caption":"Dansometre_2026_rs_1080x1080px_15.07.2026_8 DANSOM\u00c8TRE - espace de cr\u00e9ation chor\u00e9graphique - VEVEY"},{"@type":"BreadcrumbList","@id":"https:\/\/www.dansometre.ch\/en\/spectacles-soirees\/festival-du-bout-du-monde\/#breadcrumb","itemListElement":[{"@type":"ListItem","position":1,"name":"Accueil","item":"https:\/\/www.dansometre.ch\/en\/"},{"@type":"ListItem","position":2,"name":"Festival du Bout du Monde"}]},{"@type":"WebSite","@id":"https:\/\/www.dansometre.ch\/en\/#website","url":"https:\/\/www.dansometre.ch\/en\/","name":"DANSOM\u00c8TRE - espace de cr\u00e9ation chor\u00e9graphique - VEVEY","description":"","publisher":{"@id":"https:\/\/www.dansometre.ch\/en\/#organization"},"potentialAction":[{"@type":"SearchAction","target":{"@type":"EntryPoint","urlTemplate":"https:\/\/www.dansometre.ch\/en\/?s={search_term_string}"},"query-input":{"@type":"PropertyValueSpecification","valueRequired":true,"valueName":"search_term_string"}}],"inLanguage":"en-US"},{"@type":"Organization","@id":"https:\/\/www.dansometre.ch\/en\/#organization","name":"DANSOM\u00c8TRE - espace de cr\u00e9ation chor\u00e9graphique - VEVEY","url":"https:\/\/www.dansometre.ch\/en\/","logo":{"@type":"ImageObject","inLanguage":"en-US","@id":"https:\/\/www.dansometre.ch\/en\/#\/schema\/logo\/image\/","url":"https:\/\/www.dansometre.ch\/wp-content\/uploads\/favicon.png","contentUrl":"https:\/\/www.dansometre.ch\/wp-content\/uploads\/favicon.png","width":1200,"height":1200,"caption":"DANSOM\u00c8TRE - espace de cr\u00e9ation chor\u00e9graphique - VEVEY"},"image":{"@id":"https:\/\/www.dansometre.ch\/en\/#\/schema\/logo\/image\/"}},{"@type":"Person","@id":"https:\/\/www.dansometre.ch\/en\/#\/schema\/person\/e4a492ad0b0cb31374af62cb03e5a050","name":"jasmine","image":{"@type":"ImageObject","inLanguage":"en-US","@id":"https:\/\/secure.gravatar.com\/avatar\/17af7ce1d97fddf2be9fcb6d28b59eda9f84b49e46ceb695d1455b7c5437fcc4?s=96&d=mm&r=g","url":"https:\/\/secure.gravatar.com\/avatar\/17af7ce1d97fddf2be9fcb6d28b59eda9f84b49e46ceb695d1455b7c5437fcc4?s=96&d=mm&r=g","contentUrl":"https:\/\/secure.gravatar.com\/avatar\/17af7ce1d97fddf2be9fcb6d28b59eda9f84b49e46ceb695d1455b7c5437fcc4?s=96&d=mm&r=g","caption":"jasmine"},"url":"https:\/\/www.dansometre.ch\/en\/author\/jasmine\/"}]}},"mfb_rest_fields":["title","yoast_head","yoast_head_json"],"_links":{"self":[{"href":"https:\/\/www.dansometre.ch\/en\/wp-json\/wp\/v2\/posts\/6868","targetHints":{"allow":["GET"]}}],"collection":[{"href":"https:\/\/www.dansometre.ch\/en\/wp-json\/wp\/v2\/posts"}],"about":[{"href":"https:\/\/www.dansometre.ch\/en\/wp-json\/wp\/v2\/types\/post"}],"author":[{"embeddable":true,"href":"https:\/\/www.dansometre.ch\/en\/wp-json\/wp\/v2\/users\/2"}],"replies":[{"embeddable":true,"href":"https:\/\/www.dansometre.ch\/en\/wp-json\/wp\/v2\/comments?post=6868"}],"version-history":[{"count":13,"href":"https:\/\/www.dansometre.ch\/en\/wp-json\/wp\/v2\/posts\/6868\/revisions"}],"predecessor-version":[{"id":6919,"href":"https:\/\/www.dansometre.ch\/en\/wp-json\/wp\/v2\/posts\/6868\/revisions\/6919"}],"wp:featuredmedia":[{"embeddable":true,"href":"https:\/\/www.dansometre.ch\/en\/wp-json\/wp\/v2\/media\/6869"}],"wp:attachment":[{"href":"https:\/\/www.dansometre.ch\/en\/wp-json\/wp\/v2\/media?parent=6868"}],"wp:term":[{"taxonomy":"category","embeddable":true,"href":"https:\/\/www.dansometre.ch\/en\/wp-json\/wp\/v2\/categories?post=6868"},{"taxonomy":"post_tag","embeddable":true,"href":"https:\/\/www.dansometre.ch\/en\/wp-json\/wp\/v2\/tags?post=6868"}],"curies":[{"name":"wp","href":"https:\/\/api.w.org\/{rel}","templated":true}]}}