{"id":6874,"date":"2026-08-19T14:39:42","date_gmt":"2026-08-19T12:39:42","guid":{"rendered":"https:\/\/www.dansometre.ch\/?p=6874"},"modified":"2026-08-19T14:39:43","modified_gmt":"2026-08-19T12:39:43","slug":"sortie-de-residence-3-5","status":"publish","type":"post","link":"https:\/\/www.dansometre.ch\/en\/actualite\/sortie-de-residence-3-5\/","title":{"rendered":"Sortie de r\u00e9sidence #3"},"content":{"rendered":"\n<p><strong>ACCESS<\/strong><\/p>\n\n\n\n<p><strong>ACCESS<\/strong>&nbsp;explore l\u2019espace sc\u00e9nique comme un terrain d\u2019essai d\u00e9construit, o\u00f9 les rapport entre les diff\u00e9rents \u00e9l\u00e9ments qui constituent une pi\u00e8ce chor\u00e9graphique sont constamment produits, interrompus, reformul\u00e9s et d\u00e9form\u00e9s. En cr\u00e9ant une ambiance d\u00e9cal\u00e9e, po\u00e9tique et absurde, l\u2019\u0153uvre red\u00e9finit les rapports d\u2019artiste au public, d\u2019attente et de r\u00e9ception, du vu et du per\u00e7u, et prend la forme d\u2019un monde auto-r\u00e9fl\u00e9ctif qui explore les limites de la sc\u00e8ne, en espace et en corps, en constante mutation o\u00f9 l\u2019espace est ouvert et mal\u00e9able.<\/p>\n\n\n\n<p>Trois artistes collaborent pour la cr\u00e9ation d\u2019ACCESS :<br><strong>Wilchaan Roy Cantu<\/strong>, un danseur-chor\u00e9graphe \u00e9mergent franco-mexicain, dipl\u00f4m\u00e9 de Codarts \u00e0 Rotterdam, bas\u00e9 entre la Suisse et les Pays-Bas ;<br><strong>Aurore Gruel<\/strong>, une danseuse chor\u00e9graphe fran\u00e7aise, directrice de la compagnie ORMONE et du Laboratoire Chor\u00e9graphique (Reims) ;<br><strong>Yatoni Roy Cantu<\/strong>, un compositeur et artiste sonore franco-mexicain, dipl\u00f4m\u00e9 de l\u2019ECAL en cin\u00e9ma, ainsi qu\u2019un master cin\u00e9ma en son \u00e0 l\u2019ECAL\/HEAD, et artiste associ\u00e9 \u00e0 l\u2019Abri (Gen\u00e8ve).<\/p>\n\n\n\n<p><strong>INFORMATIONS<\/strong><\/p>\n\n\n\n<p><strong>Public<\/strong> : tout public \/ ap\u00e9ritif offert apr\u00e8s la performance<\/p>\n\n\n\n<p><strong>Tarifs<\/strong> : entr\u00e9e libre<\/p>\n\n\n\n<p><strong>Accessibilit\u00e9<\/strong> : acc\u00e8s PMR<\/p>\n\n\n\n<p><strong>Lieu :<\/strong> Dansom\u00e8tre, Avenue de Corsier 19, 1800 Vevey<\/p>\n\n\n\n<p>Pour la saison 26-27 et ses projets, le Dansom\u00e8tre est soutenu par :<\/p>\n\n\n\n<figure class=\"wp-block-image size-large\"><a href=\"https:\/\/www.dansometre.ch\/wp-content\/uploads\/DANSOMETRE_26-27_sponsor_logos_980x110px_29.07_1-1.png\" data-lbwps-width=\"4083\" data-lbwps-height=\"458\" data-lbwps-srcsmall=\"https:\/\/www.dansometre.ch\/wp-content\/uploads\/DANSOMETRE_26-27_sponsor_logos_980x110px_29.07_1-1-300x34.png\"><img loading=\"lazy\" decoding=\"async\" width=\"1024\" height=\"115\" src=\"https:\/\/www.dansometre.ch\/wp-content\/uploads\/DANSOMETRE_26-27_sponsor_logos_980x110px_29.07_1-1-1024x115.png\" alt=\"Dansometre_26-27_sponsor_logos_980x110px_29.07_1 DANSOM\u00c8TRE - espace de cr\u00e9ation chor\u00e9graphique - VEVEY\" class=\"wp-image-6812\" srcset=\"https:\/\/www.dansometre.ch\/wp-content\/uploads\/DANSOMETRE_26-27_sponsor_logos_980x110px_29.07_1-1-1024x115.png 1024w, https:\/\/www.dansometre.ch\/wp-content\/uploads\/DANSOMETRE_26-27_sponsor_logos_980x110px_29.07_1-1-300x34.png 300w, https:\/\/www.dansometre.ch\/wp-content\/uploads\/DANSOMETRE_26-27_sponsor_logos_980x110px_29.07_1-1-768x86.png 768w, https:\/\/www.dansometre.ch\/wp-content\/uploads\/DANSOMETRE_26-27_sponsor_logos_980x110px_29.07_1-1-1536x172.png 1536w, https:\/\/www.dansometre.ch\/wp-content\/uploads\/DANSOMETRE_26-27_sponsor_logos_980x110px_29.07_1-1-2048x230.png 2048w\" sizes=\"auto, (max-width: 1024px) 100vw, 1024px\" \/><\/a><\/figure>\n\n\n\n<p>Mise en forme : Ultrastudio.ch<\/p>\n","protected":false},"excerpt":{"rendered":"<p>ACCESS ACCESS&nbsp;explore l\u2019espace sc\u00e9nique comme un terrain d\u2019essai d\u00e9construit, o\u00f9 les rapport entre les diff\u00e9rents \u00e9l\u00e9ments qui constituent une pi\u00e8ce chor\u00e9graphique sont constamment produits, interrompus, reformul\u00e9s et d\u00e9form\u00e9s. En cr\u00e9ant une ambiance d\u00e9cal\u00e9e, po\u00e9tique et absurde, l\u2019\u0153uvre red\u00e9finit les rapports d\u2019artiste au public, d\u2019attente et de r\u00e9ception, du vu et du per\u00e7u, et prend la [&hellip;]<\/p>\n","protected":false},"author":2,"featured_media":6875,"comment_status":"closed","ping_status":"closed","sticky":false,"template":"","format":"standard","meta":{"_acf_changed":false,"inline_featured_image":false,"footnotes":""},"categories":[1,81],"tags":[],"class_list":["post-6874","post","type-post","status-publish","format-standard","has-post-thumbnail","hentry","category-actualite","category-spectacles-soirees"],"acf":[],"mb":[],"yoast_head":"<!-- This site is optimized with the Yoast SEO plugin v28.3 - https:\/\/yoast.com\/product\/yoast-seo-wordpress\/ -->\n<title>Sortie de r\u00e9sidence #3 - DANSOM\u00c8TRE - espace de cr\u00e9ation chor\u00e9graphique - VEVEY<\/title>\n<meta name=\"robots\" content=\"index, follow, max-snippet:-1, max-image-preview:large, max-video-preview:-1\" \/>\n<link rel=\"canonical\" href=\"https:\/\/www.dansometre.ch\/en\/actualite\/sortie-de-residence-3-5\/\" \/>\n<meta property=\"og:locale\" content=\"en_US\" \/>\n<meta property=\"og:type\" content=\"article\" \/>\n<meta property=\"og:title\" content=\"Sortie de r\u00e9sidence #3 - DANSOM\u00c8TRE - espace de cr\u00e9ation chor\u00e9graphique - VEVEY\" \/>\n<meta property=\"og:description\" content=\"ACCESS ACCESS&nbsp;explore l\u2019espace sc\u00e9nique comme un terrain d\u2019essai d\u00e9construit, o\u00f9 les rapport entre les diff\u00e9rents \u00e9l\u00e9ments qui constituent une pi\u00e8ce chor\u00e9graphique sont constamment produits, interrompus, reformul\u00e9s et d\u00e9form\u00e9s. En cr\u00e9ant une ambiance d\u00e9cal\u00e9e, po\u00e9tique et absurde, l\u2019\u0153uvre red\u00e9finit les rapports d\u2019artiste au public, d\u2019attente et de r\u00e9ception, du vu et du per\u00e7u, et prend la [&hellip;]\" \/>\n<meta property=\"og:url\" content=\"https:\/\/www.dansometre.ch\/en\/actualite\/sortie-de-residence-3-5\/\" \/>\n<meta property=\"og:site_name\" content=\"DANSOM\u00c8TRE - espace de cr\u00e9ation chor\u00e9graphique - VEVEY\" \/>\n<meta property=\"article:published_time\" content=\"2026-08-19T12:39:42+00:00\" \/>\n<meta property=\"article:modified_time\" content=\"2026-08-19T12:39:43+00:00\" \/>\n<meta property=\"og:image\" content=\"https:\/\/www.dansometre.ch\/wp-content\/uploads\/DANSOMETRE_SERIE_11_1080x1080px_15.07.2026_9-1.jpg\" \/>\n\t<meta property=\"og:image:width\" content=\"2250\" \/>\n\t<meta property=\"og:image:height\" content=\"2250\" \/>\n\t<meta property=\"og:image:type\" content=\"image\/jpeg\" \/>\n<meta name=\"author\" content=\"jasmine\" \/>\n<meta name=\"twitter:card\" content=\"summary_large_image\" \/>\n<meta name=\"twitter:label1\" content=\"Written by\" \/>\n\t<meta name=\"twitter:data1\" content=\"jasmine\" \/>\n\t<meta name=\"twitter:label2\" content=\"Est. reading time\" \/>\n\t<meta name=\"twitter:data2\" content=\"2 minutes\" \/>\n<script type=\"application\/ld+json\" class=\"yoast-schema-graph\">{\"@context\":\"https:\\\/\\\/schema.org\",\"@graph\":[{\"@type\":\"Article\",\"@id\":\"https:\\\/\\\/www.dansometre.ch\\\/en\\\/actualite\\\/sortie-de-residence-3-5\\\/#article\",\"isPartOf\":{\"@id\":\"https:\\\/\\\/www.dansometre.ch\\\/en\\\/actualite\\\/sortie-de-residence-3-5\\\/\"},\"author\":{\"name\":\"jasmine\",\"@id\":\"https:\\\/\\\/www.dansometre.ch\\\/en\\\/#\\\/schema\\\/person\\\/e4a492ad0b0cb31374af62cb03e5a050\"},\"headline\":\"Sortie de r\u00e9sidence #3\",\"datePublished\":\"2026-08-19T12:39:42+00:00\",\"dateModified\":\"2026-08-19T12:39:43+00:00\",\"mainEntityOfPage\":{\"@id\":\"https:\\\/\\\/www.dansometre.ch\\\/en\\\/actualite\\\/sortie-de-residence-3-5\\\/\"},\"wordCount\":240,\"publisher\":{\"@id\":\"https:\\\/\\\/www.dansometre.ch\\\/en\\\/#organization\"},\"image\":{\"@id\":\"https:\\\/\\\/www.dansometre.ch\\\/en\\\/actualite\\\/sortie-de-residence-3-5\\\/#primaryimage\"},\"thumbnailUrl\":\"https:\\\/\\\/www.dansometre.ch\\\/wp-content\\\/uploads\\\/DANSOMETRE_SERIE_11_1080x1080px_15.07.2026_9-1.jpg\",\"articleSection\":[\"Actualit\u00e9\",\"Spectacles et soir\u00e9es\"],\"inLanguage\":\"en-US\"},{\"@type\":\"WebPage\",\"@id\":\"https:\\\/\\\/www.dansometre.ch\\\/en\\\/actualite\\\/sortie-de-residence-3-5\\\/\",\"url\":\"https:\\\/\\\/www.dansometre.ch\\\/en\\\/actualite\\\/sortie-de-residence-3-5\\\/\",\"name\":\"Sortie de r\u00e9sidence #3 - DANSOM\u00c8TRE - espace de cr\u00e9ation chor\u00e9graphique - VEVEY\",\"isPartOf\":{\"@id\":\"https:\\\/\\\/www.dansometre.ch\\\/en\\\/#website\"},\"primaryImageOfPage\":{\"@id\":\"https:\\\/\\\/www.dansometre.ch\\\/en\\\/actualite\\\/sortie-de-residence-3-5\\\/#primaryimage\"},\"image\":{\"@id\":\"https:\\\/\\\/www.dansometre.ch\\\/en\\\/actualite\\\/sortie-de-residence-3-5\\\/#primaryimage\"},\"thumbnailUrl\":\"https:\\\/\\\/www.dansometre.ch\\\/wp-content\\\/uploads\\\/DANSOMETRE_SERIE_11_1080x1080px_15.07.2026_9-1.jpg\",\"datePublished\":\"2026-08-19T12:39:42+00:00\",\"dateModified\":\"2026-08-19T12:39:43+00:00\",\"breadcrumb\":{\"@id\":\"https:\\\/\\\/www.dansometre.ch\\\/en\\\/actualite\\\/sortie-de-residence-3-5\\\/#breadcrumb\"},\"inLanguage\":\"en-US\",\"potentialAction\":[{\"@type\":\"ReadAction\",\"target\":[\"https:\\\/\\\/www.dansometre.ch\\\/en\\\/actualite\\\/sortie-de-residence-3-5\\\/\"]}]},{\"@type\":\"ImageObject\",\"inLanguage\":\"en-US\",\"@id\":\"https:\\\/\\\/www.dansometre.ch\\\/en\\\/actualite\\\/sortie-de-residence-3-5\\\/#primaryimage\",\"url\":\"https:\\\/\\\/www.dansometre.ch\\\/wp-content\\\/uploads\\\/DANSOMETRE_SERIE_11_1080x1080px_15.07.2026_9-1.jpg\",\"contentUrl\":\"https:\\\/\\\/www.dansometre.ch\\\/wp-content\\\/uploads\\\/DANSOMETRE_SERIE_11_1080x1080px_15.07.2026_9-1.jpg\",\"width\":2250,\"height\":2250,\"caption\":\"Dansometre_serie_11_1080x1080px_15.07.2026_9 DANSOM\u00c8TRE - espace de cr\u00e9ation chor\u00e9graphique - VEVEY\"},{\"@type\":\"BreadcrumbList\",\"@id\":\"https:\\\/\\\/www.dansometre.ch\\\/en\\\/actualite\\\/sortie-de-residence-3-5\\\/#breadcrumb\",\"itemListElement\":[{\"@type\":\"ListItem\",\"position\":1,\"name\":\"Accueil\",\"item\":\"https:\\\/\\\/www.dansometre.ch\\\/en\\\/\"},{\"@type\":\"ListItem\",\"position\":2,\"name\":\"Sortie de r\u00e9sidence #3\"}]},{\"@type\":\"WebSite\",\"@id\":\"https:\\\/\\\/www.dansometre.ch\\\/en\\\/#website\",\"url\":\"https:\\\/\\\/www.dansometre.ch\\\/en\\\/\",\"name\":\"DANSOM\u00c8TRE - espace de cr\u00e9ation chor\u00e9graphique - VEVEY\",\"description\":\"\",\"publisher\":{\"@id\":\"https:\\\/\\\/www.dansometre.ch\\\/en\\\/#organization\"},\"potentialAction\":[{\"@type\":\"SearchAction\",\"target\":{\"@type\":\"EntryPoint\",\"urlTemplate\":\"https:\\\/\\\/www.dansometre.ch\\\/en\\\/?s={search_term_string}\"},\"query-input\":{\"@type\":\"PropertyValueSpecification\",\"valueRequired\":true,\"valueName\":\"search_term_string\"}}],\"inLanguage\":\"en-US\"},{\"@type\":\"Organization\",\"@id\":\"https:\\\/\\\/www.dansometre.ch\\\/en\\\/#organization\",\"name\":\"DANSOM\u00c8TRE - espace de cr\u00e9ation chor\u00e9graphique - VEVEY\",\"url\":\"https:\\\/\\\/www.dansometre.ch\\\/en\\\/\",\"logo\":{\"@type\":\"ImageObject\",\"inLanguage\":\"en-US\",\"@id\":\"https:\\\/\\\/www.dansometre.ch\\\/en\\\/#\\\/schema\\\/logo\\\/image\\\/\",\"url\":\"https:\\\/\\\/www.dansometre.ch\\\/wp-content\\\/uploads\\\/favicon.png\",\"contentUrl\":\"https:\\\/\\\/www.dansometre.ch\\\/wp-content\\\/uploads\\\/favicon.png\",\"width\":1200,\"height\":1200,\"caption\":\"DANSOM\u00c8TRE - espace de cr\u00e9ation chor\u00e9graphique - VEVEY\"},\"image\":{\"@id\":\"https:\\\/\\\/www.dansometre.ch\\\/en\\\/#\\\/schema\\\/logo\\\/image\\\/\"}},{\"@type\":\"Person\",\"@id\":\"https:\\\/\\\/www.dansometre.ch\\\/en\\\/#\\\/schema\\\/person\\\/e4a492ad0b0cb31374af62cb03e5a050\",\"name\":\"jasmine\",\"image\":{\"@type\":\"ImageObject\",\"inLanguage\":\"en-US\",\"@id\":\"https:\\\/\\\/secure.gravatar.com\\\/avatar\\\/17af7ce1d97fddf2be9fcb6d28b59eda9f84b49e46ceb695d1455b7c5437fcc4?s=96&d=mm&r=g\",\"url\":\"https:\\\/\\\/secure.gravatar.com\\\/avatar\\\/17af7ce1d97fddf2be9fcb6d28b59eda9f84b49e46ceb695d1455b7c5437fcc4?s=96&d=mm&r=g\",\"contentUrl\":\"https:\\\/\\\/secure.gravatar.com\\\/avatar\\\/17af7ce1d97fddf2be9fcb6d28b59eda9f84b49e46ceb695d1455b7c5437fcc4?s=96&d=mm&r=g\",\"caption\":\"jasmine\"},\"url\":\"https:\\\/\\\/www.dansometre.ch\\\/en\\\/author\\\/jasmine\\\/\"}]}<\/script>\n<!-- \/ Yoast SEO plugin. -->","yoast_head_json":{"title":"Sortie de r\u00e9sidence #3 - DANSOM\u00c8TRE - espace de cr\u00e9ation chor\u00e9graphique - VEVEY","robots":{"index":"index","follow":"follow","max-snippet":"max-snippet:-1","max-image-preview":"max-image-preview:large","max-video-preview":"max-video-preview:-1"},"canonical":"https:\/\/www.dansometre.ch\/en\/actualite\/sortie-de-residence-3-5\/","og_locale":"en_US","og_type":"article","og_title":"Sortie de r\u00e9sidence #3 - DANSOM\u00c8TRE - espace de cr\u00e9ation chor\u00e9graphique - VEVEY","og_description":"ACCESS ACCESS&nbsp;explore l\u2019espace sc\u00e9nique comme un terrain d\u2019essai d\u00e9construit, o\u00f9 les rapport entre les diff\u00e9rents \u00e9l\u00e9ments qui constituent une pi\u00e8ce chor\u00e9graphique sont constamment produits, interrompus, reformul\u00e9s et d\u00e9form\u00e9s. En cr\u00e9ant une ambiance d\u00e9cal\u00e9e, po\u00e9tique et absurde, l\u2019\u0153uvre red\u00e9finit les rapports d\u2019artiste au public, d\u2019attente et de r\u00e9ception, du vu et du per\u00e7u, et prend la [&hellip;]","og_url":"https:\/\/www.dansometre.ch\/en\/actualite\/sortie-de-residence-3-5\/","og_site_name":"DANSOM\u00c8TRE - espace de cr\u00e9ation chor\u00e9graphique - VEVEY","article_published_time":"2026-08-19T12:39:42+00:00","article_modified_time":"2026-08-19T12:39:43+00:00","og_image":[{"width":2250,"height":2250,"url":"https:\/\/www.dansometre.ch\/wp-content\/uploads\/DANSOMETRE_SERIE_11_1080x1080px_15.07.2026_9-1.jpg","type":"image\/jpeg"}],"author":"jasmine","twitter_card":"summary_large_image","twitter_misc":{"Written by":"jasmine","Est. reading time":"2 minutes"},"schema":{"@context":"https:\/\/schema.org","@graph":[{"@type":"Article","@id":"https:\/\/www.dansometre.ch\/en\/actualite\/sortie-de-residence-3-5\/#article","isPartOf":{"@id":"https:\/\/www.dansometre.ch\/en\/actualite\/sortie-de-residence-3-5\/"},"author":{"name":"jasmine","@id":"https:\/\/www.dansometre.ch\/en\/#\/schema\/person\/e4a492ad0b0cb31374af62cb03e5a050"},"headline":"Sortie de r\u00e9sidence #3","datePublished":"2026-08-19T12:39:42+00:00","dateModified":"2026-08-19T12:39:43+00:00","mainEntityOfPage":{"@id":"https:\/\/www.dansometre.ch\/en\/actualite\/sortie-de-residence-3-5\/"},"wordCount":240,"publisher":{"@id":"https:\/\/www.dansometre.ch\/en\/#organization"},"image":{"@id":"https:\/\/www.dansometre.ch\/en\/actualite\/sortie-de-residence-3-5\/#primaryimage"},"thumbnailUrl":"https:\/\/www.dansometre.ch\/wp-content\/uploads\/DANSOMETRE_SERIE_11_1080x1080px_15.07.2026_9-1.jpg","articleSection":["Actualit\u00e9","Spectacles et soir\u00e9es"],"inLanguage":"en-US"},{"@type":"WebPage","@id":"https:\/\/www.dansometre.ch\/en\/actualite\/sortie-de-residence-3-5\/","url":"https:\/\/www.dansometre.ch\/en\/actualite\/sortie-de-residence-3-5\/","name":"Sortie de r\u00e9sidence #3 - DANSOM\u00c8TRE - espace de cr\u00e9ation chor\u00e9graphique - VEVEY","isPartOf":{"@id":"https:\/\/www.dansometre.ch\/en\/#website"},"primaryImageOfPage":{"@id":"https:\/\/www.dansometre.ch\/en\/actualite\/sortie-de-residence-3-5\/#primaryimage"},"image":{"@id":"https:\/\/www.dansometre.ch\/en\/actualite\/sortie-de-residence-3-5\/#primaryimage"},"thumbnailUrl":"https:\/\/www.dansometre.ch\/wp-content\/uploads\/DANSOMETRE_SERIE_11_1080x1080px_15.07.2026_9-1.jpg","datePublished":"2026-08-19T12:39:42+00:00","dateModified":"2026-08-19T12:39:43+00:00","breadcrumb":{"@id":"https:\/\/www.dansometre.ch\/en\/actualite\/sortie-de-residence-3-5\/#breadcrumb"},"inLanguage":"en-US","potentialAction":[{"@type":"ReadAction","target":["https:\/\/www.dansometre.ch\/en\/actualite\/sortie-de-residence-3-5\/"]}]},{"@type":"ImageObject","inLanguage":"en-US","@id":"https:\/\/www.dansometre.ch\/en\/actualite\/sortie-de-residence-3-5\/#primaryimage","url":"https:\/\/www.dansometre.ch\/wp-content\/uploads\/DANSOMETRE_SERIE_11_1080x1080px_15.07.2026_9-1.jpg","contentUrl":"https:\/\/www.dansometre.ch\/wp-content\/uploads\/DANSOMETRE_SERIE_11_1080x1080px_15.07.2026_9-1.jpg","width":2250,"height":2250,"caption":"Dansometre_serie_11_1080x1080px_15.07.2026_9 DANSOM\u00c8TRE - espace de cr\u00e9ation chor\u00e9graphique - VEVEY"},{"@type":"BreadcrumbList","@id":"https:\/\/www.dansometre.ch\/en\/actualite\/sortie-de-residence-3-5\/#breadcrumb","itemListElement":[{"@type":"ListItem","position":1,"name":"Accueil","item":"https:\/\/www.dansometre.ch\/en\/"},{"@type":"ListItem","position":2,"name":"Sortie de r\u00e9sidence #3"}]},{"@type":"WebSite","@id":"https:\/\/www.dansometre.ch\/en\/#website","url":"https:\/\/www.dansometre.ch\/en\/","name":"DANSOM\u00c8TRE - espace de cr\u00e9ation chor\u00e9graphique - VEVEY","description":"","publisher":{"@id":"https:\/\/www.dansometre.ch\/en\/#organization"},"potentialAction":[{"@type":"SearchAction","target":{"@type":"EntryPoint","urlTemplate":"https:\/\/www.dansometre.ch\/en\/?s={search_term_string}"},"query-input":{"@type":"PropertyValueSpecification","valueRequired":true,"valueName":"search_term_string"}}],"inLanguage":"en-US"},{"@type":"Organization","@id":"https:\/\/www.dansometre.ch\/en\/#organization","name":"DANSOM\u00c8TRE - espace de cr\u00e9ation chor\u00e9graphique - VEVEY","url":"https:\/\/www.dansometre.ch\/en\/","logo":{"@type":"ImageObject","inLanguage":"en-US","@id":"https:\/\/www.dansometre.ch\/en\/#\/schema\/logo\/image\/","url":"https:\/\/www.dansometre.ch\/wp-content\/uploads\/favicon.png","contentUrl":"https:\/\/www.dansometre.ch\/wp-content\/uploads\/favicon.png","width":1200,"height":1200,"caption":"DANSOM\u00c8TRE - espace de cr\u00e9ation chor\u00e9graphique - VEVEY"},"image":{"@id":"https:\/\/www.dansometre.ch\/en\/#\/schema\/logo\/image\/"}},{"@type":"Person","@id":"https:\/\/www.dansometre.ch\/en\/#\/schema\/person\/e4a492ad0b0cb31374af62cb03e5a050","name":"jasmine","image":{"@type":"ImageObject","inLanguage":"en-US","@id":"https:\/\/secure.gravatar.com\/avatar\/17af7ce1d97fddf2be9fcb6d28b59eda9f84b49e46ceb695d1455b7c5437fcc4?s=96&d=mm&r=g","url":"https:\/\/secure.gravatar.com\/avatar\/17af7ce1d97fddf2be9fcb6d28b59eda9f84b49e46ceb695d1455b7c5437fcc4?s=96&d=mm&r=g","contentUrl":"https:\/\/secure.gravatar.com\/avatar\/17af7ce1d97fddf2be9fcb6d28b59eda9f84b49e46ceb695d1455b7c5437fcc4?s=96&d=mm&r=g","caption":"jasmine"},"url":"https:\/\/www.dansometre.ch\/en\/author\/jasmine\/"}]}},"mfb_rest_fields":["title","yoast_head","yoast_head_json"],"_links":{"self":[{"href":"https:\/\/www.dansometre.ch\/en\/wp-json\/wp\/v2\/posts\/6874","targetHints":{"allow":["GET"]}}],"collection":[{"href":"https:\/\/www.dansometre.ch\/en\/wp-json\/wp\/v2\/posts"}],"about":[{"href":"https:\/\/www.dansometre.ch\/en\/wp-json\/wp\/v2\/types\/post"}],"author":[{"embeddable":true,"href":"https:\/\/www.dansometre.ch\/en\/wp-json\/wp\/v2\/users\/2"}],"replies":[{"embeddable":true,"href":"https:\/\/www.dansometre.ch\/en\/wp-json\/wp\/v2\/comments?post=6874"}],"version-history":[{"count":1,"href":"https:\/\/www.dansometre.ch\/en\/wp-json\/wp\/v2\/posts\/6874\/revisions"}],"predecessor-version":[{"id":6877,"href":"https:\/\/www.dansometre.ch\/en\/wp-json\/wp\/v2\/posts\/6874\/revisions\/6877"}],"wp:featuredmedia":[{"embeddable":true,"href":"https:\/\/www.dansometre.ch\/en\/wp-json\/wp\/v2\/media\/6875"}],"wp:attachment":[{"href":"https:\/\/www.dansometre.ch\/en\/wp-json\/wp\/v2\/media?parent=6874"}],"wp:term":[{"taxonomy":"category","embeddable":true,"href":"https:\/\/www.dansometre.ch\/en\/wp-json\/wp\/v2\/categories?post=6874"},{"taxonomy":"post_tag","embeddable":true,"href":"https:\/\/www.dansometre.ch\/en\/wp-json\/wp\/v2\/tags?post=6874"}],"curies":[{"name":"wp","href":"https:\/\/api.w.org\/{rel}","templated":true}]}}