{"id":6890,"date":"2026-08-19T14:50:12","date_gmt":"2026-08-19T12:50:12","guid":{"rendered":"https:\/\/www.dansometre.ch\/?p=6890"},"modified":"2026-08-19T14:51:22","modified_gmt":"2026-08-19T12:51:22","slug":"danse-au-danso-atelier-danse-en-famille-7","status":"publish","type":"post","link":"https:\/\/www.dansometre.ch\/en\/ateliers\/danse-au-danso-atelier-danse-en-famille-7\/","title":{"rendered":"Atelier Danse en famille : calendrier de l&#8217;avent"},"content":{"rendered":"\n<p>Dans le cadre du calendrier de l\u2019Avent du Quartier Plan-Dessus<br><br>Danse, danse, \u00e0 la Saint Nicolas !<br>Fais trois pas, ne t\u2019arr\u00eate pas !<br>Tape des mains, saute en l\u2019air, et tourbillonne en plein hiver !<br>Le vieux bonhomme \u00e0 la barbe blanche ne se contente pas de distribuer des friandises\u2026 il adore danser !<br>Et vous ? Avez-vous d\u00e9j\u00e0 tent\u00e9 le fameux pas de l\u2019\u00e2ne farceur ? Ou le l\u00e9gendaire tourbillon du pain d\u2019\u00e9pices ?<br>Rejoignez-nous en famille pour un moment joyeux et tendre, o\u00f9 petits et grands bougent, rient, tournent, sautent, et inventent ensemble.<br>Une collaboration avec l\u2019association de quartier <strong>APERO<\/strong>.<\/p>\n\n\n\n<p><strong>INFORMATIONS<\/strong><\/p>\n\n\n\n<p><strong>Public<\/strong>&nbsp;: de 4 \u00e0 10 ans<\/p>\n\n\n\n<p><strong>Tarifs<\/strong>&nbsp;: CHF 10.- par personne<\/p>\n\n\n\n<p>\u2013 Gratuit sur pr\u00e9sentation de la carte culture Caritas et la carte S\u00e9same.<br>\u2013 Mode de payement : en cash ou par Twint sur place<\/p>\n\n\n\n<p><strong>Renseignement et inscription<\/strong>&nbsp;:&nbsp;<a href=\"mailto:info@dansometre.ch\"><strong>info@dansometre.ch<\/strong><\/a><\/p>\n\n\n\n<p><em>Inscription recommand\u00e9e, mais il est \u00e9galement possible de venir sur place directement.<\/em><\/p>\n\n\n\n<p><strong>Accessibilit\u00e9<\/strong>&nbsp;: acc\u00e8s PMR<\/p>\n\n\n\n<p><strong>Lieu :<\/strong>&nbsp;Dansom\u00e8tre, Avenue de Corsier 19, 1800 Vevey&nbsp;<\/p>\n\n\n\n<p>Pour la saison 26-27 et ses projets, le Dansom\u00e8tre est soutenu par :<\/p>\n\n\n\n<figure class=\"wp-block-image size-large\"><a href=\"https:\/\/www.dansometre.ch\/wp-content\/uploads\/DANSOMETRE_26-27_sponsor_logos_980x110px_29.07_1-1.png\" data-lbwps-width=\"4083\" data-lbwps-height=\"458\" data-lbwps-srcsmall=\"https:\/\/www.dansometre.ch\/wp-content\/uploads\/DANSOMETRE_26-27_sponsor_logos_980x110px_29.07_1-1-300x34.png\"><img loading=\"lazy\" decoding=\"async\" width=\"1024\" height=\"115\" src=\"https:\/\/www.dansometre.ch\/wp-content\/uploads\/DANSOMETRE_26-27_sponsor_logos_980x110px_29.07_1-1-1024x115.png\" alt=\"Dansometre_26-27_sponsor_logos_980x110px_29.07_1 DANSOM\u00c8TRE - espace de cr\u00e9ation chor\u00e9graphique - VEVEY\" class=\"wp-image-6812\" srcset=\"https:\/\/www.dansometre.ch\/wp-content\/uploads\/DANSOMETRE_26-27_sponsor_logos_980x110px_29.07_1-1-1024x115.png 1024w, https:\/\/www.dansometre.ch\/wp-content\/uploads\/DANSOMETRE_26-27_sponsor_logos_980x110px_29.07_1-1-300x34.png 300w, https:\/\/www.dansometre.ch\/wp-content\/uploads\/DANSOMETRE_26-27_sponsor_logos_980x110px_29.07_1-1-768x86.png 768w, https:\/\/www.dansometre.ch\/wp-content\/uploads\/DANSOMETRE_26-27_sponsor_logos_980x110px_29.07_1-1-1536x172.png 1536w, https:\/\/www.dansometre.ch\/wp-content\/uploads\/DANSOMETRE_26-27_sponsor_logos_980x110px_29.07_1-1-2048x230.png 2048w\" sizes=\"auto, (max-width: 1024px) 100vw, 1024px\" \/><\/a><\/figure>\n\n\n\n<p>Photo \u00a9Yuri Sory <br>Mise en forme : Ultrastudio.ch<\/p>\n\n\n\n<p><\/p>\n","protected":false},"excerpt":{"rendered":"<p>Dans le cadre du calendrier de l\u2019Avent du Quartier Plan-Dessus Danse, danse, \u00e0 la Saint Nicolas !Fais trois pas, ne t\u2019arr\u00eate pas !Tape des mains, saute en l\u2019air, et tourbillonne en plein hiver !Le vieux bonhomme \u00e0 la barbe blanche ne se contente pas de distribuer des friandises\u2026 il adore danser !Et vous ? Avez-vous [&hellip;]<\/p>\n","protected":false},"author":2,"featured_media":6891,"comment_status":"closed","ping_status":"closed","sticky":false,"template":"","format":"standard","meta":{"_acf_changed":false,"inline_featured_image":false,"footnotes":""},"categories":[80],"tags":[],"class_list":["post-6890","post","type-post","status-publish","format-standard","has-post-thumbnail","hentry","category-ateliers"],"acf":[],"mb":[],"yoast_head":"<!-- This site is optimized with the Yoast SEO plugin v28.3 - https:\/\/yoast.com\/product\/yoast-seo-wordpress\/ -->\n<title>Atelier Danse en famille : calendrier de l&#039;avent - DANSOM\u00c8TRE - espace de cr\u00e9ation chor\u00e9graphique - VEVEY<\/title>\n<meta name=\"robots\" content=\"index, follow, max-snippet:-1, max-image-preview:large, max-video-preview:-1\" \/>\n<link rel=\"canonical\" href=\"https:\/\/www.dansometre.ch\/en\/ateliers\/danse-au-danso-atelier-danse-en-famille-7\/\" \/>\n<meta property=\"og:locale\" content=\"en_US\" \/>\n<meta property=\"og:type\" content=\"article\" \/>\n<meta property=\"og:title\" content=\"Atelier Danse en famille : calendrier de l&#039;avent - DANSOM\u00c8TRE - espace de cr\u00e9ation chor\u00e9graphique - VEVEY\" \/>\n<meta property=\"og:description\" content=\"Dans le cadre du calendrier de l\u2019Avent du Quartier Plan-Dessus Danse, danse, \u00e0 la Saint Nicolas !Fais trois pas, ne t\u2019arr\u00eate pas !Tape des mains, saute en l\u2019air, et tourbillonne en plein hiver !Le vieux bonhomme \u00e0 la barbe blanche ne se contente pas de distribuer des friandises\u2026 il adore danser !Et vous ? Avez-vous [&hellip;]\" \/>\n<meta property=\"og:url\" content=\"https:\/\/www.dansometre.ch\/en\/ateliers\/danse-au-danso-atelier-danse-en-famille-7\/\" \/>\n<meta property=\"og:site_name\" content=\"DANSOM\u00c8TRE - espace de cr\u00e9ation chor\u00e9graphique - VEVEY\" \/>\n<meta property=\"article:published_time\" content=\"2026-08-19T12:50:12+00:00\" \/>\n<meta property=\"article:modified_time\" content=\"2026-08-19T12:51:22+00:00\" \/>\n<meta property=\"og:image\" content=\"https:\/\/www.dansometre.ch\/wp-content\/uploads\/DANSOMETRE_2026_RS_1080x1080px_15.07.2026_12-1024x1024.jpg\" \/>\n\t<meta property=\"og:image:width\" content=\"1024\" \/>\n\t<meta property=\"og:image:height\" content=\"1024\" \/>\n\t<meta property=\"og:image:type\" content=\"image\/jpeg\" \/>\n<meta name=\"author\" content=\"jasmine\" \/>\n<meta name=\"twitter:card\" content=\"summary_large_image\" \/>\n<meta name=\"twitter:label1\" content=\"Written by\" \/>\n\t<meta name=\"twitter:data1\" content=\"jasmine\" \/>\n\t<meta name=\"twitter:label2\" content=\"Est. reading time\" \/>\n\t<meta name=\"twitter:data2\" content=\"2 minutes\" \/>\n<script type=\"application\/ld+json\" class=\"yoast-schema-graph\">{\"@context\":\"https:\\\/\\\/schema.org\",\"@graph\":[{\"@type\":\"Article\",\"@id\":\"https:\\\/\\\/www.dansometre.ch\\\/en\\\/ateliers\\\/danse-au-danso-atelier-danse-en-famille-7\\\/#article\",\"isPartOf\":{\"@id\":\"https:\\\/\\\/www.dansometre.ch\\\/en\\\/ateliers\\\/danse-au-danso-atelier-danse-en-famille-7\\\/\"},\"author\":{\"name\":\"jasmine\",\"@id\":\"https:\\\/\\\/www.dansometre.ch\\\/en\\\/#\\\/schema\\\/person\\\/e4a492ad0b0cb31374af62cb03e5a050\"},\"headline\":\"Atelier Danse en famille : calendrier de l&#8217;avent\",\"datePublished\":\"2026-08-19T12:50:12+00:00\",\"dateModified\":\"2026-08-19T12:51:22+00:00\",\"mainEntityOfPage\":{\"@id\":\"https:\\\/\\\/www.dansometre.ch\\\/en\\\/ateliers\\\/danse-au-danso-atelier-danse-en-famille-7\\\/\"},\"wordCount\":202,\"publisher\":{\"@id\":\"https:\\\/\\\/www.dansometre.ch\\\/en\\\/#organization\"},\"image\":{\"@id\":\"https:\\\/\\\/www.dansometre.ch\\\/en\\\/ateliers\\\/danse-au-danso-atelier-danse-en-famille-7\\\/#primaryimage\"},\"thumbnailUrl\":\"https:\\\/\\\/www.dansometre.ch\\\/wp-content\\\/uploads\\\/DANSOMETRE_2026_RS_1080x1080px_15.07.2026_12.jpg\",\"articleSection\":[\"Ateliers\"],\"inLanguage\":\"en-US\"},{\"@type\":\"WebPage\",\"@id\":\"https:\\\/\\\/www.dansometre.ch\\\/en\\\/ateliers\\\/danse-au-danso-atelier-danse-en-famille-7\\\/\",\"url\":\"https:\\\/\\\/www.dansometre.ch\\\/en\\\/ateliers\\\/danse-au-danso-atelier-danse-en-famille-7\\\/\",\"name\":\"Atelier Danse en famille : calendrier de l'avent - DANSOM\u00c8TRE - espace de cr\u00e9ation chor\u00e9graphique - VEVEY\",\"isPartOf\":{\"@id\":\"https:\\\/\\\/www.dansometre.ch\\\/en\\\/#website\"},\"primaryImageOfPage\":{\"@id\":\"https:\\\/\\\/www.dansometre.ch\\\/en\\\/ateliers\\\/danse-au-danso-atelier-danse-en-famille-7\\\/#primaryimage\"},\"image\":{\"@id\":\"https:\\\/\\\/www.dansometre.ch\\\/en\\\/ateliers\\\/danse-au-danso-atelier-danse-en-famille-7\\\/#primaryimage\"},\"thumbnailUrl\":\"https:\\\/\\\/www.dansometre.ch\\\/wp-content\\\/uploads\\\/DANSOMETRE_2026_RS_1080x1080px_15.07.2026_12.jpg\",\"datePublished\":\"2026-08-19T12:50:12+00:00\",\"dateModified\":\"2026-08-19T12:51:22+00:00\",\"breadcrumb\":{\"@id\":\"https:\\\/\\\/www.dansometre.ch\\\/en\\\/ateliers\\\/danse-au-danso-atelier-danse-en-famille-7\\\/#breadcrumb\"},\"inLanguage\":\"en-US\",\"potentialAction\":[{\"@type\":\"ReadAction\",\"target\":[\"https:\\\/\\\/www.dansometre.ch\\\/en\\\/ateliers\\\/danse-au-danso-atelier-danse-en-famille-7\\\/\"]}]},{\"@type\":\"ImageObject\",\"inLanguage\":\"en-US\",\"@id\":\"https:\\\/\\\/www.dansometre.ch\\\/en\\\/ateliers\\\/danse-au-danso-atelier-danse-en-famille-7\\\/#primaryimage\",\"url\":\"https:\\\/\\\/www.dansometre.ch\\\/wp-content\\\/uploads\\\/DANSOMETRE_2026_RS_1080x1080px_15.07.2026_12.jpg\",\"contentUrl\":\"https:\\\/\\\/www.dansometre.ch\\\/wp-content\\\/uploads\\\/DANSOMETRE_2026_RS_1080x1080px_15.07.2026_12.jpg\",\"width\":2250,\"height\":2250,\"caption\":\"Dansometre_2026_rs_1080x1080px_15.07.2026_12 DANSOM\u00c8TRE - espace de cr\u00e9ation chor\u00e9graphique - VEVEY\"},{\"@type\":\"BreadcrumbList\",\"@id\":\"https:\\\/\\\/www.dansometre.ch\\\/en\\\/ateliers\\\/danse-au-danso-atelier-danse-en-famille-7\\\/#breadcrumb\",\"itemListElement\":[{\"@type\":\"ListItem\",\"position\":1,\"name\":\"Accueil\",\"item\":\"https:\\\/\\\/www.dansometre.ch\\\/en\\\/\"},{\"@type\":\"ListItem\",\"position\":2,\"name\":\"Atelier Danse en famille : calendrier de l&rsquo;avent\"}]},{\"@type\":\"WebSite\",\"@id\":\"https:\\\/\\\/www.dansometre.ch\\\/en\\\/#website\",\"url\":\"https:\\\/\\\/www.dansometre.ch\\\/en\\\/\",\"name\":\"DANSOM\u00c8TRE - espace de cr\u00e9ation chor\u00e9graphique - VEVEY\",\"description\":\"\",\"publisher\":{\"@id\":\"https:\\\/\\\/www.dansometre.ch\\\/en\\\/#organization\"},\"potentialAction\":[{\"@type\":\"SearchAction\",\"target\":{\"@type\":\"EntryPoint\",\"urlTemplate\":\"https:\\\/\\\/www.dansometre.ch\\\/en\\\/?s={search_term_string}\"},\"query-input\":{\"@type\":\"PropertyValueSpecification\",\"valueRequired\":true,\"valueName\":\"search_term_string\"}}],\"inLanguage\":\"en-US\"},{\"@type\":\"Organization\",\"@id\":\"https:\\\/\\\/www.dansometre.ch\\\/en\\\/#organization\",\"name\":\"DANSOM\u00c8TRE - espace de cr\u00e9ation chor\u00e9graphique - VEVEY\",\"url\":\"https:\\\/\\\/www.dansometre.ch\\\/en\\\/\",\"logo\":{\"@type\":\"ImageObject\",\"inLanguage\":\"en-US\",\"@id\":\"https:\\\/\\\/www.dansometre.ch\\\/en\\\/#\\\/schema\\\/logo\\\/image\\\/\",\"url\":\"https:\\\/\\\/www.dansometre.ch\\\/wp-content\\\/uploads\\\/favicon.png\",\"contentUrl\":\"https:\\\/\\\/www.dansometre.ch\\\/wp-content\\\/uploads\\\/favicon.png\",\"width\":1200,\"height\":1200,\"caption\":\"DANSOM\u00c8TRE - espace de cr\u00e9ation chor\u00e9graphique - VEVEY\"},\"image\":{\"@id\":\"https:\\\/\\\/www.dansometre.ch\\\/en\\\/#\\\/schema\\\/logo\\\/image\\\/\"}},{\"@type\":\"Person\",\"@id\":\"https:\\\/\\\/www.dansometre.ch\\\/en\\\/#\\\/schema\\\/person\\\/e4a492ad0b0cb31374af62cb03e5a050\",\"name\":\"jasmine\",\"image\":{\"@type\":\"ImageObject\",\"inLanguage\":\"en-US\",\"@id\":\"https:\\\/\\\/secure.gravatar.com\\\/avatar\\\/17af7ce1d97fddf2be9fcb6d28b59eda9f84b49e46ceb695d1455b7c5437fcc4?s=96&d=mm&r=g\",\"url\":\"https:\\\/\\\/secure.gravatar.com\\\/avatar\\\/17af7ce1d97fddf2be9fcb6d28b59eda9f84b49e46ceb695d1455b7c5437fcc4?s=96&d=mm&r=g\",\"contentUrl\":\"https:\\\/\\\/secure.gravatar.com\\\/avatar\\\/17af7ce1d97fddf2be9fcb6d28b59eda9f84b49e46ceb695d1455b7c5437fcc4?s=96&d=mm&r=g\",\"caption\":\"jasmine\"},\"url\":\"https:\\\/\\\/www.dansometre.ch\\\/en\\\/author\\\/jasmine\\\/\"}]}<\/script>\n<!-- \/ Yoast SEO plugin. -->","yoast_head_json":{"title":"Atelier Danse en famille : calendrier de l'avent - DANSOM\u00c8TRE - espace de cr\u00e9ation chor\u00e9graphique - VEVEY","robots":{"index":"index","follow":"follow","max-snippet":"max-snippet:-1","max-image-preview":"max-image-preview:large","max-video-preview":"max-video-preview:-1"},"canonical":"https:\/\/www.dansometre.ch\/en\/ateliers\/danse-au-danso-atelier-danse-en-famille-7\/","og_locale":"en_US","og_type":"article","og_title":"Atelier Danse en famille : calendrier de l'avent - DANSOM\u00c8TRE - espace de cr\u00e9ation chor\u00e9graphique - VEVEY","og_description":"Dans le cadre du calendrier de l\u2019Avent du Quartier Plan-Dessus Danse, danse, \u00e0 la Saint Nicolas !Fais trois pas, ne t\u2019arr\u00eate pas !Tape des mains, saute en l\u2019air, et tourbillonne en plein hiver !Le vieux bonhomme \u00e0 la barbe blanche ne se contente pas de distribuer des friandises\u2026 il adore danser !Et vous ? Avez-vous [&hellip;]","og_url":"https:\/\/www.dansometre.ch\/en\/ateliers\/danse-au-danso-atelier-danse-en-famille-7\/","og_site_name":"DANSOM\u00c8TRE - espace de cr\u00e9ation chor\u00e9graphique - VEVEY","article_published_time":"2026-08-19T12:50:12+00:00","article_modified_time":"2026-08-19T12:51:22+00:00","og_image":[{"width":1024,"height":1024,"url":"https:\/\/www.dansometre.ch\/wp-content\/uploads\/DANSOMETRE_2026_RS_1080x1080px_15.07.2026_12-1024x1024.jpg","type":"image\/jpeg"}],"author":"jasmine","twitter_card":"summary_large_image","twitter_misc":{"Written by":"jasmine","Est. reading time":"2 minutes"},"schema":{"@context":"https:\/\/schema.org","@graph":[{"@type":"Article","@id":"https:\/\/www.dansometre.ch\/en\/ateliers\/danse-au-danso-atelier-danse-en-famille-7\/#article","isPartOf":{"@id":"https:\/\/www.dansometre.ch\/en\/ateliers\/danse-au-danso-atelier-danse-en-famille-7\/"},"author":{"name":"jasmine","@id":"https:\/\/www.dansometre.ch\/en\/#\/schema\/person\/e4a492ad0b0cb31374af62cb03e5a050"},"headline":"Atelier Danse en famille : calendrier de l&#8217;avent","datePublished":"2026-08-19T12:50:12+00:00","dateModified":"2026-08-19T12:51:22+00:00","mainEntityOfPage":{"@id":"https:\/\/www.dansometre.ch\/en\/ateliers\/danse-au-danso-atelier-danse-en-famille-7\/"},"wordCount":202,"publisher":{"@id":"https:\/\/www.dansometre.ch\/en\/#organization"},"image":{"@id":"https:\/\/www.dansometre.ch\/en\/ateliers\/danse-au-danso-atelier-danse-en-famille-7\/#primaryimage"},"thumbnailUrl":"https:\/\/www.dansometre.ch\/wp-content\/uploads\/DANSOMETRE_2026_RS_1080x1080px_15.07.2026_12.jpg","articleSection":["Ateliers"],"inLanguage":"en-US"},{"@type":"WebPage","@id":"https:\/\/www.dansometre.ch\/en\/ateliers\/danse-au-danso-atelier-danse-en-famille-7\/","url":"https:\/\/www.dansometre.ch\/en\/ateliers\/danse-au-danso-atelier-danse-en-famille-7\/","name":"Atelier Danse en famille : calendrier de l'avent - DANSOM\u00c8TRE - espace de cr\u00e9ation chor\u00e9graphique - VEVEY","isPartOf":{"@id":"https:\/\/www.dansometre.ch\/en\/#website"},"primaryImageOfPage":{"@id":"https:\/\/www.dansometre.ch\/en\/ateliers\/danse-au-danso-atelier-danse-en-famille-7\/#primaryimage"},"image":{"@id":"https:\/\/www.dansometre.ch\/en\/ateliers\/danse-au-danso-atelier-danse-en-famille-7\/#primaryimage"},"thumbnailUrl":"https:\/\/www.dansometre.ch\/wp-content\/uploads\/DANSOMETRE_2026_RS_1080x1080px_15.07.2026_12.jpg","datePublished":"2026-08-19T12:50:12+00:00","dateModified":"2026-08-19T12:51:22+00:00","breadcrumb":{"@id":"https:\/\/www.dansometre.ch\/en\/ateliers\/danse-au-danso-atelier-danse-en-famille-7\/#breadcrumb"},"inLanguage":"en-US","potentialAction":[{"@type":"ReadAction","target":["https:\/\/www.dansometre.ch\/en\/ateliers\/danse-au-danso-atelier-danse-en-famille-7\/"]}]},{"@type":"ImageObject","inLanguage":"en-US","@id":"https:\/\/www.dansometre.ch\/en\/ateliers\/danse-au-danso-atelier-danse-en-famille-7\/#primaryimage","url":"https:\/\/www.dansometre.ch\/wp-content\/uploads\/DANSOMETRE_2026_RS_1080x1080px_15.07.2026_12.jpg","contentUrl":"https:\/\/www.dansometre.ch\/wp-content\/uploads\/DANSOMETRE_2026_RS_1080x1080px_15.07.2026_12.jpg","width":2250,"height":2250,"caption":"Dansometre_2026_rs_1080x1080px_15.07.2026_12 DANSOM\u00c8TRE - espace de cr\u00e9ation chor\u00e9graphique - VEVEY"},{"@type":"BreadcrumbList","@id":"https:\/\/www.dansometre.ch\/en\/ateliers\/danse-au-danso-atelier-danse-en-famille-7\/#breadcrumb","itemListElement":[{"@type":"ListItem","position":1,"name":"Accueil","item":"https:\/\/www.dansometre.ch\/en\/"},{"@type":"ListItem","position":2,"name":"Atelier Danse en famille : calendrier de l&rsquo;avent"}]},{"@type":"WebSite","@id":"https:\/\/www.dansometre.ch\/en\/#website","url":"https:\/\/www.dansometre.ch\/en\/","name":"DANSOM\u00c8TRE - espace de cr\u00e9ation chor\u00e9graphique - VEVEY","description":"","publisher":{"@id":"https:\/\/www.dansometre.ch\/en\/#organization"},"potentialAction":[{"@type":"SearchAction","target":{"@type":"EntryPoint","urlTemplate":"https:\/\/www.dansometre.ch\/en\/?s={search_term_string}"},"query-input":{"@type":"PropertyValueSpecification","valueRequired":true,"valueName":"search_term_string"}}],"inLanguage":"en-US"},{"@type":"Organization","@id":"https:\/\/www.dansometre.ch\/en\/#organization","name":"DANSOM\u00c8TRE - espace de cr\u00e9ation chor\u00e9graphique - VEVEY","url":"https:\/\/www.dansometre.ch\/en\/","logo":{"@type":"ImageObject","inLanguage":"en-US","@id":"https:\/\/www.dansometre.ch\/en\/#\/schema\/logo\/image\/","url":"https:\/\/www.dansometre.ch\/wp-content\/uploads\/favicon.png","contentUrl":"https:\/\/www.dansometre.ch\/wp-content\/uploads\/favicon.png","width":1200,"height":1200,"caption":"DANSOM\u00c8TRE - espace de cr\u00e9ation chor\u00e9graphique - VEVEY"},"image":{"@id":"https:\/\/www.dansometre.ch\/en\/#\/schema\/logo\/image\/"}},{"@type":"Person","@id":"https:\/\/www.dansometre.ch\/en\/#\/schema\/person\/e4a492ad0b0cb31374af62cb03e5a050","name":"jasmine","image":{"@type":"ImageObject","inLanguage":"en-US","@id":"https:\/\/secure.gravatar.com\/avatar\/17af7ce1d97fddf2be9fcb6d28b59eda9f84b49e46ceb695d1455b7c5437fcc4?s=96&d=mm&r=g","url":"https:\/\/secure.gravatar.com\/avatar\/17af7ce1d97fddf2be9fcb6d28b59eda9f84b49e46ceb695d1455b7c5437fcc4?s=96&d=mm&r=g","contentUrl":"https:\/\/secure.gravatar.com\/avatar\/17af7ce1d97fddf2be9fcb6d28b59eda9f84b49e46ceb695d1455b7c5437fcc4?s=96&d=mm&r=g","caption":"jasmine"},"url":"https:\/\/www.dansometre.ch\/en\/author\/jasmine\/"}]}},"mfb_rest_fields":["title","yoast_head","yoast_head_json"],"_links":{"self":[{"href":"https:\/\/www.dansometre.ch\/en\/wp-json\/wp\/v2\/posts\/6890","targetHints":{"allow":["GET"]}}],"collection":[{"href":"https:\/\/www.dansometre.ch\/en\/wp-json\/wp\/v2\/posts"}],"about":[{"href":"https:\/\/www.dansometre.ch\/en\/wp-json\/wp\/v2\/types\/post"}],"author":[{"embeddable":true,"href":"https:\/\/www.dansometre.ch\/en\/wp-json\/wp\/v2\/users\/2"}],"replies":[{"embeddable":true,"href":"https:\/\/www.dansometre.ch\/en\/wp-json\/wp\/v2\/comments?post=6890"}],"version-history":[{"count":2,"href":"https:\/\/www.dansometre.ch\/en\/wp-json\/wp\/v2\/posts\/6890\/revisions"}],"predecessor-version":[{"id":6894,"href":"https:\/\/www.dansometre.ch\/en\/wp-json\/wp\/v2\/posts\/6890\/revisions\/6894"}],"wp:featuredmedia":[{"embeddable":true,"href":"https:\/\/www.dansometre.ch\/en\/wp-json\/wp\/v2\/media\/6891"}],"wp:attachment":[{"href":"https:\/\/www.dansometre.ch\/en\/wp-json\/wp\/v2\/media?parent=6890"}],"wp:term":[{"taxonomy":"category","embeddable":true,"href":"https:\/\/www.dansometre.ch\/en\/wp-json\/wp\/v2\/categories?post=6890"},{"taxonomy":"post_tag","embeddable":true,"href":"https:\/\/www.dansometre.ch\/en\/wp-json\/wp\/v2\/tags?post=6890"}],"curies":[{"name":"wp","href":"https:\/\/api.w.org\/{rel}","templated":true}]}}