{"id":882,"date":"2018-07-16T17:08:16","date_gmt":"2018-07-16T15:08:16","guid":{"rendered":"https:\/\/www.dansometre.ch\/?p=882"},"modified":"2019-07-01T18:19:01","modified_gmt":"2019-07-01T16:19:01","slug":"please-yes-evenement1","status":"publish","type":"post","link":"https:\/\/www.dansometre.ch\/en\/archives\/archives-activites\/please-yes-evenement1\/","title":{"rendered":"Please Yes &#8211; Ev\u00e9nement#1"},"content":{"rendered":"<h3><strong>Dispositif immersif chor\u00e9graphique<br \/>\n<\/strong>1\u00e8re: 13 septembre 2018 &#8211; 18h<\/h3>\n<p>Un face \u00e0 face, un dialogue entre une m\u00e8re et sa fille\u00a0: une danse qui oscille entre celle qui soutient et celle qui est soutenu.<\/p>\n<p>PLEASE YES immerge le passant dans un vortex construit d\u2019images et de sons qui l\u2019invite au c\u0153ur des pens\u00e9es de ces corps suspendus. \u00a0Introspection sur le passage des ans, cette installation questionne les rapports humains et l\u2019inversion des hi\u00e9rarchies.<\/p>\n<h4><\/h4>\n<p>&nbsp;<\/p>\n<p><span style=\"color: #808080;\">Danse &amp; voix : Jasmine Morand, B\u00e9atrice Morand<\/span><br \/>\n<span style=\"color: #808080;\"> Vid\u00e9o &amp; musique : Blas Payri<\/span><br \/>\n<span style=\"color: #808080;\"> Sc\u00e9nographie: Neda Loncarevic<\/span><br \/>\n<span style=\"color: #808080;\"> \u00c9criture\u00a0: Sandra Korol<\/span><br \/>\n<span style=\"color: #808080;\"> Lumi\u00e8re\u00a0: Rainer Ludwig<\/span><br \/>\n<span style=\"color: #808080;\"> Diffusion vid\u00e9o &amp; mapping : Pierre- Andr\u00e9 Aebischer, Jean-Pierre Fonjallaz<\/span><br \/>\n<span style=\"color: #808080;\"> Son: Xavier Weissbrodt<\/span><br \/>\n<span style=\"color: #808080;\"> Construction d\u00e9cor: Adrien Moretti<\/span><br \/>\n<span style=\"color: #808080;\"> Technique : Julien Perret<\/span><br \/>\n<span style=\"color: #808080;\"> Coproductions: Images Vevey, Oriental Vevey, Dansom\u00e8tre<\/span><br \/>\n<span style=\"color: #808080;\"> Soutiens: \u00c9tat de Vaud, Ville de Vevey, Loterie Romande, Fonds Culturel Riviera, Casino Barri\u00e8re, Fondation Nestl\u00e9 pour l\u2019Art, Pour-cent culturel Migros<\/span><\/p>\n<p><a href=\"http:\/\/www.prototype-status.ch\">www.prototype-status.ch<\/a><br \/>\n<a href=\"http:\/\/www.images.ch\">www.images.ch<\/a><\/p>\n","protected":false},"excerpt":{"rendered":"<p>Dispositif immersif chor\u00e9graphique 1\u00e8re: 13 septembre 2018 &#8211; 18h Un face \u00e0 face, un dialogue entre une m\u00e8re et sa fille\u00a0: une danse qui oscille entre celle qui soutient et celle qui est soutenu. PLEASE YES immerge le passant dans un vortex construit d\u2019images et de sons qui l\u2019invite au c\u0153ur des pens\u00e9es de ces [&hellip;]<\/p>\n","protected":false},"author":2,"featured_media":834,"comment_status":"closed","ping_status":"closed","sticky":false,"template":"","format":"standard","meta":{"_acf_changed":false,"inline_featured_image":false,"footnotes":""},"categories":[22],"tags":[],"class_list":["post-882","post","type-post","status-publish","format-standard","has-post-thumbnail","hentry","category-archives-activites"],"acf":[],"mb":[],"yoast_head":"<!-- This site is optimized with the Yoast SEO plugin v27.3 - https:\/\/yoast.com\/product\/yoast-seo-wordpress\/ -->\n<title>Please Yes - Ev\u00e9nement#1 - DANSOM\u00c8TRE - espace de cr\u00e9ation chor\u00e9graphique - VEVEY<\/title>\n<meta name=\"robots\" content=\"index, follow, max-snippet:-1, max-image-preview:large, max-video-preview:-1\" \/>\n<link rel=\"canonical\" href=\"https:\/\/www.dansometre.ch\/en\/archives\/archives-activites\/please-yes-evenement1\/\" \/>\n<meta property=\"og:locale\" content=\"en_US\" \/>\n<meta property=\"og:type\" content=\"article\" \/>\n<meta property=\"og:title\" content=\"Please Yes - Ev\u00e9nement#1 - DANSOM\u00c8TRE - espace de cr\u00e9ation chor\u00e9graphique - VEVEY\" \/>\n<meta property=\"og:description\" content=\"Dispositif immersif chor\u00e9graphique 1\u00e8re: 13 septembre 2018 &#8211; 18h Un face \u00e0 face, un dialogue entre une m\u00e8re et sa fille\u00a0: une danse qui oscille entre celle qui soutient et celle qui est soutenu. PLEASE YES immerge le passant dans un vortex construit d\u2019images et de sons qui l\u2019invite au c\u0153ur des pens\u00e9es de ces [&hellip;]\" \/>\n<meta property=\"og:url\" content=\"https:\/\/www.dansometre.ch\/en\/archives\/archives-activites\/please-yes-evenement1\/\" \/>\n<meta property=\"og:site_name\" content=\"DANSOM\u00c8TRE - espace de cr\u00e9ation chor\u00e9graphique - VEVEY\" \/>\n<meta property=\"article:published_time\" content=\"2018-07-16T15:08:16+00:00\" \/>\n<meta property=\"article:modified_time\" content=\"2019-07-01T16:19:01+00:00\" \/>\n<meta property=\"og:image\" content=\"https:\/\/www.dansometre.ch\/wp-content\/uploads\/PleaseYes_PhotoCelineMichel_03_web.jpg\" \/>\n\t<meta property=\"og:image:width\" content=\"1047\" \/>\n\t<meta property=\"og:image:height\" content=\"1036\" \/>\n\t<meta property=\"og:image:type\" content=\"image\/jpeg\" \/>\n<meta name=\"author\" content=\"jasmine\" \/>\n<meta name=\"twitter:card\" content=\"summary_large_image\" \/>\n<meta name=\"twitter:label1\" content=\"Written by\" \/>\n\t<meta name=\"twitter:data1\" content=\"jasmine\" \/>\n\t<meta name=\"twitter:label2\" content=\"Est. reading time\" \/>\n\t<meta name=\"twitter:data2\" content=\"1 minute\" \/>\n<script type=\"application\/ld+json\" class=\"yoast-schema-graph\">{\"@context\":\"https:\\\/\\\/schema.org\",\"@graph\":[{\"@type\":\"Article\",\"@id\":\"https:\\\/\\\/www.dansometre.ch\\\/en\\\/archives\\\/archives-activites\\\/please-yes-evenement1\\\/#article\",\"isPartOf\":{\"@id\":\"https:\\\/\\\/www.dansometre.ch\\\/en\\\/archives\\\/archives-activites\\\/please-yes-evenement1\\\/\"},\"author\":{\"name\":\"jasmine\",\"@id\":\"https:\\\/\\\/www.dansometre.ch\\\/en\\\/#\\\/schema\\\/person\\\/e4a492ad0b0cb31374af62cb03e5a050\"},\"headline\":\"Please Yes &#8211; Ev\u00e9nement#1\",\"datePublished\":\"2018-07-16T15:08:16+00:00\",\"dateModified\":\"2019-07-01T16:19:01+00:00\",\"mainEntityOfPage\":{\"@id\":\"https:\\\/\\\/www.dansometre.ch\\\/en\\\/archives\\\/archives-activites\\\/please-yes-evenement1\\\/\"},\"wordCount\":166,\"publisher\":{\"@id\":\"https:\\\/\\\/www.dansometre.ch\\\/en\\\/#organization\"},\"image\":{\"@id\":\"https:\\\/\\\/www.dansometre.ch\\\/en\\\/archives\\\/archives-activites\\\/please-yes-evenement1\\\/#primaryimage\"},\"thumbnailUrl\":\"https:\\\/\\\/www.dansometre.ch\\\/wp-content\\\/uploads\\\/PleaseYes_PhotoCelineMichel_03_web.jpg\",\"articleSection\":[\"Archives Activit\u00e9s\"],\"inLanguage\":\"en-US\"},{\"@type\":\"WebPage\",\"@id\":\"https:\\\/\\\/www.dansometre.ch\\\/en\\\/archives\\\/archives-activites\\\/please-yes-evenement1\\\/\",\"url\":\"https:\\\/\\\/www.dansometre.ch\\\/en\\\/archives\\\/archives-activites\\\/please-yes-evenement1\\\/\",\"name\":\"Please Yes - Ev\u00e9nement#1 - DANSOM\u00c8TRE - espace de cr\u00e9ation chor\u00e9graphique - VEVEY\",\"isPartOf\":{\"@id\":\"https:\\\/\\\/www.dansometre.ch\\\/en\\\/#website\"},\"primaryImageOfPage\":{\"@id\":\"https:\\\/\\\/www.dansometre.ch\\\/en\\\/archives\\\/archives-activites\\\/please-yes-evenement1\\\/#primaryimage\"},\"image\":{\"@id\":\"https:\\\/\\\/www.dansometre.ch\\\/en\\\/archives\\\/archives-activites\\\/please-yes-evenement1\\\/#primaryimage\"},\"thumbnailUrl\":\"https:\\\/\\\/www.dansometre.ch\\\/wp-content\\\/uploads\\\/PleaseYes_PhotoCelineMichel_03_web.jpg\",\"datePublished\":\"2018-07-16T15:08:16+00:00\",\"dateModified\":\"2019-07-01T16:19:01+00:00\",\"breadcrumb\":{\"@id\":\"https:\\\/\\\/www.dansometre.ch\\\/en\\\/archives\\\/archives-activites\\\/please-yes-evenement1\\\/#breadcrumb\"},\"inLanguage\":\"en-US\",\"potentialAction\":[{\"@type\":\"ReadAction\",\"target\":[\"https:\\\/\\\/www.dansometre.ch\\\/en\\\/archives\\\/archives-activites\\\/please-yes-evenement1\\\/\"]}]},{\"@type\":\"ImageObject\",\"inLanguage\":\"en-US\",\"@id\":\"https:\\\/\\\/www.dansometre.ch\\\/en\\\/archives\\\/archives-activites\\\/please-yes-evenement1\\\/#primaryimage\",\"url\":\"https:\\\/\\\/www.dansometre.ch\\\/wp-content\\\/uploads\\\/PleaseYes_PhotoCelineMichel_03_web.jpg\",\"contentUrl\":\"https:\\\/\\\/www.dansometre.ch\\\/wp-content\\\/uploads\\\/PleaseYes_PhotoCelineMichel_03_web.jpg\",\"width\":1047,\"height\":1036},{\"@type\":\"BreadcrumbList\",\"@id\":\"https:\\\/\\\/www.dansometre.ch\\\/en\\\/archives\\\/archives-activites\\\/please-yes-evenement1\\\/#breadcrumb\",\"itemListElement\":[{\"@type\":\"ListItem\",\"position\":1,\"name\":\"Accueil\",\"item\":\"https:\\\/\\\/www.dansometre.ch\\\/en\\\/\"},{\"@type\":\"ListItem\",\"position\":2,\"name\":\"Please Yes &#8211; Ev\u00e9nement#1\"}]},{\"@type\":\"WebSite\",\"@id\":\"https:\\\/\\\/www.dansometre.ch\\\/en\\\/#website\",\"url\":\"https:\\\/\\\/www.dansometre.ch\\\/en\\\/\",\"name\":\"DANSOM\u00c8TRE - espace de cr\u00e9ation chor\u00e9graphique - VEVEY\",\"description\":\"\",\"publisher\":{\"@id\":\"https:\\\/\\\/www.dansometre.ch\\\/en\\\/#organization\"},\"potentialAction\":[{\"@type\":\"SearchAction\",\"target\":{\"@type\":\"EntryPoint\",\"urlTemplate\":\"https:\\\/\\\/www.dansometre.ch\\\/en\\\/?s={search_term_string}\"},\"query-input\":{\"@type\":\"PropertyValueSpecification\",\"valueRequired\":true,\"valueName\":\"search_term_string\"}}],\"inLanguage\":\"en-US\"},{\"@type\":\"Organization\",\"@id\":\"https:\\\/\\\/www.dansometre.ch\\\/en\\\/#organization\",\"name\":\"DANSOM\u00c8TRE - espace de cr\u00e9ation chor\u00e9graphique - VEVEY\",\"url\":\"https:\\\/\\\/www.dansometre.ch\\\/en\\\/\",\"logo\":{\"@type\":\"ImageObject\",\"inLanguage\":\"en-US\",\"@id\":\"https:\\\/\\\/www.dansometre.ch\\\/en\\\/#\\\/schema\\\/logo\\\/image\\\/\",\"url\":\"https:\\\/\\\/www.dansometre.ch\\\/wp-content\\\/uploads\\\/favicon.png\",\"contentUrl\":\"https:\\\/\\\/www.dansometre.ch\\\/wp-content\\\/uploads\\\/favicon.png\",\"width\":1200,\"height\":1200,\"caption\":\"DANSOM\u00c8TRE - espace de cr\u00e9ation chor\u00e9graphique - VEVEY\"},\"image\":{\"@id\":\"https:\\\/\\\/www.dansometre.ch\\\/en\\\/#\\\/schema\\\/logo\\\/image\\\/\"}},{\"@type\":\"Person\",\"@id\":\"https:\\\/\\\/www.dansometre.ch\\\/en\\\/#\\\/schema\\\/person\\\/e4a492ad0b0cb31374af62cb03e5a050\",\"name\":\"jasmine\",\"image\":{\"@type\":\"ImageObject\",\"inLanguage\":\"en-US\",\"@id\":\"https:\\\/\\\/secure.gravatar.com\\\/avatar\\\/17af7ce1d97fddf2be9fcb6d28b59eda9f84b49e46ceb695d1455b7c5437fcc4?s=96&d=mm&r=g\",\"url\":\"https:\\\/\\\/secure.gravatar.com\\\/avatar\\\/17af7ce1d97fddf2be9fcb6d28b59eda9f84b49e46ceb695d1455b7c5437fcc4?s=96&d=mm&r=g\",\"contentUrl\":\"https:\\\/\\\/secure.gravatar.com\\\/avatar\\\/17af7ce1d97fddf2be9fcb6d28b59eda9f84b49e46ceb695d1455b7c5437fcc4?s=96&d=mm&r=g\",\"caption\":\"jasmine\"},\"url\":\"https:\\\/\\\/www.dansometre.ch\\\/en\\\/author\\\/jasmine\\\/\"}]}<\/script>\n<!-- \/ Yoast SEO plugin. -->","yoast_head_json":{"title":"Please Yes - Ev\u00e9nement#1 - DANSOM\u00c8TRE - espace de cr\u00e9ation chor\u00e9graphique - VEVEY","robots":{"index":"index","follow":"follow","max-snippet":"max-snippet:-1","max-image-preview":"max-image-preview:large","max-video-preview":"max-video-preview:-1"},"canonical":"https:\/\/www.dansometre.ch\/en\/archives\/archives-activites\/please-yes-evenement1\/","og_locale":"en_US","og_type":"article","og_title":"Please Yes - Ev\u00e9nement#1 - DANSOM\u00c8TRE - espace de cr\u00e9ation chor\u00e9graphique - VEVEY","og_description":"Dispositif immersif chor\u00e9graphique 1\u00e8re: 13 septembre 2018 &#8211; 18h Un face \u00e0 face, un dialogue entre une m\u00e8re et sa fille\u00a0: une danse qui oscille entre celle qui soutient et celle qui est soutenu. PLEASE YES immerge le passant dans un vortex construit d\u2019images et de sons qui l\u2019invite au c\u0153ur des pens\u00e9es de ces [&hellip;]","og_url":"https:\/\/www.dansometre.ch\/en\/archives\/archives-activites\/please-yes-evenement1\/","og_site_name":"DANSOM\u00c8TRE - espace de cr\u00e9ation chor\u00e9graphique - VEVEY","article_published_time":"2018-07-16T15:08:16+00:00","article_modified_time":"2019-07-01T16:19:01+00:00","og_image":[{"width":1047,"height":1036,"url":"https:\/\/www.dansometre.ch\/wp-content\/uploads\/PleaseYes_PhotoCelineMichel_03_web.jpg","type":"image\/jpeg"}],"author":"jasmine","twitter_card":"summary_large_image","twitter_misc":{"Written by":"jasmine","Est. reading time":"1 minute"},"schema":{"@context":"https:\/\/schema.org","@graph":[{"@type":"Article","@id":"https:\/\/www.dansometre.ch\/en\/archives\/archives-activites\/please-yes-evenement1\/#article","isPartOf":{"@id":"https:\/\/www.dansometre.ch\/en\/archives\/archives-activites\/please-yes-evenement1\/"},"author":{"name":"jasmine","@id":"https:\/\/www.dansometre.ch\/en\/#\/schema\/person\/e4a492ad0b0cb31374af62cb03e5a050"},"headline":"Please Yes &#8211; Ev\u00e9nement#1","datePublished":"2018-07-16T15:08:16+00:00","dateModified":"2019-07-01T16:19:01+00:00","mainEntityOfPage":{"@id":"https:\/\/www.dansometre.ch\/en\/archives\/archives-activites\/please-yes-evenement1\/"},"wordCount":166,"publisher":{"@id":"https:\/\/www.dansometre.ch\/en\/#organization"},"image":{"@id":"https:\/\/www.dansometre.ch\/en\/archives\/archives-activites\/please-yes-evenement1\/#primaryimage"},"thumbnailUrl":"https:\/\/www.dansometre.ch\/wp-content\/uploads\/PleaseYes_PhotoCelineMichel_03_web.jpg","articleSection":["Archives Activit\u00e9s"],"inLanguage":"en-US"},{"@type":"WebPage","@id":"https:\/\/www.dansometre.ch\/en\/archives\/archives-activites\/please-yes-evenement1\/","url":"https:\/\/www.dansometre.ch\/en\/archives\/archives-activites\/please-yes-evenement1\/","name":"Please Yes - Ev\u00e9nement#1 - DANSOM\u00c8TRE - espace de cr\u00e9ation chor\u00e9graphique - VEVEY","isPartOf":{"@id":"https:\/\/www.dansometre.ch\/en\/#website"},"primaryImageOfPage":{"@id":"https:\/\/www.dansometre.ch\/en\/archives\/archives-activites\/please-yes-evenement1\/#primaryimage"},"image":{"@id":"https:\/\/www.dansometre.ch\/en\/archives\/archives-activites\/please-yes-evenement1\/#primaryimage"},"thumbnailUrl":"https:\/\/www.dansometre.ch\/wp-content\/uploads\/PleaseYes_PhotoCelineMichel_03_web.jpg","datePublished":"2018-07-16T15:08:16+00:00","dateModified":"2019-07-01T16:19:01+00:00","breadcrumb":{"@id":"https:\/\/www.dansometre.ch\/en\/archives\/archives-activites\/please-yes-evenement1\/#breadcrumb"},"inLanguage":"en-US","potentialAction":[{"@type":"ReadAction","target":["https:\/\/www.dansometre.ch\/en\/archives\/archives-activites\/please-yes-evenement1\/"]}]},{"@type":"ImageObject","inLanguage":"en-US","@id":"https:\/\/www.dansometre.ch\/en\/archives\/archives-activites\/please-yes-evenement1\/#primaryimage","url":"https:\/\/www.dansometre.ch\/wp-content\/uploads\/PleaseYes_PhotoCelineMichel_03_web.jpg","contentUrl":"https:\/\/www.dansometre.ch\/wp-content\/uploads\/PleaseYes_PhotoCelineMichel_03_web.jpg","width":1047,"height":1036},{"@type":"BreadcrumbList","@id":"https:\/\/www.dansometre.ch\/en\/archives\/archives-activites\/please-yes-evenement1\/#breadcrumb","itemListElement":[{"@type":"ListItem","position":1,"name":"Accueil","item":"https:\/\/www.dansometre.ch\/en\/"},{"@type":"ListItem","position":2,"name":"Please Yes &#8211; Ev\u00e9nement#1"}]},{"@type":"WebSite","@id":"https:\/\/www.dansometre.ch\/en\/#website","url":"https:\/\/www.dansometre.ch\/en\/","name":"DANSOM\u00c8TRE - espace de cr\u00e9ation chor\u00e9graphique - VEVEY","description":"","publisher":{"@id":"https:\/\/www.dansometre.ch\/en\/#organization"},"potentialAction":[{"@type":"SearchAction","target":{"@type":"EntryPoint","urlTemplate":"https:\/\/www.dansometre.ch\/en\/?s={search_term_string}"},"query-input":{"@type":"PropertyValueSpecification","valueRequired":true,"valueName":"search_term_string"}}],"inLanguage":"en-US"},{"@type":"Organization","@id":"https:\/\/www.dansometre.ch\/en\/#organization","name":"DANSOM\u00c8TRE - espace de cr\u00e9ation chor\u00e9graphique - VEVEY","url":"https:\/\/www.dansometre.ch\/en\/","logo":{"@type":"ImageObject","inLanguage":"en-US","@id":"https:\/\/www.dansometre.ch\/en\/#\/schema\/logo\/image\/","url":"https:\/\/www.dansometre.ch\/wp-content\/uploads\/favicon.png","contentUrl":"https:\/\/www.dansometre.ch\/wp-content\/uploads\/favicon.png","width":1200,"height":1200,"caption":"DANSOM\u00c8TRE - espace de cr\u00e9ation chor\u00e9graphique - VEVEY"},"image":{"@id":"https:\/\/www.dansometre.ch\/en\/#\/schema\/logo\/image\/"}},{"@type":"Person","@id":"https:\/\/www.dansometre.ch\/en\/#\/schema\/person\/e4a492ad0b0cb31374af62cb03e5a050","name":"jasmine","image":{"@type":"ImageObject","inLanguage":"en-US","@id":"https:\/\/secure.gravatar.com\/avatar\/17af7ce1d97fddf2be9fcb6d28b59eda9f84b49e46ceb695d1455b7c5437fcc4?s=96&d=mm&r=g","url":"https:\/\/secure.gravatar.com\/avatar\/17af7ce1d97fddf2be9fcb6d28b59eda9f84b49e46ceb695d1455b7c5437fcc4?s=96&d=mm&r=g","contentUrl":"https:\/\/secure.gravatar.com\/avatar\/17af7ce1d97fddf2be9fcb6d28b59eda9f84b49e46ceb695d1455b7c5437fcc4?s=96&d=mm&r=g","caption":"jasmine"},"url":"https:\/\/www.dansometre.ch\/en\/author\/jasmine\/"}]}},"mfb_rest_fields":["title","yoast_head","yoast_head_json"],"_links":{"self":[{"href":"https:\/\/www.dansometre.ch\/en\/wp-json\/wp\/v2\/posts\/882","targetHints":{"allow":["GET"]}}],"collection":[{"href":"https:\/\/www.dansometre.ch\/en\/wp-json\/wp\/v2\/posts"}],"about":[{"href":"https:\/\/www.dansometre.ch\/en\/wp-json\/wp\/v2\/types\/post"}],"author":[{"embeddable":true,"href":"https:\/\/www.dansometre.ch\/en\/wp-json\/wp\/v2\/users\/2"}],"replies":[{"embeddable":true,"href":"https:\/\/www.dansometre.ch\/en\/wp-json\/wp\/v2\/comments?post=882"}],"version-history":[{"count":4,"href":"https:\/\/www.dansometre.ch\/en\/wp-json\/wp\/v2\/posts\/882\/revisions"}],"predecessor-version":[{"id":886,"href":"https:\/\/www.dansometre.ch\/en\/wp-json\/wp\/v2\/posts\/882\/revisions\/886"}],"wp:featuredmedia":[{"embeddable":true,"href":"https:\/\/www.dansometre.ch\/en\/wp-json\/wp\/v2\/media\/834"}],"wp:attachment":[{"href":"https:\/\/www.dansometre.ch\/en\/wp-json\/wp\/v2\/media?parent=882"}],"wp:term":[{"taxonomy":"category","embeddable":true,"href":"https:\/\/www.dansometre.ch\/en\/wp-json\/wp\/v2\/categories?post=882"},{"taxonomy":"post_tag","embeddable":true,"href":"https:\/\/www.dansometre.ch\/en\/wp-json\/wp\/v2\/tags?post=882"}],"curies":[{"name":"wp","href":"https:\/\/api.w.org\/{rel}","templated":true}]}}